{"id":434,"date":"2024-06-26T17:16:44","date_gmt":"2024-06-26T16:16:44","guid":{"rendered":"https:\/\/bs.xl.pt\/20-anos-beleza-real\/?p=434"},"modified":"2024-06-27T17:31:26","modified_gmt":"2024-06-27T16:31:26","slug":"como-esta-a-autoestima-das-mulheres-portuguesas","status":"publish","type":"post","link":"https:\/\/bs.xl.pt\/20-anos-beleza-real\/conteudos\/como-esta-a-autoestima-das-mulheres-portuguesas\/","title":{"rendered":"Como est\u00e1 a autoestima das mulheres portuguesas?"},"content":{"rendered":"\n<p>Cerca de 20% das mulheres portuguesas abdicariam de um ano de vida para atingir o seu ideal de beleza. Estes s\u00e3o os dados mais recentes encomendados pela Dove para compreender o papel da imagem na atualidade e o impacto da autoestima nas mulheres e raparigas de hoje. No 20.\u00ba anivers\u00e1rio da famosa Campanha pela Beleza Real, a marca que j\u00e1 conquistou a lealdade dos portugueses continua a desafiar a forma como as mulheres s\u00e3o representadas nos meios de comunica\u00e7\u00e3o social, lutando contra padr\u00f5es irrealistas de beleza e ajudando a construir a confian\u00e7a e a autoestima em milh\u00f5es de jovens portugueses.<\/p>\n\n\n\n<p>Embora os ideais de beleza e de imagem corporal se tenham diversificado ao longo dos anos, seis em cada dez mulheres t\u00eam baixa autoestima. Os n\u00fameros n\u00e3o mentem e indicam que apenas 38% das mulheres est\u00e3o satisfeitas com a sua apar\u00eancia. A press\u00e3o para atingir a \u201cperfei\u00e7\u00e3o\u201d \u00e9 t\u00e3o intensa que duas em cada 10 raparigas at\u00e9 aos 18 anos estariam dispostas a sacrificar at\u00e9 cinco anos de vida para alcan\u00e7ar o corpo ou apar\u00eancia ideal. Por consequ\u00eancia, a insatisfa\u00e7\u00e3o com a apar\u00eancia tem levado a comportamentos alimentares negativos.<\/p>\n\n\n<div data-uk-grid class=\"featured-box uk-card uk-grid-collapse uk-margin\"><div class=\"uk-width-1-1\"><div class=\"uk-card-body\"><\/p>\n<ul>\n<li>52% das mulheres j\u00e1 saltaram refei\u00e7\u00f5es<\/li>\n<li>36% das mulheres deixaram de comer mesmo quando tinham fome<\/li>\n<li>39% das mulheres abdicaram de fazer publica\u00e7\u00f5es nas redes sociais por n\u00e3o se sentirem confort\u00e1veis na sua pele<\/li>\n<\/ul>\n<p><\/div><\/div><\/div>\n\n\n\n<p>Entre as camadas mais jovens, 60% evitam vestir o que realmente querem por n\u00e3o se sentirem bem com o pr\u00f3prio corpo, e 33% das raparigas inibem-se de responder a perguntas na sala de aula, mesmo sabendo a resposta, por falta de confian\u00e7a. Para quebrar este c\u00edrculo vicioso, \u00e9 importante impulsionar o amor-pr\u00f3prio em todas as gera\u00e7\u00f5es de mulheres e raparigas. \u00c9 urgente transformar a beleza numa fonte de confian\u00e7a e n\u00e3o de ansiedade, promovendo a discuss\u00e3o sobre temas que afetam a autoestima das portuguesas.<\/p>\n\n\n\n<h2 class=\"wp-block-heading\">Promover a autoestima em todas as idades<\/h2>\n\n\n\n<p>Por essa mesma raz\u00e3o, nasceu o Dove Projeto pela Autoestima. Este projeto foi implementado, pela primeira vez, em Portugal, em 2019, e dirige-se \u00e0s camadas mais jovens atrav\u00e9s de um programa feito em parceria com um trio de psic\u00f3logas da Faculdade de Psicologia do Porto e a EPIS (Empres\u00e1rios pela Inclus\u00e3o Social), e que \u00e9 dado por professores na disciplina de cidadania de turmas do 2.\u00ba e 3.\u00ba ciclos. &#8220;Em Portugal, j\u00e1 cheg\u00e1mos a 64.500 alunos nas mais de 400 escolas inclu\u00eddas no programa, e mais 100.000 jovens, pais e educadores atrav\u00e9s dos recursos que est\u00e3o dispon\u00edveis <em>online<\/em>\u201d, afirma Maria Matos, respons\u00e1vel da Dove em Portugal.<\/p>\n\n\n\n<p>No mesmo ano, a Dove ainda lan\u00e7ou o estudo <em>Girls Beauty &amp; Confidence Report<\/em> (que disse que sete em cada 10 raparigas portuguesas n\u00e3o t\u00eam uma autoestima elevada), e, em 2021, a marca divulgou os resultados do <em>Detoxify Beauty<\/em> (que mostrou que duas em cada tr\u00eas raparigas tentam editar pelo menos um aspeto do seu corpo antes de publicarem uma fotografia). Um ano mais tarde, a Dove voltou a ser pioneira na realiza\u00e7\u00e3o de um estudo sobre <em>body shaming<\/em> em Portugal, concluindo que duas em cada tr\u00eas mulheres s\u00e3o v\u00edtimas de coment\u00e1rios negativos \u00e0 sua apar\u00eancia f\u00edsica. J\u00e1 em 2023, esta focou-se em entender como \u00e9 que as mulheres portuguesas a partir dos 40 anos experienciam o envelhecimento.<\/p>\n\n\n<div data-uk-grid class=\"featured-box uk-card uk-grid-collapse uk-margin\"><div class=\"uk-width-1-1\"><div class=\"uk-card-body\"><h3 class=\"uk-card-title\">O que influencia a autoestima das mulheres?<\/h3><\/p>\n<ul class=\"uk-list uk-list-divider\">\n<li>&bull; At\u00e9 aos 18 anos, um em cada dois jovens d\u00e1 sobretudo import\u00e2ncia \u00e0 beleza e \u00e0 felicidade na constru\u00e7\u00e3o da autoestima<\/li>\n<li>&bull; A partir dos 40 anos, o equil\u00edbrio emocional \u00e9 o fator mais importante na autoestima para quase tr\u00eas em cada quatro das mulheres<\/li>\n<\/ul>\n<p><\/div><\/div><\/div>\n\n\n\n<p>\u201cQueremos que as mulheres se vejam na sua plenitude e aceita\u00e7\u00e3o, na beleza que \u00e9 ser mulher, na sua autenticidade e unicidade, sem refer\u00eancias de imagens corporais distorcidas e irrealistas. Esse \u00e9 o principal desafio, seja qual for a idade de quem nos v\u00ea\u201d, acrescenta a representante da marca em entrevista. \u201cTemos, por isso, sempre muito presente, temas reais que afetam as mulheres de v\u00e1rias idades independentemente da sua classe social e tentamos que esse seja o motor que nos impulsiona a ir ao seu encontro, mostrando-lhes que n\u00e3o est\u00e3o sozinhas e que nos preocupamos\u201d, acrescenta Maria Matos.<\/p>\n\n\n\n<h2 class=\"wp-block-heading\">O papel da imagem na atualidade<\/h2>\n\n\n\n<p>Em 2024, um novo relat\u00f3rio sobre o <a href=\"https:\/\/www.dove.com\/pt\/stories\/campaigns\/global-state-of-beauty.html\" target=\"_blank\" rel=\"noreferrer noopener\">estado real da beleza<\/a> lan\u00e7ado pela Dove real\u00e7ou o papel da imagem nos dias de hoje. Atualmente, 61% das inquiridas acreditam que as mulheres que s\u00e3o bonitas t\u00eam melhores oportunidades na vida \u2014 enquanto, em 2004, apenas 46% tinham essa opini\u00e3o. &#8220;Porque \u00e9 que vivemos numa sociedade em que o valor de uma mulher \u00e9 determinado principalmente pela sua apar\u00eancia e por ideais de beleza n\u00e3o inclusivos e preconceituosos?\u201d, questiona Phillippa Diedrichs, psic\u00f3loga do Centro de Pesquisa de Apar\u00eancia e Imagem Corporal, da Universidade de West England, no estudo.<\/p>\n\n\n<div data-uk-grid class=\"featured-box uk-card uk-grid-collapse uk-margin\"><div class=\"uk-width-1-1\"><div class=\"uk-card-body\"><h3 class=\"uk-card-title\">Sabia que...<\/h3>As mulheres est\u00e3o duas vezes mais suscet\u00edveis a sacrificar a intelig\u00eancia pela beleza, em compara\u00e7\u00e3o a 2004?<\/div><\/div><\/div>\n\n\n\n<p>Uma vez que as mulheres e raparigas vivem numa sociedade que sobrevaloriza a apar\u00eancia f\u00edsica em detrimento de qualidades como a intelig\u00eancia, o sucesso profissional, as capacidades de lideran\u00e7a, a bondade e a honestidade, n\u00e3o \u00e9 de estranhar que muitas estejam dispostas a sacrificar estas qualidades para alcan\u00e7ar o \u201cprivil\u00e9gio da beleza\u201d. Independentemente da idade, todas as mulheres devem ter a confian\u00e7a necess\u00e1ria para se sentirem bonitas. \u00c9 importante que as mulheres e raparigas de todo o mundo tenham a capacidade de questionar os padr\u00f5es de beleza da sociedade para definir a beleza nos seus pr\u00f3prios termos.<\/p>\n\n\n\n<p>Embora a rela\u00e7\u00e3o entre beleza e autoestima n\u00e3o seja linear, a confian\u00e7a na pr\u00f3pria apar\u00eancia \u00e9 fundamental. O segredo para as mulheres portuguesas terem uma autoestima mais saud\u00e1vel reside na aceita\u00e7\u00e3o do pr\u00f3prio corpo. Convidamos todas as mulheres e raparigas a exibir a sua luz real, aut\u00eantica e confiante j\u00e1 no pr\u00f3ximo fim de semana de 29 e 30 de junho, no Jardim da Estrela, em Lisboa, das 10h \u00e0s 18h. Junte-se ao <a href=\"https:\/\/20anosdebelezareal.sabado.pt\" target=\"_blank\" rel=\"noreferrer noopener\">evento gratuito<\/a> <strong>20 Anos de Beleza Real<\/strong> para celebrar a sua verdadeira imagem, assumindo com respeito e amor-pr\u00f3prio todas as formas, tamanhos, idades e express\u00f5es \u00fanicas.<\/p>\n","protected":false},"excerpt":{"rendered":"<p>As portuguesas mostram-se pouco satisfeitas com a sua apar\u00eancia e, por isso, convidamos todas as mulheres a celebrarem a sua beleza real j\u00e1 nos dias 29 e 30 de junho, no Jardim da Estrela, das 10h \u00e0s 18h.<\/p>\n","protected":false},"author":77,"featured_media":440,"comment_status":"closed","ping_status":"closed","sticky":false,"template":"","format":"standard","meta":{"footnotes":""},"categories":[20],"tags":[],"class_list":["post-434","post","type-post","status-publish","format-standard","has-post-thumbnail","hentry","category-conteudos"],"_links":{"self":[{"href":"https:\/\/bs.xl.pt\/20-anos-beleza-real\/wp-json\/wp\/v2\/posts\/434","targetHints":{"allow":["GET"]}}],"collection":[{"href":"https:\/\/bs.xl.pt\/20-anos-beleza-real\/wp-json\/wp\/v2\/posts"}],"about":[{"href":"https:\/\/bs.xl.pt\/20-anos-beleza-real\/wp-json\/wp\/v2\/types\/post"}],"author":[{"embeddable":true,"href":"https:\/\/bs.xl.pt\/20-anos-beleza-real\/wp-json\/wp\/v2\/users\/77"}],"replies":[{"embeddable":true,"href":"https:\/\/bs.xl.pt\/20-anos-beleza-real\/wp-json\/wp\/v2\/comments?post=434"}],"version-history":[{"count":7,"href":"https:\/\/bs.xl.pt\/20-anos-beleza-real\/wp-json\/wp\/v2\/posts\/434\/revisions"}],"predecessor-version":[{"id":503,"href":"https:\/\/bs.xl.pt\/20-anos-beleza-real\/wp-json\/wp\/v2\/posts\/434\/revisions\/503"}],"wp:featuredmedia":[{"embeddable":true,"href":"https:\/\/bs.xl.pt\/20-anos-beleza-real\/wp-json\/wp\/v2\/media\/440"}],"wp:attachment":[{"href":"https:\/\/bs.xl.pt\/20-anos-beleza-real\/wp-json\/wp\/v2\/media?parent=434"}],"wp:term":[{"taxonomy":"category","embeddable":true,"href":"https:\/\/bs.xl.pt\/20-anos-beleza-real\/wp-json\/wp\/v2\/categories?post=434"},{"taxonomy":"post_tag","embeddable":true,"href":"https:\/\/bs.xl.pt\/20-anos-beleza-real\/wp-json\/wp\/v2\/tags?post=434"}],"curies":[{"name":"wp","href":"https:\/\/api.w.org\/{rel}","templated":true}]}}