{"id":695,"date":"2024-07-23T17:26:07","date_gmt":"2024-07-23T16:26:07","guid":{"rendered":"https:\/\/bs.xl.pt\/20-anos-beleza-real\/?p=695"},"modified":"2024-09-10T14:42:19","modified_gmt":"2024-09-10T13:42:19","slug":"seis-em-cada-dez-mulheres-tem-baixa-autoestima","status":"publish","type":"post","link":"https:\/\/bs.xl.pt\/20-anos-beleza-real\/cobertura\/seis-em-cada-dez-mulheres-tem-baixa-autoestima\/","title":{"rendered":"Seis em cada dez mulheres t\u00eam baixa autoestima"},"content":{"rendered":"\n<p>Nos dias 29 e 30 de junho, a Dove celebrou os \u201c20 anos de Beleza Real\u201d com <em>talks<\/em> inspiradoras no Jardim da Estrela, em Lisboa. A primeira conversa, sob o tema \u201cEvolu\u00e7\u00e3o da beleza: da gera\u00e7\u00e3o Kate Moss \u00e0 gera\u00e7\u00e3o Billie Eilish\u201d, explorou a transforma\u00e7\u00e3o dos padr\u00f5es de beleza ao longo das d\u00e9cadas. O painel aclamado de especialistas incluiu Patr\u00edcia Barnab\u00e9, jornalista, Ana Borges, ex-modelo e fundadora da Elite Portugal, Maria Seruya, artista, e Teresa Burnay, em representa\u00e7\u00e3o da Dove. J\u00e1 a atriz e psic\u00f3loga Carla Andrino assumiu o papel de moderadora.<\/p>\n\n\n\n<figure class=\"wp-block-image size-large\"><img loading=\"lazy\" decoding=\"async\" width=\"1024\" height=\"725\" src=\"\/\/cdn.xl.pt\/bs\/uploads\/sites\/185\/2024\/07\/240629fp196-copy-1024x725.jpg\" alt=\"\" class=\"wp-image-593\" srcset=\"\/\/cdn.xl.pt\/bs\/uploads\/sites\/185\/2024\/07\/240629fp196-copy-1024x725.jpg 1024w, \/\/cdn.xl.pt\/bs\/uploads\/sites\/185\/2024\/07\/240629fp196-copy-300x212.jpg 300w, \/\/cdn.xl.pt\/bs\/uploads\/sites\/185\/2024\/07\/240629fp196-copy-768x544.jpg 768w, \/\/cdn.xl.pt\/bs\/uploads\/sites\/185\/2024\/07\/240629fp196-copy-1536x1088.jpg 1536w, \/\/cdn.xl.pt\/bs\/uploads\/sites\/185\/2024\/07\/240629fp196-copy.jpg 2048w\" sizes=\"auto, (max-width: 1024px) 100vw, 1024px\" \/><figcaption class=\"wp-element-caption\"><em>Talk<\/em> Evolu\u00e7\u00e3o da beleza: da gera\u00e7\u00e3o Kate Moss \u00e0 gera\u00e7\u00e3o Billie Eilish<\/figcaption><\/figure>\n\n\n\n<p>A conversa come\u00e7ou com uma an\u00e1lise da evolu\u00e7\u00e3o da beleza, desde a era da supermodelo Kate Moss at\u00e9 \u00e0 era contempor\u00e2nea representada pela cantora Billie Eilish. Kate Moss, com a sua est\u00e9tica de <em>heroin chic<\/em> nos anos 1990, definiu uma era de beleza caracterizada por magreza extrema e tra\u00e7os delicados. Em contraste, Billie Eilish representa uma nova gera\u00e7\u00e3o que desafia esses padr\u00f5es, promovendo a aceita\u00e7\u00e3o do corpo e a autenticidade pessoal. Mas, embora os ideais de beleza e de imagem corporal se tenham diversificado ao longo dos anos, seis em cada dez mulheres ainda t\u00eam baixa autoestima.<\/p>\n\n\n\n<h2 class=\"wp-block-heading\">A import\u00e2ncia da autoestima das mulheres<\/h2>\n\n\n\n<p>Teresa Burnay apresentou dados preocupantes de recentes estudos da Dove, revelando que \u201c20% dos jovens dariam at\u00e9 cinco anos das suas vidas para alcan\u00e7ar a imagem ideal, e seis em cada dez raparigas deixam de vestir aquilo que realmente querem por n\u00e3o se sentirem bem com o seu corpo\u201d. E h\u00e1 mesmo uma em cada tr\u00eas que se inibe de responder a uma pergunta na sala de aula, mesmo sabendo a resposta, por n\u00e3o se sentir confiante. Estes n\u00fameros sublinham a necessidade cont\u00ednua de iniciativas que promovam a autoestima e a autoconfian\u00e7a entre os jovens.<\/p>\n\n\n<div class=\"uk-margin-medium\"><iframe width=\"1280\" height=\"720\" src=\"\/\/www.youtube.com\/embed\/SSpaowBlLGg?showinfo=0\" frameborder=\"0\" allowfullscreen data-uk-responsive loading=\"lazy\"><\/iframe><\/div>\n\n\n\n<p>\u201cO que os estudos nos dizem \u00e9 que h\u00e1 muito trabalho a fazer\u201d, refletiu Teresa Burnay em representa\u00e7\u00e3o da Dove. \u201cJ\u00e1 passaram 20 anos desde a campanha para a Beleza Real da Dove, mas estamos decididos e comprometidos em continuar a miss\u00e3o de redefinir o significado de beleza. Queremos que as nossas campanhas reflitam a verdadeira diversidade de mulheres e que todas se sintam representadas\u201d, completou a representante durante a <em>talk<\/em>.<\/p>\n\n\n\n<p>Para que as novas gera\u00e7\u00f5es desenvolvam uma rela\u00e7\u00e3o mais positiva com a sua apar\u00eancia, a Dove tem implementado o <a href=\"https:\/\/www.dove.com\/pt\/dove-self-esteem-project.html\" target=\"_blank\" rel=\"noreferrer noopener\"><mark style=\"background-color:#ffffff\" class=\"has-inline-color has-vivid-cyan-blue-color\">Projeto pela Autoestima em Portugal<\/mark><\/a>, impactando positivamente milhares de jovens. \u201cTamb\u00e9m fomos a primeira marca a lan\u00e7ar produtos para peles maduras com o nome Pro-Age em vez de Anti-Age \u2014 que agora muitas outras marcas j\u00e1 utilizam. E abolimos a palavra \u201cnormal\u201d de todo o nosso <em>packaging<\/em>. Paulatinamente, temos conseguido mudar mentalidades, mas h\u00e1 muito mais para fazer ainda\u201d, concluiu Teresa Burnay.<\/p>\n\n\n\n<h2 class=\"wp-block-heading\">A transforma\u00e7\u00e3o dos padr\u00f5es de beleza<\/h2>\n\n\n\n<p>\u201cAs campanhas de beleza real da Dove t\u00eam sido um marco na promo\u00e7\u00e3o de uma imagem verdadeira e acess\u00edvel das mulheres, mas os <em>media<\/em> tamb\u00e9m t\u00eam uma responsabilidade enorme em moldar a perce\u00e7\u00e3o de beleza e devem fazer isso de forma inclusiva e diversificada\u201d, confirmou a jornalista de moda Patr\u00edcia Barnab\u00e9. Depois de chefiar a reda\u00e7\u00e3o da Vogue Portugal, Patr\u00edcia colabora atualmente com a M\u00e1xima e defendeu que estas revistas \u201ct\u00eam tido um papel fundamental em promover a diversidade e desafiar os padr\u00f5es tradicionais de beleza\u201d. Nas palavras de Patr\u00edcia Barnab\u00e9, \u201cas revistas de moda t\u00eam evolu\u00eddo para se tornar mais inclusivas, refletindo uma maior diversidade de corpos e etnias\u201d.<\/p>\n\n\n\n<p>A ex-modelo Ana Borges foi a primeira a ressaltar a press\u00e3o que as modelos enfrentavam nos anos 1990 para se manterem extremamente magras, muitas vezes \u00e0 custa da sa\u00fade mental e f\u00edsica. \u201cEra uma \u00e9poca na qual a magreza era glorificada, e muitas jovens sofreram para se tentar encaixar nesse padr\u00e3o\u201d, comentou a fundadora da ag\u00eancia Elite Portugal. \u201cFelizmente, hoje em dia, cada vez mais as mulheres reais vendem capas de revistas. Na minha altura, uma mulher africana n\u00e3o podia estar numa capa de revista. Houve uma evolu\u00e7\u00e3o incr\u00edvel. A primeira vez que vi uma capa com uma mulher negra, at\u00e9 fiquei comovida. Tocou-me, tal como ainda me toca ver hoje uma capa com uma mulher com mais de 60 anos\u201d, confessou Ana Borges.<\/p>\n\n\n<\/div><\/section><section class=\"slideshow uk-section\"><div class=\"uk-container\"><div class=\"uk-position-relative uk-visible-toggle uk-light\" tabindex=\"-1\" data-uk-slideshow>\n<ul class=\"uk-slideshow-items\">\n<li>\n<img decoding=\"async\" id=\"710\" src=\"https:\/\/cdn.xl.pt\/bs\/uploads\/sites\/185\/2024\/07\/240629fp88-copy-1600x900.jpg\" alt=\"\" data-uk-cover \/>\n<\/li>\n<li>\n<img decoding=\"async\" id=\"728\" src=\"https:\/\/cdn.xl.pt\/bs\/uploads\/sites\/185\/2024\/07\/240629fp84-copy-1600x900.jpg\" alt=\"\" data-uk-cover \/>\n<\/li>\n<li>\n<img decoding=\"async\" id=\"731\" src=\"https:\/\/cdn.xl.pt\/bs\/uploads\/sites\/185\/2024\/07\/240629fp85-copy-1600x900.jpg\" alt=\"\" data-uk-cover \/>\n<\/li>\n<li>\n<img decoding=\"async\" id=\"725\" src=\"https:\/\/cdn.xl.pt\/bs\/uploads\/sites\/185\/2024\/07\/240629fp76-copy-1600x900.jpg\" alt=\"Carla Andrino, atriz e psic\u00f3loga\" data-uk-cover \/>\n<div class=\"caption uk-position-bottom-right\"><p class=\"uk-text-small uk-margin-remove\">Carla Andrino, atriz e psic\u00f3loga<\/p><\/div><\/li>\n<li>\n<img decoding=\"async\" id=\"716\" src=\"https:\/\/cdn.xl.pt\/bs\/uploads\/sites\/185\/2024\/07\/240629fp58-copy-1600x900.jpg\" alt=\"Teresa Burnay, representante da Dove\" data-uk-cover \/>\n<div class=\"caption uk-position-bottom-right\"><p class=\"uk-text-small uk-margin-remove\">Teresa Burnay, representante da Dove<\/p><\/div><\/li>\n<li>\n<img decoding=\"async\" id=\"713\" src=\"https:\/\/cdn.xl.pt\/bs\/uploads\/sites\/185\/2024\/07\/240629fp36-copy-1600x900.jpg\" alt=\"Ana Borges, ex-modelo e fundadora da Elite Portugal\" data-uk-cover \/>\n<div class=\"caption uk-position-bottom-right\"><p class=\"uk-text-small uk-margin-remove\">Ana Borges, ex-modelo e fundadora da Elite Portugal<\/p><\/div><\/li>\n<li>\n<img decoding=\"async\" id=\"719\" src=\"https:\/\/cdn.xl.pt\/bs\/uploads\/sites\/185\/2024\/07\/240629fp65-copy-1600x900.jpg\" alt=\"Patr\u00edcia Barnab\u00e9, jornalista\" data-uk-cover \/>\n<div class=\"caption uk-position-bottom-right\"><p class=\"uk-text-small uk-margin-remove\">Patr\u00edcia Barnab\u00e9, jornalista<\/p><\/div><\/li>\n<li>\n<img decoding=\"async\" id=\"722\" src=\"https:\/\/cdn.xl.pt\/bs\/uploads\/sites\/185\/2024\/07\/240629fp71-copy-1600x900.jpg\" alt=\"Maria Seruya, artista\" data-uk-cover \/>\n<div class=\"caption uk-position-bottom-right\"><p class=\"uk-text-small uk-margin-remove\">Maria Seruya, artista<\/p><\/div><\/li>\n<li>\n<img decoding=\"async\" id=\"701\" src=\"https:\/\/cdn.xl.pt\/bs\/uploads\/sites\/185\/2024\/07\/240629fp6-copy-1-1600x900.jpg\" alt=\"Teresa Burnay, na abertura do evento\" data-uk-cover \/>\n<div class=\"caption uk-position-bottom-right\"><p class=\"uk-text-small uk-margin-remove\">Teresa Burnay, na abertura do evento<\/p><\/div><\/li>\n<\/ul>\n<a class=\"slidenav-previous uk-position-small\" href=\"#\" uk-slidenav-previous uk-slideshow-item=\"previous\"><\/a>\n<a class=\"slidenav-next uk-position-small\" href=\"#\" uk-slidenav-next uk-slideshow-item=\"next\"><\/a>\n<ul class=\"uk-slideshow-nav uk-dotnav uk-flex-center uk-margin\"><\/ul><\/div>\n<\/div><\/section><section class=\"article-content uk-section\"><div class=\"uk-container uk-container-small\">\n\n\n\n<h2 class=\"wp-block-heading\">Promover a confian\u00e7a em todas as idades<\/h2>\n\n\n\n<p>\u201cCelebrar a beleza em todas as idades \u00e9 fundamental para promover uma vis\u00e3o inclusiva da beleza\u201d, concordou Maria Seruya. Sendo uma artista motivacional dedicada ao tema do envelhecimento e fundadora do projeto Velhas Bonitonas, Maria tem motivado in\u00fameras mulheres a encarar o seu futuro com mais confian\u00e7a, e a&nbsp;aprenderem&nbsp;a fazer&nbsp;do seu processo de envelhecimento uma arte. \u201cDestaco a frase de Eleanor Roosevelt que diz que \u2018jovens bonitos s\u00e3o acidentes da natureza, velhos bonitos s\u00e3o obras de arte\u2019 para relembrar que a beleza \u00e9 uma responsabilidade nossa\u201d, destacou a artista. \u201cA nossa cultura, o conhecimento, a intelig\u00eancia, as rugas, o sorriso e a forma como nos movimentamos s\u00e3o a verdadeira express\u00e3o da nossa beleza\u201d, disse Maria, motivando a animada audi\u00eancia a valorizar todas as fases da vida.<\/p>\n\n\n\n<p>\u201cA beleza vem do interior e o resto \u00e9 s\u00f3 um complemento\u201d, confirmou uma ex-colaboradora da Unilever, durante a sess\u00e3o de perguntas e respostas. Ao seu lado, outra colega tamb\u00e9m partilhou uma reflex\u00e3o sobre a Beleza Real: \u201cCom o passar dos anos, vamos aprendendo a aproveitar cada minuto da vida e a desfrutar do nosso tempo, porque a felicidade \u00e9 que nos traz beleza\u201d, afirmou. Ambas as ex-colaboradoras participaram na campanha pela Beleza Real da Dove h\u00e1 17 anos e ainda olham para as suas fotografias com confian\u00e7a na sua pr\u00f3pria pele. A conversa terminou com uma reflex\u00e3o sobre o impacto da conversa na audi\u00eancia, resultando em palavras \u00fanicas como \u201cautenticidade\u201d, \u201cautoconfian\u00e7a\u201d e \u201cautoestima\u201d, que resumem t\u00e3o bem a ess\u00eancia dos \u201c20 anos de Beleza Real\u201d da Dove.<\/p>\n","protected":false},"excerpt":{"rendered":"<p>A evolu\u00e7\u00e3o da beleza e autoestima das mulheres esteve em discuss\u00e3o no Jardim da Estrela, em Lisboa, nos dias 29 e 30 de junho no evento dos \u201c20 anos de Beleza Real\u201d da Dove com convidadas especiais e modera\u00e7\u00e3o da atriz Carla Andrino<\/p>\n","protected":false},"author":77,"featured_media":707,"comment_status":"closed","ping_status":"closed","sticky":false,"template":"","format":"standard","meta":{"footnotes":""},"categories":[35],"tags":[],"class_list":["post-695","post","type-post","status-publish","format-standard","has-post-thumbnail","hentry","category-cobertura"],"_links":{"self":[{"href":"https:\/\/bs.xl.pt\/20-anos-beleza-real\/wp-json\/wp\/v2\/posts\/695","targetHints":{"allow":["GET"]}}],"collection":[{"href":"https:\/\/bs.xl.pt\/20-anos-beleza-real\/wp-json\/wp\/v2\/posts"}],"about":[{"href":"https:\/\/bs.xl.pt\/20-anos-beleza-real\/wp-json\/wp\/v2\/types\/post"}],"author":[{"embeddable":true,"href":"https:\/\/bs.xl.pt\/20-anos-beleza-real\/wp-json\/wp\/v2\/users\/77"}],"replies":[{"embeddable":true,"href":"https:\/\/bs.xl.pt\/20-anos-beleza-real\/wp-json\/wp\/v2\/comments?post=695"}],"version-history":[{"count":6,"href":"https:\/\/bs.xl.pt\/20-anos-beleza-real\/wp-json\/wp\/v2\/posts\/695\/revisions"}],"predecessor-version":[{"id":1021,"href":"https:\/\/bs.xl.pt\/20-anos-beleza-real\/wp-json\/wp\/v2\/posts\/695\/revisions\/1021"}],"wp:featuredmedia":[{"embeddable":true,"href":"https:\/\/bs.xl.pt\/20-anos-beleza-real\/wp-json\/wp\/v2\/media\/707"}],"wp:attachment":[{"href":"https:\/\/bs.xl.pt\/20-anos-beleza-real\/wp-json\/wp\/v2\/media?parent=695"}],"wp:term":[{"taxonomy":"category","embeddable":true,"href":"https:\/\/bs.xl.pt\/20-anos-beleza-real\/wp-json\/wp\/v2\/categories?post=695"},{"taxonomy":"post_tag","embeddable":true,"href":"https:\/\/bs.xl.pt\/20-anos-beleza-real\/wp-json\/wp\/v2\/tags?post=695"}],"curies":[{"name":"wp","href":"https:\/\/api.w.org\/{rel}","templated":true}]}}