{"id":193,"date":"2023-04-03T09:26:05","date_gmt":"2023-04-03T09:26:05","guid":{"rendered":"https:\/\/bs.xl.pt\/a-energia-que-muda-o-mundo\/?p=193"},"modified":"2023-04-04T10:48:01","modified_gmt":"2023-04-04T10:48:01","slug":"futuro-ativo-sines-promove-transicao-mais-justa-e-sustentavel","status":"publish","type":"post","link":"https:\/\/bs.xl.pt\/a-energia-que-muda-o-mundo\/competencias\/futuro-ativo-sines-promove-transicao-mais-justa-e-sustentavel\/","title":{"rendered":"Futuro Ativo Sines promove transi\u00e7\u00e3o mais justa e sustent\u00e1vel"},"content":{"rendered":"\n<p>O que tem uma designer de moda a ver com transi\u00e7\u00e3o energ\u00e9tica? Perguntem a Ana Catarina Rocha, que lan\u00e7ou, em Sines, a marca de roupa Slow Vanity e fica mais claro. Quando o grupo EDP encerrou a sua central de carv\u00e3o nesta zona do litoral alentejano, no in\u00edcio de 2021, dando um passo decisivo na descarboniza\u00e7\u00e3o e no futuro mais verde do pa\u00eds, j\u00e1 estava em a\u00e7\u00e3o h\u00e1 quase um ano o plano Futuro Ativo Sines. O programa, criado com o objetivo de minimizar o potencial impacto econ\u00f3mico e social causado pelo encerramento da central, definiu v\u00e1rias linhas de interven\u00e7\u00e3o \u2013 e a promo\u00e7\u00e3o de neg\u00f3cios locais e apoio a empreendedores, atrav\u00e9s do programa Nau, foi umas delas. Ana Catarina Rocha candidatou-se, meteu m\u00e3os \u00e0 obra, ultrapassou fronteiras. \u201cSe eu n\u00e3o tivesse este apoio, a Slow Vanity n\u00e3o estaria a correr t\u00e3o bem e n\u00e3o se teria internacionalizado\u201d, reconhece a jovem empres\u00e1ria que lan\u00e7ou um neg\u00f3cio de moda sustent\u00e1vel.<\/p>\n\n\n<\/div><div class=\"uk-container uk-margin-medium\"><iframe width=\"1280\" height=\"720\" src=\"\/\/www.youtube.com\/embed\/rf_XrN6xC6g?showinfo=0\" frameborder=\"0\" allowfullscreen data-uk-responsive loading=\"lazy\"><\/iframe><\/div><div class=\"uk-container uk-container-small\">\n\n\n\n<p>O Futuro Ativo Sines \u00e9 um dos cerca de 500 projetos reunidos sob a marca EDP Y.E.S. \u2013 You Empower Society, programa que re\u00fane toda a \u00e1rea de responsabilidade social da empresa. E \u00e9 tamb\u00e9m um bom exemplo do impacto positivo que a EDP quer ter na sociedade, aqui associado \u00e0 preocupa\u00e7\u00e3o da empresa de proporcionar apoio \u00e0 comunidade sineense, muito ligada \u00e0 central termoel\u00e9trica.<\/p>\n\n\n\n<p>Ainda antes de a produ\u00e7\u00e3o a carv\u00e3o terminar na central, acionaram-se equipas que se reuniram com v\u00e1rias entidades e agentes regionais. Juntos conceberam uma estrat\u00e9gia para implementar novas vias de progresso e assist\u00eancia, pensadas para os trabalhadores e alargadas a toda a rede populacional, numa abordagem de 360 graus. A iniciativa envolve a\u00e7\u00f5es de curto, m\u00e9dio e longo prazo, como a aposta na cria\u00e7\u00e3o de empregos e na implementa\u00e7\u00e3o, ou renova\u00e7\u00e3o, de neg\u00f3cios. Estabelece parcerias com v\u00e1rios agentes, associa\u00e7\u00f5es independentes e entidades p\u00fablicas confiantes no trabalho da EDP, que tem larga experi\u00eancia em opera\u00e7\u00f5es da mesma natureza em todo o mundo.<\/p>\n\n\n\n<p>Para Jorge Mayer, respons\u00e1vel pelo Futuro Ativo Sines, o facto de o programa ter sido constru\u00eddo em conjunto com entidades locais torna-o ainda mais especial: \u201cFoi desenhado com a comunidade e para a comunidade, complementando o que j\u00e1 existia no terreno.\u201d At\u00e9 hoje, formaram-se 40 pessoas que avan\u00e7aram para um total de nove neg\u00f3cios em Sines e em Santiago do Cac\u00e9m, criando 21 postos de trabalho. E j\u00e1 existiam condi\u00e7\u00f5es ideais para o apoio da EDP: a localiza\u00e7\u00e3o, o ambiente tranquilo, o potencial de energias renov\u00e1veis. Tudo mais-valias que tornam Sines uma zona estrat\u00e9gica para Portugal.<\/p>\n\n\n\n<h4 class=\"wp-block-heading\">Realizar e acompanhar<\/h4>\n\n\n\n<p>O caso de Ana Catarina Rocha e da Slow Vanity \u00e9 exemplar. Com 32 anos, apaixonada pelo mar e por uma cidade serena, queria voltar \u00e0 sua terra natal ap\u00f3s anos de carreira no mundo da moda em Lisboa. A ideia para o projeto era muito concreta: \u201cA Slow Vanity \u00e9 o acalmar a vaidade, ter em mente que h\u00e1 outras op\u00e7\u00f5es sem ser a fast fashion, mais sustent\u00e1veis e amigas do planeta\u201d, explica. Acumulara larga experi\u00eancia no campo criativo, mas faltava-lhe maior dom\u00ednio da \u00e1rea de gest\u00e3o e contabilidade, essenciais para o sucesso. Foi aqui que entrou o Nau, o programa promovido pela EDP Produ\u00e7\u00e3o, que tem como parceiro executante o Sines Tecnopolo, no \u00e2mbito do Futuro Ativo Sines.<\/p>\n\n\n<\/div><div class=\"uk-container uk-margin-medium\"><div class=\"uk-inline\"><img decoding=\"async\" src=\"https:\/\/cdn.xl.pt\/bs\/uploads\/sites\/136\/2023\/04\/183--1200x630.jpg\" alt=\"Futuro Ativo Sines promove transi\u00e7\u00e3o mais justa e sustent\u00e1vel | EDP Y.E.S.\" loading=\"lazy\" \/><div class=\"caption uk-position-bottom-right\"><p class=\"uk-text-small uk-margin-remove\">Atrav\u00e9s do programa Nau, Ana Catarina Rocha p\u00f4de lan\u00e7ar a Slow Vanity<\/p><\/div><\/div><\/div><div class=\"uk-container uk-container-small\">\n\n\n<\/div><div class=\"uk-container uk-margin-medium\"><blockquote class=\"uk-margin-medium\"><h3 class=\"uk-margin-top uk-margin-bottom\">O Futuro Ativo Sines foi destacado pelo F\u00f3rum Econ\u00f3mico Mundial como um caso de estudo pelo seu contributo para uma transi\u00e7\u00e3o energ\u00e9tica justa<\/h3><\/blockquote><\/div><div class=\"uk-container uk-container-small\">\n\n\n\n<p>Atrav\u00e9s do Nau, Ana Catarina Rocha recebeu tr\u00eas meses de forma\u00e7\u00e3o sobre temas essenciais para alavancar o projeto, como marketing, internacionaliza\u00e7\u00e3o ou exporta\u00e7\u00e3o: \u201cA EDP entrou numa fase inicial da empresa e houve um salto imenso e melhoria do meu neg\u00f3cio, com a forma\u00e7\u00e3o e mentoria que tenho at\u00e9 hoje\u201d, sublinha.<\/p>\n\n\n\n<p>Hoje a Slow Vanity est\u00e1 impar\u00e1vel. As pe\u00e7as s\u00e3o totalmente confecionadas com sobras de tecidos de f\u00e1bricas, o chamado deadstock. Todo o trabalho \u00e9 manual e realizado por costureiras de diferentes ateli\u00eas no litoral alentejano.<\/p>\n\n\n\n<p>Mas como se chega a esta efic\u00e1cia? A conce\u00e7\u00e3o do Futuro Ativo Sines come\u00e7ou com ci\u00eancia: investigar as potencialidades da regi\u00e3o com dados s\u00f3lidos. A Universidade de \u00c9vora e o Instituto Superior T\u00e9cnico foram parceiros da EDP nesta empreitada: conduziram um estudo sobre poss\u00edveis empregos em Sines a partir de 2021 e detetaram oportunidades de investimento e crescimento econ\u00f3mico naquele territ\u00f3rio.<\/p>\n\n\n\n<p>O trabalho realizou-se ouvindo os habitantes e as entidades locais de forma a identificar o contexto e potenciais cen\u00e1rios futuros. A investiga\u00e7\u00e3o concluiu, por exemplo, que 58% dos prestadores de servi\u00e7o possu\u00edam apenas o n\u00edvel b\u00e1sico de ensino escolar e que estavam numa faixa et\u00e1ria abaixo dos 50 anos de idade \u2013 isto num universo de mais de 14 mil pessoas. O estudo tamb\u00e9m sugeriu iniciativas espec\u00edficas para potencializar empregabilidade a longo prazo e levou \u00e0 abertura do Gabinete Local de Encaminhamento Social. Esta estrutura tem prestado assist\u00eancia gratuita em diversas \u00e1reas, nomeadamente apoio psicossocial, forma\u00e7\u00e3o e empreendedorismo, mas tamb\u00e9m orienta\u00e7\u00e3o na procura de emprego e oportunidades de qualifica\u00e7\u00e3o profissional.<\/p>\n\n\n\n<p>At\u00e9 agora, o GLES recebeu mais de 100 contactos, fez 90 entrevistas presenciais, 15 apoios com fundo social e duas assist\u00eancias em sa\u00fade mental. Tamb\u00e9m h\u00e1 a\u00e7\u00f5es culturais e de lazer, focadas no bem-estar da comunidade. \u201cSentimos que conseguimos dar a melhor resposta a essas pessoas, prestadores de servi\u00e7os e comunidade em geral\u201d, conta Jorge Mayer.<\/p>\n\n\n<\/div><div class=\"uk-container uk-margin-medium\"><blockquote class=\"uk-margin-medium\"><h3 class=\"uk-margin-top uk-margin-bottom\">No final de 2022, mais de 70% dos funcion\u00e1rios da antiga central a carv\u00e3o de Sines j\u00e1 estavam em novos postos de trabalho, confirma Jorge Mayer, respons\u00e1vel pelo Futuro Ativo Sines<\/h3><\/blockquote><\/div><div class=\"uk-container uk-container-small\">\n\n\n\n<p>No caso do Nau, o programa ter\u00e1 mentoria at\u00e9 abril de 2024, com reuni\u00f5es peri\u00f3dicas e acompanhamento de proximidade. Essa \u00e1gil trajet\u00f3ria de a\u00e7\u00f5es j\u00e1 tem resultados bastante significativos. Segundo Jorge Mayer, no final de 2022, mais de 70% dos funcion\u00e1rios da antiga central a carv\u00e3o estavam em novos postos de trabalho. Em simult\u00e2neo, outros 15% receberam forma\u00e7\u00e3o profissional. \u201cA comunidade at\u00e9 ficou surpreendida com os resultados e com as iniciativas, como a oportunidade de qualifica\u00e7\u00e3o profissional e o haver uma estrutura de porta aberta com diversos servi\u00e7os\u201d, destaca. Ainda nesta \u00e1rea e em parceria com o Instituto do Emprego e Forma\u00e7\u00e3o Profissional, fez-se forma\u00e7\u00e3o em sistemas fotovoltaicos.<\/p>\n\n\n\n<h4 class=\"wp-block-heading\">Em todos os campos<\/h4>\n\n\n\n<p>A interven\u00e7\u00e3o social do Futuro Ativo Sines \u00e9 ampla. Atrav\u00e9s do EDP Solid\u00e1ria Sines, foram beneficiados 11 projetos de entidades locais, num investimento de 145 mil euros. Veja-se o caso do Cuidar Viv\u00eancias, Inovar Respostas, coordenado pela Santa Casa da Miseric\u00f3rdia de Sines: a proposta \u00e9 renovar a assist\u00eancia do Centro de Dia e do servi\u00e7o de apoio ao domic\u00edlio. Entre as muitas a\u00e7\u00f5es est\u00e3o as aquisi\u00e7\u00f5es de uma consola de jogos e tablets, mobili\u00e1rio e decora\u00e7\u00e3o, desenho de fardas e log\u00f3tipo e a contrata\u00e7\u00e3o de um profissional para atendimento da comunidade.<\/p>\n\n\n\n<p>Na \u00e1rea de energia dom\u00e9stica, um dos projetos \u00e9 promovido pela Casa de Jovens O Farol, em Santo Andr\u00e9, pr\u00f3ximo de Santiago do Cac\u00e9m. O objetivo \u00e9 realizar o isolamento de tubos de aquecimento para proporcionar mais conforto e seguran\u00e7a \u00e0s crian\u00e7as residentes. \u00c9 apoiada a compra de colch\u00f5es, pontos de luz e tapetes. Tal como noutros programas do grupo EDP, os volunt\u00e1rios foram e s\u00e3o parte essencial das atividades e do sucesso das a\u00e7\u00f5es.<\/p>\n\n\n<\/div><div class=\"uk-container uk-margin-medium\"><div class=\"uk-inline\"><img decoding=\"async\" src=\"https:\/\/cdn.xl.pt\/bs\/uploads\/sites\/136\/2023\/04\/199--1200x630.jpg\" alt=\"Futuro Ativo Sines promove transi\u00e7\u00e3o mais justa e sustent\u00e1vel | EDP Y.E.S.\" loading=\"lazy\" \/><div class=\"caption uk-position-bottom-right\"><p class=\"uk-text-small uk-margin-remove\">A antiga central de carv\u00e3o de Sines vai ser transformada num centro de energia limpa<\/p><\/div><\/div><\/div><div class=\"uk-container uk-container-small\">\n\n\n\n<h4 class=\"wp-block-heading\">Neutralidade carb\u00f3nica no horizonte<\/h4>\n\n\n\n<p>A antiga central de carv\u00e3o de Sines, que foi a maior do pa\u00eds e esteve em atividade durante 35 anos, ser\u00e1 transformada num centro de energia limpa, onde se destaca a produ\u00e7\u00e3o de hidrog\u00e9nio verde e o projeto-piloto GreenH2Atlantic \u2013 um dos tr\u00eas projetos europeus selecionados no \u00e2mbito do Green Deal para testar esta nova tecnologia. O futuro projeto conta ainda com um laborat\u00f3rio colaborativo, refor\u00e7ando assim o polo tecnol\u00f3gico e industrial de Sines.<\/p>\n\n\n\n<p>Devido ao seu contributo para a descarboniza\u00e7\u00e3o e para uma transi\u00e7\u00e3o energ\u00e9tica justa, o Futuro Ativo Sines foi destacado pelo F\u00f3rum Econ\u00f3mico Mundial em Davos, na Su\u00ed\u00e7a, como um caso de estudo \u00e0 escala mundial. Al\u00e9m de Portugal, a reconvers\u00e3o de centrais a carv\u00e3o em hubs de energia verde tamb\u00e9m est\u00e1 prevista em mais geografias onde a EDP opera, nomeadamente Espanha e Brasil, no sentido de cumprir a meta estrat\u00e9gica de abandonar totalmente o carv\u00e3o at\u00e9 2025.<\/p>\n\n\n\n<p>Metas globais que est\u00e3o alinhadas com a pr\u00f3pria identidade comum do EDP Y.E.S., que funciona como marca global e transversal e que permite contar uma narrativa integrada da interven\u00e7\u00e3o comunit\u00e1ria. Em concreto, o EDP Y.E.S envolve um investimento acima dos 30 milh\u00f5es de euros por ano, conduzido atrav\u00e9s de diferentes ve\u00edculos, como as funda\u00e7\u00f5es em Portugal, Espanha e Brasil e as diferentes unidades de neg\u00f3cio. Miguel Stilwell d\u2019Andrade, presidente executivo da empresa, \u00e9 claro sobre as fortes motiva\u00e7\u00f5es do grupo: \u201cA emerg\u00eancia clim\u00e1tica que vivemos exige ambi\u00e7\u00e3o, compromisso e a colabora\u00e7\u00e3o de todos por uma transi\u00e7\u00e3o energ\u00e9tica mais r\u00e1pida e justa. Ningu\u00e9m pode ficar para tr\u00e1s neste caminho e \u00e9 nesse sentido que a EDP est\u00e1 a refor\u00e7ar a sua aposta num programa social mais ambicioso e com maior impacto nas comunidades\u201d, refor\u00e7a.<\/p>\n","protected":false},"excerpt":{"rendered":"<p>Lan\u00e7ado para apoiar a regi\u00e3o de Sines ap\u00f3s o fecho da central a carv\u00e3o, este programa de apoio social da EDP quer promover uma transi\u00e7\u00e3o justa atrav\u00e9s de novos neg\u00f3cios locais e de requalifica\u00e7\u00e3o profissional na \u00e1rea das energias renov\u00e1veis.<\/p>\n","protected":false},"author":29,"featured_media":199,"comment_status":"closed","ping_status":"closed","sticky":false,"template":"","format":"standard","meta":{"footnotes":""},"categories":[4],"tags":[67,64,58,61,70,73],"class_list":["post-193","post","type-post","status-publish","format-standard","has-post-thumbnail","hentry","category-competencias","tag-ana-catarina-rocha","tag-forum-economico-mundial","tag-futuro-ativo-sines","tag-jorge-mayer","tag-programa-nau","tag-slow-vanity"],"_links":{"self":[{"href":"https:\/\/bs.xl.pt\/a-energia-que-muda-o-mundo\/wp-json\/wp\/v2\/posts\/193","targetHints":{"allow":["GET"]}}],"collection":[{"href":"https:\/\/bs.xl.pt\/a-energia-que-muda-o-mundo\/wp-json\/wp\/v2\/posts"}],"about":[{"href":"https:\/\/bs.xl.pt\/a-energia-que-muda-o-mundo\/wp-json\/wp\/v2\/types\/post"}],"author":[{"embeddable":true,"href":"https:\/\/bs.xl.pt\/a-energia-que-muda-o-mundo\/wp-json\/wp\/v2\/users\/29"}],"replies":[{"embeddable":true,"href":"https:\/\/bs.xl.pt\/a-energia-que-muda-o-mundo\/wp-json\/wp\/v2\/comments?post=193"}],"version-history":[{"count":8,"href":"https:\/\/bs.xl.pt\/a-energia-que-muda-o-mundo\/wp-json\/wp\/v2\/posts\/193\/revisions"}],"predecessor-version":[{"id":298,"href":"https:\/\/bs.xl.pt\/a-energia-que-muda-o-mundo\/wp-json\/wp\/v2\/posts\/193\/revisions\/298"}],"wp:featuredmedia":[{"embeddable":true,"href":"https:\/\/bs.xl.pt\/a-energia-que-muda-o-mundo\/wp-json\/wp\/v2\/media\/199"}],"wp:attachment":[{"href":"https:\/\/bs.xl.pt\/a-energia-que-muda-o-mundo\/wp-json\/wp\/v2\/media?parent=193"}],"wp:term":[{"taxonomy":"category","embeddable":true,"href":"https:\/\/bs.xl.pt\/a-energia-que-muda-o-mundo\/wp-json\/wp\/v2\/categories?post=193"},{"taxonomy":"post_tag","embeddable":true,"href":"https:\/\/bs.xl.pt\/a-energia-que-muda-o-mundo\/wp-json\/wp\/v2\/tags?post=193"}],"curies":[{"name":"wp","href":"https:\/\/api.w.org\/{rel}","templated":true}]}}