{"id":403,"date":"2023-05-08T09:00:00","date_gmt":"2023-05-08T09:00:00","guid":{"rendered":"https:\/\/bs.xl.pt\/a-energia-que-muda-o-mundo\/?p=403"},"modified":"2023-05-09T09:04:09","modified_gmt":"2023-05-09T09:04:09","slug":"edp-solidaria-energia-que-transforma-vidas","status":"publish","type":"post","link":"https:\/\/bs.xl.pt\/a-energia-que-muda-o-mundo\/comunidade\/edp-solidaria-energia-que-transforma-vidas\/","title":{"rendered":"EDP Solid\u00e1ria, energia que transforma vidas"},"content":{"rendered":"\n<p>Esta \u00e9 uma energia solid\u00e1ria que n\u00e3o deixa ningu\u00e9m para tr\u00e1s. Se a implementa\u00e7\u00e3o de projetos sustent\u00e1veis e cr\u00edticos para o futuro do planeta \u00e9 h\u00e1 muito uma realidade que a EDP tem vindo a concretizar em todo o mundo, \u00e9 igualmente tang\u00edvel o facto de a inova\u00e7\u00e3o com forte impacto social caminhar a par e passo em todas as geografias onde est\u00e1 presente. Atrav\u00e9s das suas funda\u00e7\u00f5es em Portugal, Espanha e Brasil, o programa EDP Solid\u00e1ria &#8211; agora designado como EDP Energia Solid\u00e1ria &#8211; contribui para a melhoria da qualidade de vida das comunidades, especialmente das mais vulner\u00e1veis, alargando esfor\u00e7os e envolvendo todos num processo de transi\u00e7\u00e3o energ\u00e9tica que se quer justo e inclusivo.<\/p>\n\n\n<\/div><div class=\"uk-container uk-margin-medium\"><iframe width=\"1280\" height=\"720\" src=\"\/\/www.youtube.com\/embed\/DLF9itv-uz8?showinfo=0\" frameborder=\"0\" allowfullscreen data-uk-responsive loading=\"lazy\"><\/iframe><\/div><div class=\"uk-container uk-container-small\">\n\n\n<\/div><div class=\"uk-container uk-margin-medium\"><blockquote class=\"uk-margin-medium\"><h3 class=\"uk-margin-top uk-margin-bottom\">A Funda\u00e7\u00e3o EDP j\u00e1 beneficiou, direta ou indiretamente, cerca de um milh\u00e3o e meio de pessoas.<\/h3><\/blockquote><\/div><div class=\"uk-container uk-container-small\">\n\n\n\n<p>O EDP Solid\u00e1ria nasceu em Portugal em 2004, com o objetivo de promover a\u00e7\u00f5es de responsabilidade<br>social e o compromisso de apoiar projetos com forte impacto na sociedade e nas comunidades. Uma miss\u00e3o que visa, desde o pri meiro dia, promover a inclus\u00e3o social, dar resposta \u00e0s necessidades sociais mais prementes e fomentar a melhoria da qualidade de vida e a integra\u00e7\u00e3o de pessoas e grupos mais fr\u00e1geis e em risco de exclus\u00e3o.<\/p>\n\n\n\n<p>Dezassete milh\u00f5es de euros investidos e mais de 400 projetos depois, implementados ou mantidos em todos os distritos portugueses, a Funda\u00e7\u00e3o EDP j\u00e1 beneficiou, direta ou indiretamente, cerca de um milh\u00e3o e meio de pessoas.<\/p>\n\n\n\n<p>Este ano, quase duas d\u00e9cadas depois, o programa ganha uma nova identidade, um novo nome \u2013 EDP Energia Solid\u00e1ria \u2013 e refor\u00e7a os seus objetivos com foco na transi\u00e7\u00e3o energ\u00e9tica justa e inclusiva. Um prop\u00f3sito firme que passa por financiar projetos de inova\u00e7\u00e3o social em tr\u00eas eixos cruciais: Energias Renov\u00e1veis, atrav\u00e9s de iniciativas que as promovam para dar respostas sociais inovadoras; Efici\u00eancia Energ\u00e9tica, capacitando projetos de gest\u00e3o racional pensados por comunidades e institui\u00e7\u00f5es; e Mobilidade Sustent\u00e1vel, com propostas que impulsionem novas formas de mobilidade (como bicicletas, trotinetes e partilha de ve\u00edculos) ou projetos de forma\u00e7\u00e3o sobre esta \u00e1rea.<\/p>\n\n\n\n<p>Agora, o EDP Energia Solid\u00e1ria vai mais longe, ao trazer todos os temas ligados \u00e0 inova\u00e7\u00e3o social aliada \u00e0 transi\u00e7\u00e3o energ\u00e9tica justa para cima da mesa. Na mesma linha de a\u00e7\u00e3o, quer amplificar o conhecimento e o debate acerca de t\u00f3picos na ordem do dia \u2013 como sustentabilidade, descarboniza\u00e7\u00e3o e a\u00e7\u00e3o clim\u00e1tica \u2013 e trabalhar de forma colaborativa ao promover parcerias como forma de incitar uma transforma\u00e7\u00e3o social mais profunda.<\/p>\n\n\n\n<h3 class=\"wp-block-heading\">Um projeto transformacional em Espanha<\/h3>\n\n\n\n<p>O EDP Solid\u00e1ria chegou ao pa\u00eds vizinho em 2015 e, at\u00e9 2021, os n\u00fameros s\u00e3o igualmente expressivos: neste per\u00edodo foram investidos quatro milh\u00f5es em v\u00e1rias frentes, com 144 projetos que beneficiaram 100 entidades e impactaram a vida de 440 mil pessoas.<\/p>\n\n\n\n<p>Promovido pela Fundaci\u00f3n EDP, os tr\u00eas grandes eixos tradicionais de interven\u00e7\u00e3o do EDP Solid\u00e1ria em Espanha incidem no acesso equitativo \u00e0 energia e promo\u00e7\u00e3o da efici\u00eancia energ\u00e9tica, no desenvolvimento rural contra o despovoamento e na qualidade de vida dos idosos, al\u00e9m do apoio a entidades regionais. Um excelen te exemplo \u00e9 o da parceria com a Associa\u00e7\u00e3o de Sa\u00fade Mental das Ast\u00farias, como explica Mar\u00eda Jes\u00fas \u00c1lvarez, t\u00e9cnica da AFESA Salud Mental Asturias. \u201cEm alguns dos programas que desenvolvemos, conseguimos integrar e ampliar ainda mais o nosso trabalho em \u00e1reas rurais, apoiando as pessoas com problemas de sa\u00fade mental no in\u00edcio de vida aut\u00f3noma e independente.\u201d Um projeto que, al\u00e9m de impactar as pessoas envolvidas nos programas da organiza\u00e7\u00e3o, tamb\u00e9m permitiu \u201cinovar, participar em novas iniciativas e melhorar as metodologias utilizadas\u201d, sublinha.<\/p>\n\n\n<\/div><div class=\"uk-container uk-margin-medium\"><div class=\"uk-inline\"><img decoding=\"async\" src=\"https:\/\/cdn.xl.pt\/bs\/uploads\/sites\/136\/2023\/05\/Copia-de-258--1200x630.jpg\" alt=\"EDP Solid\u00e1ria, energia que transforma vidas | EDP Y.E.S.\" loading=\"lazy\" \/><div class=\"caption uk-position-bottom-right\"><p class=\"uk-text-small uk-margin-remove\">Mar\u00eda Jes\u00fas \u00c1lvarez, t\u00e9cnica da AFESA Salud Mental Asturias<\/p><\/div><\/div><\/div><div class=\"uk-container uk-container-small\">\n\n\n\n<p>Em 2021, para contribuir na resposta \u00e0s emerg\u00eancias sociais, econ\u00f3micas e sanit\u00e1rias geradas pela pandemia, a edi\u00e7\u00e3o concentrou-se no apoio a projetos com esse objetivo junto de grupos mais vulner\u00e1veis. J\u00e1 em 2022, deu-se continuidade \u00e0 miss\u00e3o original do EDP Solid\u00e1ria e alargou-se o seu \u00e2mbito. Uma interven\u00e7\u00e3o que ficou marcada pela sele\u00e7\u00e3o de 30 projetos inovadores na \u00e1rea da transi\u00e7\u00e3o energ\u00e9tica justa.<\/p>\n\n\n\n<p>A edi\u00e7\u00e3o deste ano em Espanha, \u00e0 semelhan\u00e7a de Portugal, amplia o seu campo de a\u00e7\u00e3o e foca-se nas \u00e1reas das energias renov\u00e1veis, efici\u00eancia energ\u00e9tica e mobilidade sustent\u00e1vel. Ao mesmo tempo, enfatiza as comunidades em transi\u00e7\u00e3o para fontes de energia verde, quer no apoio a projetos promotores do desenvolvimento rural nos 29 munic\u00edpios abrangidos pelo encerramento das centrais termoel\u00e9tricas (em Abo\u00f1o, Soto de Ribera, Los Barrios, Puente Nuevo), quer no suporte \u00e0 qualidade de vida dos mais idosos.<\/p>\n\n\n\n<p>Hoje, o EDP Solid\u00e1ria em Espanha continua a ser \u201cum programa transformacional alinhado com a estrat\u00e9gia do grupo EDP\u201d. \u201cQueremos contribuir para a mudan\u00e7a da sociedade. Para termos uma sociedade mais justa, inclusiva e mais sustent\u00e1vel\u201d, refor\u00e7a Vanda Martins, da Fundaci\u00f3n EDP e membro do conselho de administra\u00e7\u00e3o da Funda\u00e7\u00e3o EDP.<\/p>\n\n\n\n<h3 class=\"wp-block-heading\">Desenvolvimento humano e social no Brasil<\/h3>\n\n\n\n<p>Foi com a forte aposta em projetos relacionados com o desenvolvimento humano e social de comunidades brasileiras onde a EDP mant\u00e9m atividade que o EDP Solid\u00e1ria alargou a sua a\u00e7\u00e3o ao lado de l\u00e1 do Atl\u00e2ntico. Desde 2007, o investimento do programa j\u00e1 ultrapassou 100 milh\u00f5es de reais (mais de 17 milh\u00f5es de euros) para apoiar a implementa\u00e7\u00e3o ou manuten\u00e7\u00e3o de mais de 200 projetos que beneficiaram cerca de 450 mil pessoas.<\/p>\n\n\n<\/div><div class=\"uk-container uk-margin-medium\"><blockquote class=\"uk-margin-medium\"><h3 class=\"uk-margin-top uk-margin-bottom\">O novo programa EDP Energia Solid\u00e1ria vai mais longe, ao trazer todos os temas ligados \u00e0 inova\u00e7\u00e3o social aliada \u00e0 transi\u00e7\u00e3o energ\u00e9tica justa para cima da mesa.<\/h3><\/blockquote><\/div><div class=\"uk-container uk-container-small\">\n\n\n<\/div><div class=\"uk-container uk-margin-medium\"><div class=\"uk-inline\"><img decoding=\"async\" src=\"https:\/\/cdn.xl.pt\/bs\/uploads\/sites\/136\/2023\/05\/DSC8623-1200x630.jpg\" alt=\"EDP Solid\u00e1ria, energia que transforma vidas | EDP Y.E.S.\" loading=\"lazy\" \/><div class=\"caption uk-position-bottom-right\"><p class=\"uk-text-small uk-margin-remove\">A Funda\u00e7\u00e3o EDP j\u00e1 investiu, atrav\u00e9s do programa EDP Solid\u00e1ria, 17 milh\u00f5es de euros<\/p><\/div><\/div><\/div><div class=\"uk-container uk-container-small\">\n\n\n\n<p>As \u00e1reas de atua\u00e7\u00e3o do programa s\u00e3o abrangentes, num leque que vai da valoriza\u00e7\u00e3o das culturas regionais e das potencialidades para o desenvolvimento local at\u00e9 ao empreendedorismo de jovens, \u00e0 promo\u00e7\u00e3o do trabalho e rendimento ou \u00e0s quest\u00f5es ambientais.<\/p>\n\n\n\n<p>A sele\u00e7\u00e3o dos projetos \u00e9 feita atrav\u00e9s de uma plataforma pr\u00f3pria da EDP, por prospe\u00e7\u00e3o em comunidades estrat\u00e9gicas ou por pesquisa das \u00e1reas corporativas, e o acompanhamento e monitoriza\u00e7\u00e3o durante a execu\u00e7\u00e3o cabe ao Instituto EDP Brasil. Com a t\u00f3nica na inclus\u00e3o e na diversidade sempre presente, alguns dos projetos nos \u00faltimos anos incluem a recupera\u00e7\u00e3o de nascentes, a valoriza\u00e7\u00e3o de comunidades ind\u00edgenas e do artesanato e a forma\u00e7\u00e3o de novos empreendedores.<\/p>\n\n\n\n<p>Partindo do pressuposto de que a transforma\u00e7\u00e3o come\u00e7a pelo di\u00e1logo, o Instituto EDP Brasil, alinhado com o EDP Solid\u00e1ria, tamb\u00e9m promove anualmente o evento \u201cDi\u00e1logos que Conectam\u201d. Atrav\u00e9s desta iniciativa, o Instituto n\u00e3o s\u00f3 fomenta o debate entre oradores acerca de tem\u00e1ticas relevantes, como tenciona formar uma rede solid\u00e1ria, ao reunir e promover o alinhamento entre v\u00e1rias organiza\u00e7\u00f5es sociais parceiras da EDP e a empresa.<\/p>\n\n\n\n<p>Apoiar projetos sustent\u00e1veis que alimentam uma sociedade mais justa e inclusiva para o presente das comunidades onde se encontra e para o futuro do planeta que \u00e9 de todos: esta \u00e9 a realidade que a energia solid\u00e1ria da EDP continua a criar e a espalhar pelo mundo.<\/p>\n\n\n<\/div><div class=\"uk-container uk-margin-medium\"><div class=\"uk-inline\"><img decoding=\"async\" src=\"https:\/\/cdn.xl.pt\/bs\/uploads\/sites\/136\/2023\/05\/Foto_2_Senai-Eletricista-Instalador--1200x630.jpeg\" alt=\"EDP Solid\u00e1ria, energia que transforma vidas | EDP Y.E.S.\" loading=\"lazy\" \/><div class=\"caption uk-position-bottom-right\"><p class=\"uk-text-small uk-margin-remove\">A forma\u00e7\u00e3o no Brasil \u00e9 uma realidade. Esta turma est\u00e1 a frequentar o curso de eletricista instalador<\/p><\/div><\/div><\/div><div class=\"uk-container uk-container-small\">\n","protected":false},"excerpt":{"rendered":"<p>De Portugal, estendeu-se a Espanha e chegou ao Brasil. Desde a sua cria\u00e7\u00e3o, h\u00e1 20 anos, a energia do programa EDP Solid\u00e1ria continua a apoiar projetos sustent\u00e1veis que alimentam uma sociedade mais justa, inclusiva e socialmente respons\u00e1vel.<\/p>\n","protected":false},"author":29,"featured_media":400,"comment_status":"open","ping_status":"open","sticky":false,"template":"","format":"standard","meta":{"footnotes":""},"categories":[7],"tags":[82,193,190,202,22,196,199],"class_list":["post-403","post","type-post","status-publish","format-standard","has-post-thumbnail","hentry","category-comunidade","tag-brasil","tag-edp-energia-solidaria","tag-edp-solidaria","tag-espanha","tag-fundacao-edp","tag-maria-jesus-alvarez","tag-portugal"],"_links":{"self":[{"href":"https:\/\/bs.xl.pt\/a-energia-que-muda-o-mundo\/wp-json\/wp\/v2\/posts\/403","targetHints":{"allow":["GET"]}}],"collection":[{"href":"https:\/\/bs.xl.pt\/a-energia-que-muda-o-mundo\/wp-json\/wp\/v2\/posts"}],"about":[{"href":"https:\/\/bs.xl.pt\/a-energia-que-muda-o-mundo\/wp-json\/wp\/v2\/types\/post"}],"author":[{"embeddable":true,"href":"https:\/\/bs.xl.pt\/a-energia-que-muda-o-mundo\/wp-json\/wp\/v2\/users\/29"}],"replies":[{"embeddable":true,"href":"https:\/\/bs.xl.pt\/a-energia-que-muda-o-mundo\/wp-json\/wp\/v2\/comments?post=403"}],"version-history":[{"count":9,"href":"https:\/\/bs.xl.pt\/a-energia-que-muda-o-mundo\/wp-json\/wp\/v2\/posts\/403\/revisions"}],"predecessor-version":[{"id":436,"href":"https:\/\/bs.xl.pt\/a-energia-que-muda-o-mundo\/wp-json\/wp\/v2\/posts\/403\/revisions\/436"}],"wp:featuredmedia":[{"embeddable":true,"href":"https:\/\/bs.xl.pt\/a-energia-que-muda-o-mundo\/wp-json\/wp\/v2\/media\/400"}],"wp:attachment":[{"href":"https:\/\/bs.xl.pt\/a-energia-que-muda-o-mundo\/wp-json\/wp\/v2\/media?parent=403"}],"wp:term":[{"taxonomy":"category","embeddable":true,"href":"https:\/\/bs.xl.pt\/a-energia-que-muda-o-mundo\/wp-json\/wp\/v2\/categories?post=403"},{"taxonomy":"post_tag","embeddable":true,"href":"https:\/\/bs.xl.pt\/a-energia-que-muda-o-mundo\/wp-json\/wp\/v2\/tags?post=403"}],"curies":[{"name":"wp","href":"https:\/\/api.w.org\/{rel}","templated":true}]}}