{"id":541,"date":"2023-06-12T08:24:39","date_gmt":"2023-06-12T08:24:39","guid":{"rendered":"https:\/\/bs.xl.pt\/a-energia-que-muda-o-mundo\/?p=541"},"modified":"2023-06-12T08:24:40","modified_gmt":"2023-06-12T08:24:40","slug":"promover-inclusao-para-mudar-vidas","status":"publish","type":"post","link":"https:\/\/bs.xl.pt\/a-energia-que-muda-o-mundo\/energia\/promover-inclusao-para-mudar-vidas\/","title":{"rendered":"Promover inclus\u00e3o para mudar vidas"},"content":{"rendered":"\n<p>\u00c9 ineg\u00e1vel que o conforto e a seguran\u00e7a em casa s\u00e3o essenciais para a sa\u00fade e a qualidade de vida de todos. No entanto, ainda existem cerca de 2 mil milh\u00f5es de pessoas em todo o mundo afetadas pela pobreza energ\u00e9tica, incluindo entre 50 e 125 milh\u00f5es na Uni\u00e3o Europeia.<\/p>\n\n\n<\/div><div class=\"uk-container uk-margin-medium\"><iframe width=\"1280\" height=\"720\" src=\"\/\/www.youtube.com\/embed\/k9C-yLln330?showinfo=0\" frameborder=\"0\" allowfullscreen data-uk-responsive loading=\"lazy\"><\/iframe><\/div><div class=\"uk-container uk-container-small\">\n\n\n\n<p>Mudar este paradigma implica, por exemplo, manter as temperaturas est\u00e1veis nas habita\u00e7\u00f5es \u2013 entre os 18 e os 23 graus, segundo a Organiza\u00e7\u00e3o Mundial de Sa\u00fade \u2013, sob risco de se refletir em condi\u00e7\u00f5es de vida pouco saud\u00e1veis que podem conduzir a doen\u00e7as cr\u00f3nicas, respirat\u00f3rias, cardiovasculares, entre outras.<\/p>\n\n\n\n<p>Combater situa\u00e7\u00f5es de pobreza energ\u00e9tica requer medidas estruturais, equipamentos eficientes de climatiza\u00e7\u00e3o e solu\u00e7\u00f5es alternativas de energia. Isto passa por a\u00e7\u00f5es t\u00e3o simples como a calafetagem de janelas, o isolamento t\u00e9rmico em coberturas e paredes ou o uso de equipamentos que permitam poupar energia. Custear estas necessidades, para muitos, n\u00e3o \u00e9 t\u00e3o simples assim.<\/p>\n\n\n\n<p>\u00c9 precisamente neste contexto que a EDP tem uma palavra a dizer. Ao promover a efici\u00eancia energ\u00e9tica, o conforto t\u00e9rmico e a transi\u00e7\u00e3o para energias renov\u00e1veis, potencia a inclus\u00e3o energ\u00e9tica nas v\u00e1rias geografias onde est\u00e1 presente. E as suas a\u00e7\u00f5es concretas j\u00e1 est\u00e3o a transformar vidas e a mudar o mundo.<\/p>\n\n\n\n<h3 class=\"wp-block-heading\">Interven\u00e7\u00f5es em Espanha<\/h3>\n\n\n\n<p>Em 2015, o projeto pioneiro de \u201cInclus\u00e3o Energ\u00e9tica\u201d arrancou com a Fundaci\u00f3n EDP em Espanha. Atuando junto de fam\u00edlias especialmente vulner\u00e1veis, identificadas pela C\u00e1ritas, pela Cruz Vermelha e pelas c\u00e2maras municipais, esta iniciativa visa aumentar a sua seguran\u00e7a, o seu bem-estar e a efici\u00eancia energ\u00e9tica. Depois de feita uma an\u00e1lise da situa\u00e7\u00e3o energ\u00e9tica das resid\u00eancias em quest\u00e3o, s\u00e3o realizadas interven\u00e7\u00f5es diversificadas \u2013 desde a troca de janelas e substitui\u00e7\u00e3o de eletrodom\u00e9sticos, at\u00e9 \u00e0 forma\u00e7\u00e3o dos moradores com vista a mudar os seus h\u00e1bitos de consumo. Pequenas grandes a\u00e7\u00f5es que fazem a diferen\u00e7a na vida de cada residente e das comunidades. <\/p>\n\n\n<\/div><div class=\"uk-container uk-margin-medium\"><blockquote class=\"uk-margin-medium\"><h3 class=\"uk-margin-top uk-margin-bottom\">Em Portugal, o projeto-piloto est\u00e1 em curso at\u00e9 julho deste ano para ajudar entre 30 e 50 fam\u00edlias, com apoios que podem ir dos 3.000 aos 10.000 euros.<\/h3><\/blockquote><\/div><div class=\"uk-container uk-container-small\">\n\n\n\n<p>\u201cDesde 2015, este projeto beneficiou mais de 73 mil pessoas, com um investimento de mais um milh\u00e3o de euros. Em m\u00e9dia, conseguimos uma redu\u00e7\u00e3o do consumo de 30 % na eletricidade e de 25 % no g\u00e1s, o que \u00e9 muito positivo\u201d, conclui Vanda Martins, diretora geral da Fundaci\u00f3n EDP.<\/p>\n\n\n\n<h3 class=\"wp-block-heading\">EDP em territ\u00f3rio nacional<\/h3>\n\n\n\n<p>J\u00e1 em Portugal, a EDP iniciou um projeto id\u00eantico em 2022, assente num conjunto de parcerias com v\u00e1rias Institui\u00e7\u00f5es Particulares de Solidariedade Social que atuam junto de grupos desfavorecidos. Para Ant\u00f3nio Bello, respons\u00e1vel pelo projeto de inclus\u00e3o energ\u00e9tica da EDP em Portugal, o prop\u00f3sito desta iniciativa \u00e9 operar uma transi\u00e7\u00e3o energ\u00e9tica justa e inclusiva, ao \u201coferecer solu\u00e7\u00f5es de efici\u00eancia energ\u00e9tica em casas de fam\u00edlias carenciadas para que elas tenham menos necessidade de energia no seu dia a dia\u201d. \u201cEstamos a falar de substitui\u00e7\u00e3o de janelas, de coloca\u00e7\u00e3o de isolamentos t\u00e9rmicos, substitui\u00e7\u00e3o de equipamentos por outros mais eficientes, para que o consumo energ\u00e9tico possa ser menor sem ter que baixar os n\u00edveis de conforto, de bem-estar e de sa\u00fade\u201d, explica.<\/p>\n\n\n<\/div><div class=\"uk-container uk-margin-medium\"><div class=\"uk-inline\"><img decoding=\"async\" src=\"https:\/\/cdn.xl.pt\/bs\/uploads\/sites\/136\/2023\/05\/web-Foto-2_Sequence-01.00_01_39_16.Still013-1200x630.jpg\" alt=\"Promover inclus\u00e3o para mudar vidas | EDP Y.E.S.\" loading=\"lazy\" \/><div class=\"caption uk-position-bottom-right\"><p class=\"uk-text-small uk-margin-remove\">A interven\u00e7\u00e3o que est\u00e1 a ser feita nas habita\u00e7\u00f5es portuguesas permite reduzir os consumos energ\u00e9ticos e aumentar o conforto das fam\u00edlias.<\/p><\/div><\/div><\/div><div class=\"uk-container uk-container-small\">\n\n\n\n<p>O projeto prev\u00ea a realiza\u00e7\u00e3o de diagn\u00f3sticos energ\u00e9ticos \u00e0s habita\u00e7\u00f5es de modo a identificar as solu\u00e7\u00f5es mais adequadas a cada caso espec\u00edfico, sendo a implementa\u00e7\u00e3o financiada pela EDP, em coordena\u00e7\u00e3o com as institui\u00e7\u00f5es sociais e os fornecedores locais. Al\u00e9m disso, a iniciativa promove a literacia energ\u00e9tica para incentivar o uso consciente de energia.<\/p>\n\n\n\n<p>Em Portugal, o projeto-piloto est\u00e1 em curso at\u00e9 julho deste ano para apoiar entre 30 e 50 fam\u00edlias, com investimentos que podem ir dos 3.000 aos 10.000 euros. O resultado n\u00e3o podia ser melhor, testemunha Leandra Rodrigues da IPSS GAF (Gabinete de Apoio \u00e0 Fam\u00edlia) de Viana do Castelo: \u201cO impacto que este projeto EDP teve na nossa organiza\u00e7\u00e3o foi muito positivo. Em termos de benefici\u00e1rios foi muito bem acolhido porque, ao intervirmos nas suas habita\u00e7\u00f5es, n\u00f3s conseguimos ou uma redu\u00e7\u00e3o dos seus consumos energ\u00e9ticos ou um aumento do seu conforto. E isso \u00e9, sem d\u00favida, um incremento na sua qualidade de vida\u201d.<\/p>\n\n\n\n<p>Os n\u00fameros continuam a aumentar e, at\u00e9 2024, o projeto chegar\u00e1 a cerca de 150 fam\u00edlias sinalizadas pelas institui\u00e7\u00f5es sociais parceiras, num investimento total de um milh\u00e3o e meio de euros.<\/p>\n\n\n\n<h3 class=\"wp-block-heading\">Inclus\u00e3o em terras brasileiras<\/h3>\n\n\n\n<p>A EDP tamb\u00e9m est\u00e1 empenhada em promover a inclus\u00e3o energ\u00e9tica em geografias mais distantes. No Brasil, em colabora\u00e7\u00e3o com a organiza\u00e7\u00e3o Moradigna, concentra-se na reforma de habita\u00e7\u00f5es prec\u00e1rias com condi\u00e7\u00f5es insalubres, enfatizando a parte el\u00e9trica, para melhorar a seguran\u00e7a e o bem-estar das fam\u00edlias, como refere o diretor do Instituto EDP, Dominic Schamal: \u201cEste projeto fala de seguran\u00e7a el\u00e9trica. Numa casa com estabilidade, com infraestrutura, com melhores instala\u00e7\u00f5es el\u00e9tricas voc\u00ea fala de qualidade de vida.\u201d<\/p>\n\n\n\n<p>O projeto-piloto arrancou na regi\u00e3o de Guarulhos, S\u00e3o Paulo, onde foram intervencionadas 35 resid\u00eancias do Bairro Residencial Bambi, impactando diretamente mais de cem pessoas, tanto na sua qualidade de vida, como na seguran\u00e7a relativa \u00e0s instala\u00e7\u00f5es el\u00e9tricas de casa. Concei\u00e7\u00e3o Moreira, moradora do bairro, n\u00e3o esconde a alegria que sente: \u201cQuando o pessoal do Moradigna chegou, falou que ia arrumar tudo. Eu fiquei muito feliz.\u201d<\/p>\n\n\n\n<p>Al\u00e9m de oferecer condi\u00e7\u00f5es dignas de habita\u00e7\u00e3o \u00e0s fam\u00edlias em causa, este projeto amplia o seu impacto positivo nas comunidades e na economia local, declara Paulo Henrique, supervisor de Obras Moradigna: \u201cEstamos contratando pessoas do bairro e gerando toda uma m\u00e3o de obra local para o entorno desse projeto.\u201d<\/p>\n\n\n\n<p>Ao longo do ano, esta parceria ter\u00e1 continuidade no estado do Esp\u00edrito Santo, com foco no bairro de Jabaet\u00e9, em Vila Velha.<\/p>\n\n\n<\/div><div class=\"uk-container uk-margin-medium\"><div class=\"uk-inline\"><img decoding=\"async\" src=\"https:\/\/cdn.xl.pt\/bs\/uploads\/sites\/136\/2023\/05\/web-Foto-1_-1200x630.jpg\" alt=\"Promover inclus\u00e3o para mudar vidas | EDP Y.E.S.\" loading=\"lazy\" \/><div class=\"caption uk-position-bottom-right\"><p class=\"uk-text-small uk-margin-remove\">Ant\u00f3nio Bello, respons\u00e1vel pelo projeto de inclus\u00e3o energ\u00e9tica da EDP em Portugal, explica que esta iniciativa oferece solu\u00e7\u00f5es de efici\u00eancia energ\u00e9tica em casas de fam\u00edlias carenciadas<\/p><\/div><\/div><\/div><div class=\"uk-container uk-container-small\">\n\n\n<\/div><div class=\"uk-container uk-margin-medium\"><blockquote class=\"uk-margin-medium\"><h3 class=\"uk-margin-top uk-margin-bottom\">As condi\u00e7\u00f5es energ\u00e9ticas das habita\u00e7\u00f5es s\u00e3o analisadas de forma a avaliar a interven\u00e7\u00e3o mais adequada, como trocar janelas ou substituir equipamentos, e promover novos h\u00e1bito de consumo.<\/h3><\/blockquote><\/div><div class=\"uk-container uk-container-small\">\n\n\n\n<p>A EDP Renov\u00e1veis conduz, ainda, outra importante iniciativa de inclus\u00e3o energ\u00e9tica, beneficiando fam\u00edlias ou comunidades que vivem num raio de cinco quil\u00f3metros de dist\u00e2ncia de parques e\u00f3licos. No caminho da inclus\u00e3o energ\u00e9tica e da sustentabilidade, cruza-se outro caminho que \u201crenova a rela\u00e7\u00e3o que as pessoas t\u00eam com a sua resid\u00eancia\u201d, refere a especialista de sustentabilidade Cecilia Michellis.<\/p>\n\n\n<\/div><div class=\"uk-container uk-margin-medium\"><div class=\"uk-inline\"><img decoding=\"async\" src=\"https:\/\/cdn.xl.pt\/bs\/uploads\/sites\/136\/2023\/05\/web-Foto-3_Sequence-01.00_02_59_07.Still0031-1200x630.jpg\" alt=\"Promover inclus\u00e3o para mudar vidas | EDP Y.E.S.\" loading=\"lazy\" \/><div class=\"caption uk-position-bottom-right\"><p class=\"uk-text-small uk-margin-remove\">Para promover a inclus\u00e3o energ\u00e9tica no Brasil j\u00e1 foram intervencionadas 35 resid\u00eancias do Bairro Residencial Bambi, em Guarulhos, S\u00e3o Paulo.<\/p><\/div><\/div><\/div><div class=\"uk-container uk-container-small\">\n\n\n\n<h3 class=\"wp-block-heading\">Closer2You no resto do mundo<\/h3>\n\n\n\n<p>Al\u00e9m de Portugal, Espanha e Brasil, a EDP quer alargar a inclus\u00e3o energ\u00e9tica a mais pa\u00edses, como \u00e9 o caso da Rom\u00e9nia, da Pol\u00f3nia e do M\u00e9xico, atrav\u00e9s do programa Closer2You.<\/p>\n\n\n\n<p>Desde 2016, a iniciativa, promovida e desenvolvida pela EDP Renov\u00e1veis (EDPR), visa melhorar a qualidade de vida das fam\u00edlias que residem em habita\u00e7\u00f5es cr\u00edticas nas proximidades dos parques e\u00f3licos da empresa, proporcionando-lhes acesso a \u00e1gua corrente, eletricidade e outras melhorias nas suas casas. Os projetos s\u00e3o planeados em fun\u00e7\u00e3o de cada situa\u00e7\u00e3o concreta, sendo estabelecidos acordos com as comunidades locais com base na coopera\u00e7\u00e3o m\u00fatua.<\/p>\n\n\n\n<p>Ao combater a pobreza energ\u00e9tica e ao fortalecer os v\u00ednculos com as comunidades mais necessitadas, a EDP desempenha um papel ativo na constru\u00e7\u00e3o de uma sociedade mais justa e inclusiva. O seu compromisso feito de a\u00e7\u00f5es prova que a energia \u00e9 uma for\u00e7a transformadora para o bem-estar e a equidade social.<\/p>\n","protected":false},"excerpt":{"rendered":"<p>Da Europa \u00e0 Am\u00e9rica Latina, a EDP est\u00e1 em movimento. Ao combater a probreza energ\u00e9tica e ao estreitar la\u00e7os com uma for\u00e7a motriz para uma sociedade mais justa e um mundo mais sustent\u00e1vel<\/p>\n","protected":false},"author":29,"featured_media":592,"comment_status":"closed","ping_status":"closed","sticky":false,"template":"","format":"standard","meta":{"footnotes":""},"categories":[13],"tags":[193,190,22],"class_list":["post-541","post","type-post","status-publish","format-standard","has-post-thumbnail","hentry","category-energia","tag-edp-energia-solidaria","tag-edp-solidaria","tag-fundacao-edp"],"_links":{"self":[{"href":"https:\/\/bs.xl.pt\/a-energia-que-muda-o-mundo\/wp-json\/wp\/v2\/posts\/541","targetHints":{"allow":["GET"]}}],"collection":[{"href":"https:\/\/bs.xl.pt\/a-energia-que-muda-o-mundo\/wp-json\/wp\/v2\/posts"}],"about":[{"href":"https:\/\/bs.xl.pt\/a-energia-que-muda-o-mundo\/wp-json\/wp\/v2\/types\/post"}],"author":[{"embeddable":true,"href":"https:\/\/bs.xl.pt\/a-energia-que-muda-o-mundo\/wp-json\/wp\/v2\/users\/29"}],"replies":[{"embeddable":true,"href":"https:\/\/bs.xl.pt\/a-energia-que-muda-o-mundo\/wp-json\/wp\/v2\/comments?post=541"}],"version-history":[{"count":11,"href":"https:\/\/bs.xl.pt\/a-energia-que-muda-o-mundo\/wp-json\/wp\/v2\/posts\/541\/revisions"}],"predecessor-version":[{"id":613,"href":"https:\/\/bs.xl.pt\/a-energia-que-muda-o-mundo\/wp-json\/wp\/v2\/posts\/541\/revisions\/613"}],"wp:featuredmedia":[{"embeddable":true,"href":"https:\/\/bs.xl.pt\/a-energia-que-muda-o-mundo\/wp-json\/wp\/v2\/media\/592"}],"wp:attachment":[{"href":"https:\/\/bs.xl.pt\/a-energia-que-muda-o-mundo\/wp-json\/wp\/v2\/media?parent=541"}],"wp:term":[{"taxonomy":"category","embeddable":true,"href":"https:\/\/bs.xl.pt\/a-energia-que-muda-o-mundo\/wp-json\/wp\/v2\/categories?post=541"},{"taxonomy":"post_tag","embeddable":true,"href":"https:\/\/bs.xl.pt\/a-energia-que-muda-o-mundo\/wp-json\/wp\/v2\/tags?post=541"}],"curies":[{"name":"wp","href":"https:\/\/api.w.org\/{rel}","templated":true}]}}