{"id":616,"date":"2023-06-19T08:30:00","date_gmt":"2023-06-19T08:30:00","guid":{"rendered":"https:\/\/bs.xl.pt\/a-energia-que-muda-o-mundo\/?p=616"},"modified":"2023-06-18T21:27:31","modified_gmt":"2023-06-18T21:27:31","slug":"como-o-sol-esta-a-mudar-a-energia-dos-bairros","status":"publish","type":"post","link":"https:\/\/bs.xl.pt\/a-energia-que-muda-o-mundo\/energia\/como-o-sol-esta-a-mudar-a-energia-dos-bairros\/","title":{"rendered":"Como o sol est\u00e1 a mudar a energia dos bairros"},"content":{"rendered":"\n<p>O sol \u00e9 uma fonte de energia poderosa e inesgot\u00e1vel. E, se hoje \u00e9 poss\u00edvel aproveitar esta energia limpa de forma ainda mais eficiente, premissa de um futuro mais verde e sustent\u00e1vel, tamb\u00e9m \u00e9 verdade que o acesso a esta fonte ainda pode ser um privil\u00e9gio para muitos, sobretudo para aqueles que vivem em comunidades desfavorecidas. \u00c9 a\u00ed que entra o Solar Solid\u00e1rio, um projeto da EDP que tem a ambi\u00e7\u00e3o de tornar a energia solar acess\u00edvel a todos. Com esta iniciativa, a EDP n\u00e3o se limita a fornecer energia el\u00e9trica \u2013 tamb\u00e9m ajuda a criar oportunidades nestas comunidades, contribuindo para um amanh\u00e3 mais sustent\u00e1vel e inclusivo.<\/p>\n\n\n<\/div><div class=\"uk-container uk-margin-medium\"><iframe width=\"1280\" height=\"720\" src=\"\/\/www.youtube.com\/embed\/5b7n8hbNQEc?showinfo=0\" frameborder=\"0\" allowfullscreen data-uk-responsive loading=\"lazy\"><\/iframe><\/div><div class=\"uk-container uk-container-small\">\n\n\n\n<p>A energia solar contribui para reduzir a emiss\u00e3o de gases de efeito estufa respons\u00e1veis pelo aquecimento global e pelas mudan\u00e7as clim\u00e1ticas. A sua utiliza\u00e7\u00e3o tamb\u00e9m ajuda a reduzir a depend\u00eancia das fontes f\u00f3sseis de energia, que s\u00e3o finitas e n\u00e3o renov\u00e1veis. E, al\u00e9m de ser amiga do ambiente, ainda se distingue pelas vantagens econ\u00f3micas que oferece, podendo resultar numa poupan\u00e7a significativa nas faturas de eletricidade.<\/p>\n\n\n\n<h3 class=\"wp-block-heading\">Solar inclusivo e em parceria<\/h3>\n\n\n\n<p>\u00c9 precisamente com o objetivo de alargar o acesso a esta energia que a EDP criou o projeto Solar Solid\u00e1rio, mais uma iniciativa de impacto social do EDP Y.E.S. \u2013 You Empower Society. Em parceria com v\u00e1rias organiza\u00e7\u00f5es, este projeto promove a instala\u00e7\u00e3o de pain\u00e9is solares de autoconsumo em comunidades carenciadas de diferentes pa\u00edses onde o grupo mant\u00e9m atividade.<\/p>\n\n\n<\/div><div class=\"uk-container uk-margin-medium\"><div class=\"uk-inline\"><img decoding=\"async\" src=\"https:\/\/cdn.xl.pt\/bs\/uploads\/sites\/136\/2023\/06\/web-Foto-3-1200x630.jpg\" alt=\"Como o sol est\u00e1 a mudar a energia dos bairros | EDP Y.E.S.\" loading=\"lazy\" \/><div class=\"caption uk-position-bottom-right\"><p class=\"uk-text-small uk-margin-remove\">Sara Esteves, diretora adjunta da \u00e1rea de Impacto Social da EDP<\/p><\/div><\/div><\/div><div class=\"uk-container uk-container-small\">\n\n\n\n<p>Para Sara Esteves, diretora adjunta da \u00e1rea de Impacto Social da EDP, \u201ceste projeto surge da necessidade que existe no grupo de podermos garantir que chegamos a todos e que n\u00e3o deixamos ningu\u00e9m para tr\u00e1s. Por isso, em bairros como o da Cova da Moura, em Portugal, em bairros no Brasil, em Espanha ou no resto do mundo, estamos a implementar pain\u00e9is solares de autoconsumo, tamb\u00e9m em l\u00f3gica de comunidades solares, para garantir que levamos energia \u00e0s fam\u00edlias, \u00e0s pessoas e at\u00e9 \u00e0s IPSS mais carenciadas.\u201d<\/p>\n\n\n<\/div><div class=\"uk-container uk-margin-medium\"><blockquote class=\"uk-margin-medium\"><h3 class=\"uk-margin-top uk-margin-bottom\">Em Portugal, o projeto Solar Solid\u00e1rio arrancou em 2022 no bairro da Cova da Moura e prev\u00ea mais a\u00e7\u00f5es noutras zonas do pa\u00eds.<\/h3><\/blockquote><\/div><div class=\"uk-container uk-container-small\">\n\n\n\n<p>Garantir o acesso \u00e0 energia limpa e renov\u00e1vel em \u00e1reas que n\u00e3o possuem infraestruturas el\u00e9tricas adequadas \u00e9, de facto, a finalidade que move o projeto, cujos efeitos se refletem na promo\u00e7\u00e3o da sustentabilidade, na inclus\u00e3o social, na melhoria da qualidade de vida dos moradores e no desenvolvimento local.<\/p>\n\n\n\n<h3 class=\"wp-block-heading\">Primeira a\u00e7\u00e3o na Cova da Moura<\/h3>\n\n\n\n<p>Em Portugal, o projeto Solar Solid\u00e1rio arrancou em 2022 no bairro da Cova da Moura, comunidade localizada na periferia de Lisboa, que enfrenta desafios relacionados com a falta de infraestrutura b\u00e1sica, nomeadamente energia el\u00e9trica.<\/p>\n\n\n\n<p>Nesta primeira a\u00e7\u00e3o do projeto EDP, cerca de 150 fam\u00edlias no bairro receberam, cada uma, dois pain\u00e9is solares para produ\u00e7\u00e3o de energia e um frigor\u00edfico eficiente como complemento. Vitalina Varela foi uma das moradoras beneficiadas do bairro da Cova da Moura e n\u00e3o esconde o entusiasmo: \u201cNa minha casa j\u00e1 recebi um grande frigor\u00edfico e estou muito contente. D\u00e1 para p\u00f4r as minhas coisas, que \u00e0s vezes ficam estragadas por n\u00e3o ter lugar para meter.\u201d<\/p>\n\n\n<\/div><div class=\"uk-container uk-margin-medium\"><div class=\"uk-inline\"><img decoding=\"async\" src=\"https:\/\/cdn.xl.pt\/bs\/uploads\/sites\/136\/2023\/06\/web-Foto-2-1200x630.jpg\" alt=\"Como o sol est\u00e1 a mudar a energia dos bairros | EDP Y.E.S.\" loading=\"lazy\" \/><div class=\"caption uk-position-bottom-right\"><p class=\"uk-text-small uk-margin-remove\">Vitalina Varela foi uma das moradoras do bairro da Cova da Moura que recebeu pain\u00e9is solares e um frigor\u00edfico eficiente<\/p><\/div><\/div><\/div><div class=\"uk-container uk-container-small\">\n\n\n\n<p>Al\u00e9m disso, com \u201ceste projeto de pain\u00e9is solares, as pessoas v\u00e3o poupar dinheiro. \u00c9 um investimento da EDP que est\u00e1 a agradar aos moradores\u201d, sublinha Jo\u00e3o Lopes, da Associa\u00e7\u00e3o de Moradores do Bairro do Alto da Cova da Moura. Dependendo da utiliza\u00e7\u00e3o dos pain\u00e9is solares, esta solu\u00e7\u00e3o pode representar poupan\u00e7as no or\u00e7amento destas fam\u00edlias.<\/p>\n\n\n<\/div><div class=\"uk-container uk-margin-medium\"><blockquote class=\"uk-margin-medium\"><h3 class=\"uk-margin-top uk-margin-bottom\">Garantir o acesso a energia renov\u00e1vel em comunidades que n\u00e3o possuem infraestruturas el\u00e9tricas adequadas \u00e9 um dos objetivos do projeto solid\u00e1rio da EDP.<\/h3><\/blockquote><\/div><div class=\"uk-container uk-container-small\">\n\n\n\n<p>Aqui, o projeto Solar Solid\u00e1rio tem sido desenvolvido em conjunto com quatro organiza\u00e7\u00f5es que trabalham no bairro: a Associa\u00e7\u00e3o de Moradores, a Associa\u00e7\u00e3o de Solidariedade Social, o Moinho da Juventude e a Nasce e Renasce. Se, por um lado, estes apoios foram fundamentais para concretizar toda a a\u00e7\u00e3o, por outro, \u201cestas iniciativas da EDP poderiam ser um exemplo para muitas empresas seguirem. Sem elas, muito dificilmente conseguimos atingir os nossos objetivos\u201d, reitera Carlos Rolo, da Associa\u00e7\u00e3o de Solidariedade Social Alto da Cova da Moura. A EDP tem promovido ainda a forma\u00e7\u00e3o e capacita\u00e7\u00e3o dos benefici\u00e1rios, fundamentais para garantir a utiliza\u00e7\u00e3o adequada e a manuten\u00e7\u00e3o dos sistemas instalados.<\/p>\n\n\n<\/div><div class=\"uk-container uk-margin-medium\"><div class=\"uk-inline\"><img decoding=\"async\" src=\"https:\/\/cdn.xl.pt\/bs\/uploads\/sites\/136\/2023\/06\/web-Foto-4-1200x630.jpg\" alt=\"Como o sol est\u00e1 a mudar a energia dos bairros | EDP Y.E.S.\" loading=\"lazy\" \/><div class=\"caption uk-position-bottom-right\"><p class=\"uk-text-small uk-margin-remove\">Jo\u00e3o Lopes, de uma das associa\u00e7\u00f5es do bairro, explica que gra\u00e7as a este projeto as pessoas v\u00e3o poder poupar dinheiro<\/p><\/div><\/div><\/div><div class=\"uk-container uk-container-small\">\n\n\n\n<p>O projeto Solar Solid\u00e1rio na Cova da Moura \u00e9 um exemplo de como a energia solar pode contribuir para a promo\u00e7\u00e3o da sustentabilidade e da inclus\u00e3o social em comunidades vulner\u00e1veis, garantindo o acesso \u00e0 eletricidade de forma limpa e sustent\u00e1vel e promovendo o desenvolvimento local. O resultado mede-se pela felicidade sentida pelos moradores, entre os quais Maria Em\u00edlia Gomes: \u201cO feedback tem sido bom. Fiquei muito feliz com o painel solar e se n\u00e3o fosse pela EDP jamais o poderia comprar.\u201d<\/p>\n\n\n\n<p>O sucesso desta edi\u00e7\u00e3o dita a sua continuidade \u2013 e este \u00e9 apenas o primeiro de v\u00e1rios projetos semelhantes previstos para outras zonas de Portugal.<\/p>\n\n\n\n<h3 class=\"wp-block-heading\">Mais energia em Espanha e Brasil<\/h3>\n\n\n\n<p>A EDP levou o projeto Solar Solid\u00e1rio a outras geografias. Em Espanha, cumpre-se o mesmo intento ao fazer chegar energia renov\u00e1vel e sustent\u00e1vel a comunidades carenciadas atrav\u00e9s da instala\u00e7\u00e3o de pain\u00e9is solares de autoconsumo.<\/p>\n\n\n\n<p>Em 2019, a C\u00e1ritas de Vigo (Galiza) e a ONG Una Ciudad para todos, em Gij\u00f3n (Ast\u00farias) foram os primeiros a ser contemplados com a iniciativa, seguindo-se os centros das C\u00e1ritas de C\u00f3rdoba, Osma-Soria, And\u00fajar e Mondo\u00f1edo (Andaluzia), prevendo-se que outros edif\u00edcios em mais regi\u00f5es de Espanha tamb\u00e9m venham a ser beneficiados. Com a instala\u00e7\u00e3o dos pain\u00e9is solares, estes edif\u00edcios passam a gerar energia limpa e renov\u00e1vel, reduzindo os custos de energia el\u00e9trica e contribuindo para a preserva\u00e7\u00e3o do meio ambiente e para a melhoria da qualidade de vida de muitas pessoas.<\/p>\n\n\n\n<p>Al\u00e9m disso, o projeto ainda promove a educa\u00e7\u00e3o e a consciencializa\u00e7\u00e3o sobre a import\u00e2ncia do uso de energias verdes na transi\u00e7\u00e3o para uma economia mais sustent\u00e1vel. Com a instala\u00e7\u00e3o dos pain\u00e9is solares, estes edif\u00edcios passam a gerar energia limpa e renov\u00e1vel, reduzindo os custos de energia el\u00e9trica e contribuindo para a preserva\u00e7\u00e3o do meio ambiente e para a melhoria da qualidade de vida de muitas pessoas. Al\u00e9m disso, o projeto ainda promove a educa\u00e7\u00e3o e a consciencializa\u00e7\u00e3o sobre a import\u00e2ncia do uso de energias verdes na transi\u00e7\u00e3o para uma economia mais sustent\u00e1vel.<\/p>\n\n\n\n<p>J\u00e1 no Brasil est\u00e1 a ser criada uma pequena central solar para abastecer uma comunidade com 210 fam\u00edlias em S\u00e3o Paulo. Nesta comunidade que enfrenta diversos desafios, incluindo a falta de acesso a servi\u00e7os b\u00e1sicos, como \u00e1gua e energia el\u00e9trica, a iniciativa da EDP tamb\u00e9m est\u00e1 a instalar pain\u00e9is solares em muitas casas e a realizar atividades de educa\u00e7\u00e3o ambiental acerca do uso de energia sustent\u00e1vel.<\/p>\n\n\n\n<p>Com o projeto Solar Solid\u00e1rio, a EDP n\u00e3o s\u00f3 ajuda a iluminar a vida de muitas pessoas, mas tamb\u00e9m inspira a mudan\u00e7a e a transforma\u00e7\u00e3o social no mundo inteiro. Para o grupo, a transi\u00e7\u00e3o para as energias verdes est\u00e1 ao alcance de todos e, juntos, podemos tornar essa vis\u00e3o uma realidade. Por uma sociedade mais justa. Pelo futuro do planeta.<\/p>\n","protected":false},"excerpt":{"rendered":"<p>Com o projeto Solar Solid\u00e1rio, a EDP est\u00e1 a levar uma nova energia a comunidades carenciadas em Portugal, Espanha e Brasil, alargando o caminho da transi\u00e7\u00e3o energ\u00e9tica e da transforma\u00e7\u00e3o social.<\/p>\n","protected":false},"author":29,"featured_media":625,"comment_status":"open","ping_status":"open","sticky":false,"template":"","format":"standard","meta":{"footnotes":""},"categories":[13],"tags":[253,256,259,262,250,265],"class_list":["post-616","post","type-post","status-publish","format-standard","has-post-thumbnail","hentry","category-energia","tag-associacao-de-moradores","tag-associacao-de-solidariedade-social","tag-moinho-da-juventude","tag-nasce-e-renasce","tag-solar-solidario","tag-solar-solidario-na-cova-da-moura"],"_links":{"self":[{"href":"https:\/\/bs.xl.pt\/a-energia-que-muda-o-mundo\/wp-json\/wp\/v2\/posts\/616","targetHints":{"allow":["GET"]}}],"collection":[{"href":"https:\/\/bs.xl.pt\/a-energia-que-muda-o-mundo\/wp-json\/wp\/v2\/posts"}],"about":[{"href":"https:\/\/bs.xl.pt\/a-energia-que-muda-o-mundo\/wp-json\/wp\/v2\/types\/post"}],"author":[{"embeddable":true,"href":"https:\/\/bs.xl.pt\/a-energia-que-muda-o-mundo\/wp-json\/wp\/v2\/users\/29"}],"replies":[{"embeddable":true,"href":"https:\/\/bs.xl.pt\/a-energia-que-muda-o-mundo\/wp-json\/wp\/v2\/comments?post=616"}],"version-history":[{"count":2,"href":"https:\/\/bs.xl.pt\/a-energia-que-muda-o-mundo\/wp-json\/wp\/v2\/posts\/616\/revisions"}],"predecessor-version":[{"id":637,"href":"https:\/\/bs.xl.pt\/a-energia-que-muda-o-mundo\/wp-json\/wp\/v2\/posts\/616\/revisions\/637"}],"wp:featuredmedia":[{"embeddable":true,"href":"https:\/\/bs.xl.pt\/a-energia-que-muda-o-mundo\/wp-json\/wp\/v2\/media\/625"}],"wp:attachment":[{"href":"https:\/\/bs.xl.pt\/a-energia-que-muda-o-mundo\/wp-json\/wp\/v2\/media?parent=616"}],"wp:term":[{"taxonomy":"category","embeddable":true,"href":"https:\/\/bs.xl.pt\/a-energia-que-muda-o-mundo\/wp-json\/wp\/v2\/categories?post=616"},{"taxonomy":"post_tag","embeddable":true,"href":"https:\/\/bs.xl.pt\/a-energia-que-muda-o-mundo\/wp-json\/wp\/v2\/tags?post=616"}],"curies":[{"name":"wp","href":"https:\/\/api.w.org\/{rel}","templated":true}]}}