{"id":382,"date":"2025-04-02T20:26:59","date_gmt":"2025-04-02T19:26:59","guid":{"rendered":"https:\/\/bs.xl.pt\/a-voz-das-pme\/?p=382"},"modified":"2025-04-02T20:27:00","modified_gmt":"2025-04-02T19:27:00","slug":"transformacao-digital-no-contexto-das-pme","status":"publish","type":"post","link":"https:\/\/bs.xl.pt\/a-voz-das-pme\/opiniao\/transformacao-digital-no-contexto-das-pme\/","title":{"rendered":"Transforma\u00e7\u00e3o digital no contexto das PME"},"content":{"rendered":"\n<h2 class=\"wp-block-heading\">O que envolve um processo de transforma\u00e7\u00e3o digital numa PME?<\/h2>\n\n\n\n<p>Primeiro, h\u00e1 que esclarecer que se torna redutor encarar um processo de transforma\u00e7\u00e3o digital como uma simples ado\u00e7\u00e3o de tecnologia, uma vez que n\u00e3o pressup\u00f5e fazer o mesmo usando solu\u00e7\u00f5es digitais, nem acrescentar software a um processo obsoleto. Implica, antes de mais, uma mudan\u00e7a cultural e estrat\u00e9gica (o que se faz e como se faz), que se deve refletir nas pol\u00edticas de gest\u00e3o, no funcionamento das organiza\u00e7\u00f5es e na forma como \u00e9 interiorizada pelos colaboradores, para que se tire partido de todas as possibilidades oferecidas pela dita tecnologia.<\/p>\n\n\n\n<p>Embora esta transforma\u00e7\u00e3o seja essencial para a competitividade das PME, existem alguns desafios que devem ser endere\u00e7ados e impe\u00e7am o insucesso, nomeadamente:<\/p>\n\n\n\n<ul class=\"wp-block-list\">\n<li>Falta de uma vis\u00e3o estrat\u00e9gica clara, uma vez que este processo exige um planeamento de longo prazo e uma lideran\u00e7a disposta a guiar a equipa ao longo desse trajeto;<\/li>\n\n\n\n<li>Falta de conhecimento e de compet\u00eancias digitais, um obst\u00e1culo comum em empresas familiares ou de setores mais tradicionais, que dificulta a perce\u00e7\u00e3o de como as novas ferramentas digitais podem ser aplicadas ao neg\u00f3cio;<\/li>\n\n\n\n<li>Otimiza\u00e7\u00e3o do custo, na medida em que a\u00a0 implementa\u00e7\u00e3o de tecnologias digitais pode exigir investimentos iniciais dif\u00edceis de realizar;<\/li>\n\n\n\n<li>Resist\u00eancia \u00e0 mudan\u00e7a em processos estabelecidos que, por mais ben\u00e9fica que possa ser, gera desconforto e inseguran\u00e7a, especialmente em empresas pequenas, onde cada pessoa tem um papel crucial no funcionamento di\u00e1rio da opera\u00e7\u00e3o.<\/li>\n<\/ul>\n\n\n\n<h2 class=\"wp-block-heading\">Oportunidades da transforma\u00e7\u00e3o digital para as PME<\/h2>\n\n\n\n<p>Apesar dos desafios, as PME t\u00eam, ao mesmo tempo, a flexibilidade necess\u00e1ria para implementar mudan\u00e7as de forma mais \u00e1gil, quando comparadas com grandes organiza\u00e7\u00f5es. Isso torna a transforma\u00e7\u00e3o digital um caminho poss\u00edvel, que oferece in\u00fameras vantagens, come\u00e7ando pela melhoria da produtividade e dos resultados operacionais, fruto da otimiza\u00e7\u00e3o de processos manuais e da automa\u00e7\u00e3o de tarefas repetitivas. Por outro lado, pode proporcionar uma melhor experi\u00eancia de consumo, seja por meio de chatbots, redes sociais ou e-mail marketing, na medida em que as PME t\u00eam acesso a mais informa\u00e7\u00e3o e gerem o seu relacionamento com clientes e stakeholders, de forma mais r\u00e1pida e eficaz. Outro benef\u00edcio para empresas de menor dimens\u00e3o \u00e9 a entrada em novos mercados, atrav\u00e9s de e-commerce e ferramentas de marketing digital, que, de outra forma, lhes estavam vedados. A n\u00edvel interno, a transforma\u00e7\u00e3o digital tende a melhorar a comunica\u00e7\u00e3o, permitindo que as pessoas trabalhem de forma mais colaborativa, e d\u00e1 acesso a um maior volume de dados, o que permite que os gestores tenham uma compreens\u00e3o global dos seus neg\u00f3cios e tomem decis\u00f5es mais informadas.<\/p>\n\n\n\n<h2 class=\"wp-block-heading\">3, 2,1\u2026 Como implementar a transforma\u00e7\u00e3o digital numa PME?<\/h2>\n\n\n\n<p>Para que a transforma\u00e7\u00e3o digital seja bem-sucedida, \u00e9 fundamental que as PME adotem uma abordagem estruturada, tanto ao n\u00edvel da transforma\u00e7\u00e3o (adapta\u00e7\u00e3o da estrat\u00e9gia e cultura organizacional) como da digitaliza\u00e7\u00e3o (ado\u00e7\u00e3o de solu\u00e7\u00f5es digitais em todas as \u00e1reas da empresa). O primeiro passo passa por envolver a lideran\u00e7a e desenvolver uma vis\u00e3o estrat\u00e9gica clara, que identifique os objetivos da transforma\u00e7\u00e3o digital e como as tecnologias podem contribuir para os atingir. Em seguida, \u00e9 necess\u00e1rio realizar um diagn\u00f3stico dos processos atuais e identificar \u00e1reas em que a digitaliza\u00e7\u00e3o pode trazer melhorias significativas. E a partir desse diagn\u00f3stico, a PME pode come\u00e7ar a adotar as tecnologias mais apropriadas e investir em forma\u00e7\u00e3o, para garantir que todos est\u00e3o preparados para as utilizar de forma eficaz.<\/p>\n\n\n\n<p>Ter\u00e3o as PME perce\u00e7\u00e3o real dos passos e benef\u00edcios inerentes a um processo de transforma\u00e7\u00e3o digital? Este \u00e9 um dos temas explorados no programa de forma\u00e7\u00e3o e mentoria, Nova SBE VOICE Leadership, que tem por objetivo capacitar gestores e decisores de 5.000 PME nacionais, em t\u00f3picos como Crescimento e Internacionaliza\u00e7\u00e3o, Gest\u00e3o de Pessoas, Transforma\u00e7\u00e3o Digital, entre outros. No \u00e2mbito do m\u00f3dulo de Transforma\u00e7\u00e3o Digital, este programa apresenta-se como uma oportunidade para as PME adquirirem conhecimento e ferramentas, com vista a explorar todo o potencial da digitaliza\u00e7\u00e3o das suas opera\u00e7\u00f5es e poder competir, em condi\u00e7\u00f5es mais equitativas, com empresas de maior dimens\u00e3o.<\/p>\n\n\n\n<p>O salto digital n\u00e3o pode ficar apenas nas m\u00e3os das grandes empresas. O caminho para a sobreviv\u00eancia das PME passa pela sua convers\u00e3o em empresas digitais. Ignorar este facto significa ficar para tr\u00e1s e ver a concorr\u00eancia prosperar.<\/p>\n\n\n\n<p>E a sua PME, j\u00e1 est\u00e1 a fazer caminho?<\/p>\n","protected":false},"excerpt":{"rendered":"<p>A transforma\u00e7\u00e3o digital no contexto das Pequenas e M\u00e9dias Empresas (PME) tem-se tornado num dos principais t\u00f3picos de debate no mundo dos neg\u00f3cios, na medida em que deixou de ser uma op\u00e7\u00e3o, para passar a ser uma obrigatoriedade para as que se querem manter competitivas, eficientes e merecedoras da escolha de clientes cada vez mais exigentes e informados.<\/p>\n","protected":false},"author":5,"featured_media":394,"comment_status":"closed","ping_status":"closed","sticky":false,"template":"","format":"standard","meta":{"footnotes":""},"categories":[4],"tags":[100,49,28],"class_list":["post-382","post","type-post","status-publish","format-standard","has-post-thumbnail","hentry","category-opiniao","tag-nova-sbe","tag-pme","tag-transformacao-digital"],"_links":{"self":[{"href":"https:\/\/bs.xl.pt\/a-voz-das-pme\/wp-json\/wp\/v2\/posts\/382","targetHints":{"allow":["GET"]}}],"collection":[{"href":"https:\/\/bs.xl.pt\/a-voz-das-pme\/wp-json\/wp\/v2\/posts"}],"about":[{"href":"https:\/\/bs.xl.pt\/a-voz-das-pme\/wp-json\/wp\/v2\/types\/post"}],"author":[{"embeddable":true,"href":"https:\/\/bs.xl.pt\/a-voz-das-pme\/wp-json\/wp\/v2\/users\/5"}],"replies":[{"embeddable":true,"href":"https:\/\/bs.xl.pt\/a-voz-das-pme\/wp-json\/wp\/v2\/comments?post=382"}],"version-history":[{"count":1,"href":"https:\/\/bs.xl.pt\/a-voz-das-pme\/wp-json\/wp\/v2\/posts\/382\/revisions"}],"predecessor-version":[{"id":385,"href":"https:\/\/bs.xl.pt\/a-voz-das-pme\/wp-json\/wp\/v2\/posts\/382\/revisions\/385"}],"wp:featuredmedia":[{"embeddable":true,"href":"https:\/\/bs.xl.pt\/a-voz-das-pme\/wp-json\/wp\/v2\/media\/394"}],"wp:attachment":[{"href":"https:\/\/bs.xl.pt\/a-voz-das-pme\/wp-json\/wp\/v2\/media?parent=382"}],"wp:term":[{"taxonomy":"category","embeddable":true,"href":"https:\/\/bs.xl.pt\/a-voz-das-pme\/wp-json\/wp\/v2\/categories?post=382"},{"taxonomy":"post_tag","embeddable":true,"href":"https:\/\/bs.xl.pt\/a-voz-das-pme\/wp-json\/wp\/v2\/tags?post=382"}],"curies":[{"name":"wp","href":"https:\/\/api.w.org\/{rel}","templated":true}]}}