{"id":1702,"date":"2023-12-06T10:50:02","date_gmt":"2023-12-06T10:50:02","guid":{"rendered":"https:\/\/bs.xl.pt\/branded-content\/?p=1702"},"modified":"2023-12-06T10:54:20","modified_gmt":"2023-12-06T10:54:20","slug":"branded-content-awards-prepara-2a-edicao","status":"publish","type":"post","link":"https:\/\/bs.xl.pt\/branded-content\/noticias\/branded-content-awards-prepara-2a-edicao\/","title":{"rendered":"Branded Content Awards prepara 2\u00aa edi\u00e7\u00e3o"},"content":{"rendered":"\n<p>Ap\u00f3s o \u00eaxito da primeira edi\u00e7\u00e3o, os Branded Content Awards est\u00e3o a preparar-se para se transformarem numa iniciativa anual. O evento, organizado pela Branded Content Marketing Association Portugal (BCMA) e o grupo Cofina, atribuiu mais de vinte trof\u00e9us para premiar o talento dos profissionais que desenvolveram projetos inspiradores a n\u00edvel nacional. Mas n\u00e3o vai ficar por aqui\u2026<\/p>\n\n\n\n<p>\u201cOs primeiros Branded Content Awards foram um verdadeiro sucesso para valorizar e premiar as boas iniciativas de branded content e brand storytelling em Portugal\u201d, afirmou Luis Ferreira, diretor geral comercial da Cofina, na cerim\u00f3nia. \u201cSomamos mais de 100 candidaturas e, por isso, estamos muito orgulhosos desta premia\u00e7\u00e3o. Que venham mais edi\u00e7\u00f5es\u201d, desejou.<\/p>\n\n\n\n<p>A cerim\u00f3nia de entrega dos pr\u00e9mios estreou-se no passado dia 28 de novembro, na Pousada Lisboa, e contou com mais de uma centena de pessoas. Patr\u00edcia Weiss, chairwoman e fundadora da BCMA Portugal e Am\u00e9rica do Sul, subiu ao palco para congratular todas as marcas, ag\u00eancias de criatividade, ag\u00eancias de meios e produtoras que se candidataram. \u201cGostaria de agradecer profundamente aos 105 cases que fizeram parte do primeiro ano dos Branded Content Awards\u201d, introduziu Patr\u00edcia Weiss.<\/p>\n\n\n\n<p>\u201cOs Branded Content Awards t\u00eam a inten\u00e7\u00e3o de reunir, celebrar, reconhecer, incentivar e potenciar o enorme talento e imensa criatividade do mercado portugu\u00eas do branded content\u201d, continuou a fundadora da BCMA Portugal. A par das Branded Content Talks e do Branded Content Podcast, os Awards tamb\u00e9m v\u00e3o regressar para uma segunda edi\u00e7\u00e3o. \u201cQueremos continuar a encorajar as grandes e pequenas hist\u00f3rias criativas que impactam o consumidor e potenciam o valor das marcas\u201d, afixou.<\/p>\n\n\n<\/div><div class=\"uk-container uk-margin-medium\"><div class=\"image-interstitial uk-inline\"><img decoding=\"async\" src=\"https:\/\/cdn.xl.pt\/bs\/uploads\/sites\/148\/2023\/12\/luis-ferreira-1200x630.jpg\" alt=\"Branded Content Awards prepara 2\u00aa edi\u00e7\u00e3o | Branded Content\" loading=\"lazy\" \/><div class=\"caption uk-position-bottom-right\">Luis Ferreira diretor geral comercial da Cofina, desejou que venham mais edi\u00e7\u00f5es<\/div><\/div><\/div><div class=\"uk-container uk-container-small\">\n\n\n\n<p>A concurso estiveram conte\u00fados que tenham sido veiculados, publicados, distribu\u00eddos ou lan\u00e7ados a partir de 2021 e at\u00e9 31 de julho de 2023. Os crit\u00e9rios de avalia\u00e7\u00e3o das candidaturas focaram-se na excel\u00eancia criativa, resultados, relev\u00e2ncia e originalidade. Todos os projetos e campanhas em competi\u00e7\u00e3o resultaram num Grande Pr\u00e9mio e cinco pr\u00e9mios bronze, oito pratas e oito ouros.<\/p>\n\n\n\n<p>A escolha dos vencedores da 1\u00aa edi\u00e7\u00e3o ficou a cargo de um j\u00fari composto por Patr\u00edcia Weiss (BCMA), In\u00eas Pereira da Costa (38 GRAUS), Mariana Ascen\u00e7\u00e3o (SWORD Health), Louren\u00e7o Thomaz (Dentsu Creative Portugal), Alberto Rui Pereira (IPG Mediabrands Portugal), M\u00e1rio Patroc\u00ednio (BRO Cinema), Tha\u00eds Carneiro (BRO Cinema), Filipa Cabrita (Grupo Imprensa\/SIC), Bruno Pinhal (Talent Everywhere), Ana Roma Torres (Havas Group), Isabel Marques (RTP), Sofia Bargiela (Unilever), Rita Torres Baptista (NOS SGPS), Janin Moreira (Super Bock Group), Bruno Albuquerque (Super Bock Group), Catarina Barradas (EDP), Susana Albuquerque (Uzina), Mariana Lorena (Hearts &amp; Science), Rita Sobral (GroupM), Ricardo Lagoa (Sociedade Ponto Verde), Ricardo Domingues (Betclic Group), Francisco Faria (Betclic Group), Teresa Burnay (Unilever) e Miguel Sim\u00f5es (Observador). Os membros dos j\u00fari foram obrigados a abster-se de votar em todas as candidaturas referentes a projetos que estiveram envolvidos.<\/p>\n","protected":false},"excerpt":{"rendered":"<p>Os Branded Content Awards v\u00e3o continuar a premiar projetos inovadores. A iniciativa, organizada pela Branded Content Marketing Association Portugal e o grupo Cofina, promete regressar.<\/p>\n","protected":false},"author":29,"featured_media":1627,"comment_status":"closed","ping_status":"open","sticky":false,"template":"","format":"standard","meta":{"footnotes":""},"categories":[16],"tags":[223,202,115,220],"class_list":["post-1702","post","type-post","status-publish","format-standard","has-post-thumbnail","hentry","category-noticias","tag-1a-edicao","tag-bcma","tag-branded-content-awards","tag-vencedores"],"_links":{"self":[{"href":"https:\/\/bs.xl.pt\/branded-content\/wp-json\/wp\/v2\/posts\/1702","targetHints":{"allow":["GET"]}}],"collection":[{"href":"https:\/\/bs.xl.pt\/branded-content\/wp-json\/wp\/v2\/posts"}],"about":[{"href":"https:\/\/bs.xl.pt\/branded-content\/wp-json\/wp\/v2\/types\/post"}],"author":[{"embeddable":true,"href":"https:\/\/bs.xl.pt\/branded-content\/wp-json\/wp\/v2\/users\/29"}],"replies":[{"embeddable":true,"href":"https:\/\/bs.xl.pt\/branded-content\/wp-json\/wp\/v2\/comments?post=1702"}],"version-history":[{"count":1,"href":"https:\/\/bs.xl.pt\/branded-content\/wp-json\/wp\/v2\/posts\/1702\/revisions"}],"predecessor-version":[{"id":1705,"href":"https:\/\/bs.xl.pt\/branded-content\/wp-json\/wp\/v2\/posts\/1702\/revisions\/1705"}],"wp:featuredmedia":[{"embeddable":true,"href":"https:\/\/bs.xl.pt\/branded-content\/wp-json\/wp\/v2\/media\/1627"}],"wp:attachment":[{"href":"https:\/\/bs.xl.pt\/branded-content\/wp-json\/wp\/v2\/media?parent=1702"}],"wp:term":[{"taxonomy":"category","embeddable":true,"href":"https:\/\/bs.xl.pt\/branded-content\/wp-json\/wp\/v2\/categories?post=1702"},{"taxonomy":"post_tag","embeddable":true,"href":"https:\/\/bs.xl.pt\/branded-content\/wp-json\/wp\/v2\/tags?post=1702"}],"curies":[{"name":"wp","href":"https:\/\/api.w.org\/{rel}","templated":true}]}}