
{"id":430,"date":"2024-11-28T09:30:00","date_gmt":"2024-11-28T09:30:00","guid":{"rendered":"https:\/\/bs.xl.pt\/climate-change-talks\/?p=430"},"modified":"2025-11-07T11:09:43","modified_gmt":"2025-11-07T11:09:43","slug":"seguradoras-ganharam-peso-na-cop-29-e-vao-ter-pavilhao-proprio","status":"publish","type":"post","link":"https:\/\/bs.xl.pt\/climate-change-talks\/cobertura\/seguradoras-ganharam-peso-na-cop-29-e-vao-ter-pavilhao-proprio\/","title":{"rendered":"Seguradoras ganharam peso na COP 29 e v\u00e3o ter pavilh\u00e3o pr\u00f3prio"},"content":{"rendered":"\n<p>Na COP30, que ir\u00e1 ter lugar em novembro de 2025 em Bel\u00e9m do Par\u00e1, no Brasil, a ind\u00fastria seguradora ir\u00e1 ter, pela primeira vez, um pavilh\u00e3o pr\u00f3prio numa Cimeira do Clima, que se ir\u00e1 chamar Casa do Seguro. O an\u00fancio foi feito por Dyogo Oliveira, CEO da Confedera\u00e7\u00e3o Nacional das Seguradoras do Brasil, durante um painel organizado pela Fidelidade no Pavilh\u00e3o de Portugal na COP29, em Baku, no Azerbeij\u00e3o (que terminou a 24 de novembro). <\/p>\n\n\n\n<p>Esse an\u00fancio, na perspetiva de Jo\u00e3o Mestre, Diretor de Sustentabilidade da Fidelidade, que esteve presente, com uma delega\u00e7\u00e3o da seguradora, na COP29, mostra o compromisso crescente do setor com o combate \u00e0s altera\u00e7\u00f5es clim\u00e1ticas. \u201cTemos cada vez mais seguradoras presentes nestas confer\u00eancias, o que mostra a import\u00e2ncia que o setor tem para garantir a resili\u00eancia da economia e da sociedade face \u00e0s altera\u00e7\u00f5es clim\u00e1ticas\u201d, afirmou Jo\u00e3o Mestre. <\/p>\n\n\n\n<p>\u201cA ind\u00fastria seguradora tem um importante papel como investidor mas \u00e9 sobretudo importante na prote\u00e7\u00e3o dos investimentos face a este fen\u00f3meno, e na cria\u00e7\u00e3o de incentivos para que sejam encontradas melhores respostas para a mitiga\u00e7\u00e3o e para a adapta\u00e7\u00e3o \u00e0s altera\u00e7\u00f5es clim\u00e1ticas\u201d, destacou o Diretor de Sustentabilidade da Fidelidade.<\/p>\n\n\n\n<p><\/p>\n\n\n<blockquote class=\"uk-margin-xlarge uk-container uk-container-xsmall\"><span uk-icon=\"icon: quote-right; ratio: 4.0\"><\/span><h3 class=\"uk-margin-remove-top uk-text-center uk-margin-bottom\">Temos cada vez mais seguradoras presentes nestas confer\u00eancias, o que mostra a import\u00e2ncia que o setor tem para garantir a resili\u00eancia da economia e da sociedade face \u00e0s altera\u00e7\u00f5es clim\u00e1ticas.<\/h3><\/blockquote>\n\n\n\n<h2 class=\"wp-block-heading\">Lan\u00e7amento internacional do Impact Center <\/h2>\n\n\n\n<p>No contexto do desenvolvimento de melhores solu\u00e7\u00f5es para este combate, o ponto alto da participa\u00e7\u00e3o da Fidelidade na COP 29 foi o lan\u00e7amento do ICCC \u2013 Impact Center for Climate Change.<\/p>\n\n\n\n<p>O ICCC \u00e9 um Centro de Conhecimento dedicado ao estudo aprofundado das altera\u00e7\u00f5es clim\u00e1ticas e que pretende mitigar riscos e propor adapta\u00e7\u00f5es eficazes para a prote\u00e7\u00e3o do planeta, pessoas e recursos. Vai aliar as compet\u00eancias e recursos internos da Fidelidade \u00e0 investiga\u00e7\u00e3o cient\u00edfica, atrav\u00e9s de parcerias com entidades externas, incluindo universidades, centros de investiga\u00e7\u00e3o, entidades p\u00fablicas, resseguradores e cons\u00f3rcios internacionais.<\/p>\n\n\n\n<p>\u201cO Centro foi muito bem recebido e a iniciativa muito elogiada pelas empresas e ONGs (organiza\u00e7\u00f5es n\u00e3o governamentais) com quem fal\u00e1mos\u201d, referiu Jo\u00e3o Mestre. \u201cH\u00e1 um reconhecimento do valor e do car\u00e1ter inovador do Centro. Os estudos que nos propomos fazer neste \u00e2mbito t\u00eam valor a n\u00edvel nacional e internacional. O tema da mitiga\u00e7\u00e3o, mas sobretudo, da adapta\u00e7\u00e3o \u00e0s altera\u00e7\u00f5es clim\u00e1ticas e a eventos como inc\u00eandios e inunda\u00e7\u00f5es, carece ainda de estudos\u201d.<\/p>\n\n\n\n<p>A Fidelidade est\u00e1, por isso, na linha da frente deste combate. \u201cA nossa participa\u00e7\u00e3o na COP29 foi um sucesso pelo impacto que teve este lan\u00e7amento e pela valida\u00e7\u00e3o que tivemos sobre o sentido e o valor do ICCC\u201d, afirmou Jo\u00e3o Mestre. <\/p>\n\n\n\n<h2 class=\"wp-block-heading\">Evento no Pavilh\u00e3o de Portugal <\/h2>\n\n\n\n<p>O lan\u00e7amento do centro decorreu no \u00e2mbito do evento organizado pela Fidelidade no Pavilh\u00e3o de Portugal. Para al\u00e9m da apresenta\u00e7\u00e3o do Centro, feita por Rui Esteves, Co-Coordenador do ICCC e Diretor de Estat\u00edstica e Estudos T\u00e9cnicos N\u00e3o Vida da Fidelidade, o evento contou com a apresenta\u00e7\u00e3o do primeiro \u00abGuia global para planos de transi\u00e7\u00e3o da ind\u00fastria seguradora\u00bb, por Butch Bacani, Head of Insurance do F\u00f3rum for Insurance Transition das Na\u00e7\u00f5es Unidas (FIT) e membro do Conselho Consultivo do Impact Center for Climate Change da Fidelidade. O FIT, em que a Fidelidade participa, assume particular import\u00e2ncia por juntar seguradoras, reguladores, a sociedade civil e a comunidade acad\u00e9mica com o prop\u00f3sito de desenvolver as pr\u00e1ticas e a estrat\u00e9gia da ind\u00fastria seguradora para acelerar e escalar uma transi\u00e7\u00e3o justa para uma economia resiliente e carbono zero.<\/p>\n\n\n<div class=\"uk-inline\"><img decoding=\"async\" src=\"https:\/\/cdn.xl.pt\/bs\/uploads\/sites\/193\/2024\/11\/painel-1-e1732730520311-1200x630.jpg\" alt=\"Seguradoras ganharam peso na COP 29 e v\u00e3o ter pavilh\u00e3o pr\u00f3prio\" loading=\"lazy\" \/><\/div><p class=\"uk-hidden@s uk-text-small uk-text-muted uk-margin-small-top uk-margin-medium-bottom uk-text-left\"><\/p>\n\n\n\n<h2 class=\"wp-block-heading\">A import\u00e2ncia dos seguros <\/h2>\n\n\n\n<p>Durante este evento decorreu tamb\u00e9m um debate moderado por Jo\u00e3o Mestre sobre o tema \u201cCen\u00e1rios de a\u00e7\u00e3o clim\u00e1tica para o setor dos seguros\u201d, com a participa\u00e7\u00e3o de Rui Esteves, Butch Bacani e Lorenzo Fantini, Global Leader da BCG ESG Risk &amp; Compliance and Sustainability. A discuss\u00e3o incidiu sobre os custos da ina\u00e7\u00e3o clim\u00e1tica e sobre o papel da ind\u00fastria seguradora na ado\u00e7\u00e3o de solu\u00e7\u00f5es pr\u00e1ticas para enfrentar esta crise. <\/p>\n\n\n\n<p>O painel debateu um relat\u00f3rio apresentado na COP pela consultora BCG sobre o papel do setor dos seguros como potenciador de solu\u00e7\u00f5es. Segundo Jo\u00e3o Mestre, \u201ceste relat\u00f3rio \u00e9 particularmente interessante porque mostra a import\u00e2ncia do setor como \u2018enabler\u2019 de investimentos em solu\u00e7\u00f5es para a mitiga\u00e7\u00e3o e adapta\u00e7\u00e3o \u00e0s altera\u00e7\u00f5es clim\u00e1ticas\u201d. Na sua opini\u00e3o, \u201cos investidores estar\u00e3o mais dispon\u00edveis para investir em tecnologias e solu\u00e7\u00f5es se tiverem solu\u00e7\u00f5es que protejam o seu investimento. No fundo as seguradoras podem funcionar como desbloqueadores de investimentos nestas \u00e1reas\u201d.<\/p>\n\n\n<p><div data-uk-grid class=\"featured-box uk-card uk-grid-collapse uk-margin\"><div class=\"uk-width-1-1\"><div class=\"uk-card-body\"><h3 class=\"uk-card-title\">2023<\/h3>Plano Net Zero Fidelidade.<\/div><\/div><\/div><br \/>\n<div data-uk-grid class=\"featured-box uk-card uk-grid-collapse uk-margin\"><div class=\"uk-width-1-1\"><div class=\"uk-card-body\"><h3 class=\"uk-card-title\">2030<\/h3>50% redu\u00e7\u00e3o de emiss\u00f5es nas opera\u00e7\u00f5es.<\/div><\/div><\/div><br \/>\n<div data-uk-grid class=\"featured-box uk-card uk-grid-collapse uk-margin\"><div class=\"uk-width-1-1\"><div class=\"uk-card-body\"><h3 class=\"uk-card-title\">2040<\/h3>Net Zero nas opera\u00e7\u00f5es.<\/div><\/div><\/div><br \/>\n<div data-uk-grid class=\"featured-box uk-card uk-grid-collapse uk-margin\"><div class=\"uk-width-1-1\"><div class=\"uk-card-body\"><h3 class=\"uk-card-title\">2050<\/h3>Net Zero nos seguros e nos investimentos.<\/div><\/div><\/div><\/p>\n\n\n\n<h2 class=\"wp-block-heading\">Fidelidade lidera <\/h2>\n\n\n\n<p>Do que observou durante a COP29, Jo\u00e3o Mestre tirou a conclus\u00e3o de que \u201ca Fidelidade est\u00e1 claramente na linha da frente do setor segurador nestes temas\u201d. Uma lideran\u00e7a que j\u00e1 se afirmara na COP 28 quando a seguradora divulgou o seu \u201cPlano Net Zero para atingir a neutralidade carb\u00f3nica, que estamos a implementar conforme o que foi divulgado, e que est\u00e1 completamente alinhado com aquilo que s\u00e3o as melhores pr\u00e1ticas do setor segurador\u201d. Isto porque \u201co plano contempla toda a nossa cadeia de valor, n\u00e3o s\u00f3 as nossas opera\u00e7\u00f5es, como os fornecedores e a nossa atividade como seguradora e como investidor\u201d, explica o respons\u00e1vel. <\/p>\n\n\n\n<p>Este ano, o lan\u00e7amento do ICCC mostra que \u201ctamb\u00e9m estamos no pelot\u00e3o da frente na produ\u00e7\u00e3o de conhecimento, porque n\u00e3o h\u00e1 muitas seguradoras com iniciativas deste tipo\u201d.<\/p>\n\n\n\n<p>O Centro \u201cfunciona como um agregador de conhecimento e permite n\u00e3o s\u00f3 ter bases para pensar e desenvolver novos produtos e novos servi\u00e7os para esta transi\u00e7\u00e3o, como divulgar informa\u00e7\u00e3o e conhecimento para a sociedade, para mudar comportamentos e influenciar politicas p\u00fablicas e investimentos\u201d, afirma Jo\u00e3o Mestre. <\/p>\n\n\n\n<p>Recorde-se que a Fidelidade foi reconhecida, em 2023, pelo rating da Morningstar Sustainalytics como a quarta seguradora mais sustent\u00e1vel ao n\u00edvel global e a segunda a n\u00edvel europeu.<\/p>\n\n\n<blockquote class=\"uk-margin-xlarge uk-container uk-container-xsmall\"><span uk-icon=\"icon: quote-right; ratio: 4.0\"><\/span><h3 class=\"uk-margin-remove-top uk-text-center uk-margin-bottom\">Os investidores estar\u00e3o mais dispon\u00edveis para investir em tecnologias e solu\u00e7\u00f5es se tiverem solu\u00e7\u00f5es que protejam o seu investimento. No fundo, as seguradoras podem funcionar como desbloqueadores de investimentos nestas \u00e1reas.<\/h3><\/blockquote>\n\n\n\n<h2 class=\"wp-block-heading\">Balan\u00e7o positivo <\/h2>\n\n\n\n<p>Desta forma, o balan\u00e7o que a Fidelidade faz da sua participa\u00e7\u00e3o na COP29 \u00e9 claramente positivo. \u201cDivulg\u00e1mos as nossas iniciativas, que tiveram um bom acolhimento, o que nos permitiu validar o valor da nossa a\u00e7\u00e3o em prol da sustentabilidade ambiental\u201d, sublinhou o Diretor de Sustentabilidade da seguradora.<\/p>\n\n\n\n<p>Por outro lado, numa perspetiva mais lata, \u201ca nossa participa\u00e7\u00e3o foi tamb\u00e9m importante para estarmos a par do que est\u00e1 a ser feito pelo setor financeiro e na \u00e1rea seguradora. Quais s\u00e3o os temas que est\u00e3o a ser discutidos, que novos estudos est\u00e3o a ser lan\u00e7ados, que inova\u00e7\u00f5es est\u00e3o a ser implementadas e pensadas. Tudo isso \u00e9 importante para a Fidelidade\u201d. <\/p>\n\n\n\n<h2 class=\"wp-block-heading\">Din\u00e2mica de crescimento <\/h2>\n\n\n\n<p>Terminada a COP29 est\u00e1 na altura de olhar para o futuro. \u201cO setor financeiro sempre esteve muito presente nestas confer\u00eancias, mas o setor segurador n\u00e3o tanto. Este ano not\u00e1mos maior presen\u00e7a de seguradoras e para o pr\u00f3ximo ano j\u00e1 est\u00e1 anunciado que o setor ter\u00e1 um pavilh\u00e3o dedicado\u201d, observou Jo\u00e3o Mestre. Esta evolu\u00e7\u00e3o mostra \u201cque o setor est\u00e1 numa din\u00e2mica de crescimento neste \u00e2mbito, sobretudo pelo seu papel como investidor, mas cada vez mais pelo papel que pode assumir na prote\u00e7\u00e3o dos investimentos face \u00e0s altera\u00e7\u00f5es clim\u00e1ticas\u201d. <\/p>\n\n\n\n<p>A Fidelidade vai continuar a participar e a inovar. \u201cAcredito que vamos continuar a estar presentes, n\u00e3o s\u00f3 porque queremos continuar a liderar, divulgando as nossas iniciativas, mas tamb\u00e9m porque este \u00e9 o melhor sitio para tomarmos conhecimento de tudo o que de mais importante est\u00e1 a ser feito nesta \u00e1rea, para estabelecer rela\u00e7\u00f5es e pontos de contacto com entidades com os mesmos objetivos e ambi\u00e7\u00f5es que n\u00f3s temos no campo da sustentabilidade\u201d, conclui Jo\u00e3o Mestre.<\/p>\n\n\n\n<p><\/p>\n\n\n\n<p><\/p>\n","protected":false},"excerpt":{"rendered":"<p>Na Cimeira do Clima, a ind\u00fastria seguradora mostrou compromisso crescente com a adapta\u00e7\u00e3o \u00e0s altera\u00e7\u00f5es<br \/>\nclim\u00e1ticas. Na COP30, seguros ter\u00e3o um pavilh\u00e3o pr\u00f3prio. Fidelidade lidera com Plano Net Zero  e Impact Center for Climate Change<\/p>\n","protected":false},"author":58,"featured_media":436,"comment_status":"closed","ping_status":"closed","sticky":false,"template":"","format":"standard","meta":{"footnotes":""},"categories":[84,4],"tags":[13,73,10,19,76,46,82],"class_list":["post-430","post","type-post","status-publish","format-standard","has-post-thumbnail","hentry","category-84","category-cobertura","tag-alteracoes-climaticas","tag-cop29","tag-fidelidade","tag-impact-center-for-climate-change","tag-joao-mestre","tag-rui-esteves","tag-seguros"],"_links":{"self":[{"href":"https:\/\/bs.xl.pt\/climate-change-talks\/wp-json\/wp\/v2\/posts\/430","targetHints":{"allow":["GET"]}}],"collection":[{"href":"https:\/\/bs.xl.pt\/climate-change-talks\/wp-json\/wp\/v2\/posts"}],"about":[{"href":"https:\/\/bs.xl.pt\/climate-change-talks\/wp-json\/wp\/v2\/types\/post"}],"author":[{"embeddable":true,"href":"https:\/\/bs.xl.pt\/climate-change-talks\/wp-json\/wp\/v2\/users\/58"}],"replies":[{"embeddable":true,"href":"https:\/\/bs.xl.pt\/climate-change-talks\/wp-json\/wp\/v2\/comments?post=430"}],"version-history":[{"count":4,"href":"https:\/\/bs.xl.pt\/climate-change-talks\/wp-json\/wp\/v2\/posts\/430\/revisions"}],"predecessor-version":[{"id":451,"href":"https:\/\/bs.xl.pt\/climate-change-talks\/wp-json\/wp\/v2\/posts\/430\/revisions\/451"}],"wp:featuredmedia":[{"embeddable":true,"href":"https:\/\/bs.xl.pt\/climate-change-talks\/wp-json\/wp\/v2\/media\/436"}],"wp:attachment":[{"href":"https:\/\/bs.xl.pt\/climate-change-talks\/wp-json\/wp\/v2\/media?parent=430"}],"wp:term":[{"taxonomy":"category","embeddable":true,"href":"https:\/\/bs.xl.pt\/climate-change-talks\/wp-json\/wp\/v2\/categories?post=430"},{"taxonomy":"post_tag","embeddable":true,"href":"https:\/\/bs.xl.pt\/climate-change-talks\/wp-json\/wp\/v2\/tags?post=430"}],"curies":[{"name":"wp","href":"https:\/\/api.w.org\/{rel}","templated":true}]}}