{"id":1451,"date":"2024-03-01T15:00:24","date_gmt":"2024-03-01T15:00:24","guid":{"rendered":"https:\/\/bs.xl.pt\/corporate-padel-league\/sem-categoria\/empresas-do-centro-do-pais-mostraram-a-sua-garra-no-padel\/"},"modified":"2024-03-01T15:00:24","modified_gmt":"2024-03-01T15:00:24","slug":"empresas-do-centro-do-pais-mostraram-a-sua-garra-no-padel","status":"publish","type":"post","link":"https:\/\/bs.xl.pt\/corporate-padel-league\/cobertura\/empresas-do-centro-do-pais-mostraram-a-sua-garra-no-padel\/","title":{"rendered":"Empresas do centro do pa\u00eds mostraram a sua garra no padel"},"content":{"rendered":"\n<p>O MEO Empresas Corporate Padel League est\u00e1 de volta com mais garra do que nunca. Os campos do Padel XXL, na Batalha, abriram as portas no \u00faltimo fim de semana de 24 e 25 de fevereiro para receber a 2.\u00aa edi\u00e7\u00e3o da competi\u00e7\u00e3o nacional de padel entre empresas com chancela da Federa\u00e7\u00e3o Portuguesa de Padel. De raqueta na m\u00e3o e camisola da empresa ao peito, nem a chuva intensa impediu 200 jogadores de trocarem bolas em campo e nos neg\u00f3cios.<\/p>\n\n\n\n<p>Num frente a frente, oito empresas diferentes lutaram pelo t\u00edtulo de empresa campe\u00e3 nacional de padel. Desde o setor das telecomunica\u00e7\u00f5es ao mercado dos eletrodom\u00e9sticos, passando pela \u00e1rea do turismo, foram v\u00e1rias as empresas, organiza\u00e7\u00f5es e associa\u00e7\u00f5es que se inscreveram na fase regional do centro. Foram elas a 3PADEL, Betinat\u00eaxteis Lar, Caldas Performance, Eternobom, MEO Empresas, NOS Comunica\u00e7\u00f5es, Po\u00e7o e Meio &#8211; Turismo e a RGB Events.<\/p>\n\n\n\n<h3 class=\"wp-block-heading\">Centro apurou quatro finalistas<\/h3>\n\n\n\n<p>Ap\u00f3s dois dias repletos de muitos pontos, v\u00e1rios sets e uma centena de jogos, foram apuradas quatro equipas (duas masculinas e duas femininas) para a fase nacional a realizar entre 12 e 14 de abril no Oeiras Padel Academy, em Lisboa, onde ser\u00e1 consagrada a empresa vencedora. No masculino, foi apurada a equipa da Betinat\u00eaxteis Lar e a equipa da NOS Comunica\u00e7\u00f5es. J\u00e1 no feminino, tamb\u00e9m foi apurada a equipa da Betinat\u00eaxteis Lar e a equipa da MEO Empresas.<\/p>\n\n\n\n<p>\u201cNuma primeira fase regional, um dos nossos objetivos era chegar \u00e0 final, que se vai realizar em Lisboa\u201d, confessa Ana Sousa, capit\u00e3 da equipa feminina Betinatexteis Lar, entre jogos. \u201cNo ano passado, n\u00e3o fomos apuradas para a fase nacional porque a equipa da MEO Empresas acabou por nos eliminar\u201d, afirma a designer que exerce fun\u00e7\u00f5es na Betinatexteis Lar em Leiria.<\/p>\n\n\n\n<p>Com uma energia contagiante e um enorme orgulho nas colegas de equipa, Ana Sousa acredita que a sua empresa pode ser a pr\u00f3xima campe\u00e3 nacional de padel. \u201cVencer seria a cereja no topo do bolo. Temos uma equipa muito unida para seguir em frente com mais for\u00e7a e espalhar magia na final\u201d, adianta a capit\u00e3. \u201cO padel \u00e9 mais do que um desporto, \u00e9 uma filosofia de vida onde trabalhamos juntos para um objetivo em comum\u201d, diz em entrevista ao Jornal de Neg\u00f3cios.<\/p>\n\n\n<div class=\"uk-inline\"><img decoding=\"async\" src=\"\" alt=\"Empresas do centro do pa\u00eds mostraram a sua garra no padel\" loading=\"lazy\" \/><\/div><p class=\"uk-hidden@s uk-text-small uk-text-muted uk-margin-small-top uk-margin-medium-bottom uk-text-left\"><\/p>\n\n\n\n<p>J\u00e1 R\u00faben Jorge, capit\u00e3o da equipa masculina Betinatexteis Lar e diretor t\u00e9cnico da empresa, promete igualmente dar o seu melhor na corrida pelo trof\u00e9u do MEO Empresas Corporate Padel League. \u201cA Betinatexteis Lar \u00e9 uma empresa que apoia o desporto e, acima de tudo, gosta de promover o esp\u00edrito de equipa n\u00e3o s\u00f3 aos seus colaboradores mas tamb\u00e9m \u00e0s camadas mais jovens e \u00e0 sua comunidade\u201d, acrescenta a porta-voz Ana Sousa.<\/p>\n\n\n\n<div class=\"wp-block-columns is-layout-flex wp-container-core-columns-is-layout-9d6595d7 wp-block-columns-is-layout-flex\">\n<div class=\"wp-block-column is-layout-flow wp-block-column-is-layout-flow\"><div data-uk-grid class=\"featured-box uk-card uk-grid-collapse uk-margin\"><div class=\"uk-width-1-1\"><div class=\"uk-card-body\"><h3 class=\"uk-card-title\">Equipas masculinas<\/h3><\/p>\n<ul>\n<li>Betinat\u00eaxteis Lar<\/li>\n<li>NOS Comunica\u00e7\u00f5es<\/li>\n<\/ul>\n<p><\/div><\/div><\/div>\n<\/div>\n\n\n\n<div class=\"wp-block-column is-layout-flow wp-block-column-is-layout-flow\"><div data-uk-grid class=\"featured-box uk-card uk-grid-collapse uk-margin\"><div class=\"uk-width-1-1\"><div class=\"uk-card-body\"><h3 class=\"uk-card-title\">Equipas femininas<\/h3><\/p>\n<ul>\n<li>Meo Empresas<\/li>\n<li>Betinat\u00eaxteis Lar<\/li>\n<\/ul>\n<p><\/div><\/div><\/div>\n<\/div>\n<\/div>\n\n\n\n<h3 class=\"wp-block-heading\">Trocar bolas em campo e nos neg\u00f3cios<\/h3>\n\n\n\n<p>O MEO Empresas Corporate Padel League \u00e9 uma excelente oportunidade para os participantes se conhecerem, estabelecerem colabora\u00e7\u00f5es e ampliarem ainda a sua rede de contactos \u2014 mesmo para aqueles que n\u00e3o alcan\u00e7arem a vit\u00f3ria. Pondo frente a frente equipas formadas por colaboradores de diferentes empresas, a meta \u00e9 criar uma competi\u00e7\u00e3o saud\u00e1vel a n\u00edvel corporativo fora do local habitual do trabalho.<\/p>\n\n\n\n<p>\u201cNingu\u00e9m joga para perder, mas temos de nos lembrar de que viemos fundamentalmente para nos divertir, celebrar a paix\u00e3o pelo padel e criar rela\u00e7\u00f5es profissionais e pessoais\u201d, confessa Magno Pedrosa, capit\u00e3o da equipa masculina da MEO Empresas que acabou por n\u00e3o se apurar para a final do Corporate Padel League. \u201cNo fundo, esta \u00e9 uma \u00f3tima iniciativa para fortalecer rela\u00e7\u00f5es entre colegas e conhecer pessoas novas. No fim, ficamos todos a ganhar\u201d, adianta o gerente de contas-chave da MEO Empresas.<\/p>\n\n\n<div class=\"uk-inline\"><img decoding=\"async\" src=\"https:\/\/cdn.xl.pt\/bs\/uploads\/sites\/121\/2024\/03\/azores-padel-club1-1200x630.jpg\" alt=\"Empresas do centro do pa\u00eds mostraram a sua garra no padel\" loading=\"lazy\" \/><\/div><p class=\"uk-hidden@s uk-text-small uk-text-muted uk-margin-small-top uk-margin-medium-bottom uk-text-left\"><\/p>\n\n\n<div data-uk-grid class=\"featured-box uk-card uk-grid-collapse uk-margin\"><div class=\"uk-width-1-1\"><div class=\"uk-card-body\"><h3 class=\"uk-card-title\">Calend\u00e1rio<\/h3><\/p>\n<p>Conhe\u00e7a as pr\u00f3ximas etapas, datas e locais da prova:<\/p>\n\n<p><b>Fase regional:<\/b><\/p>\n<ul>\n<li>2 e 3 mar\u00e7o 2024 \u2013 A\u00e7ores (Azores Padel Club)<\/li>\n<li>8, 9 e 10 mar\u00e7o 2024 \u2013 Lisboa (Oeiras Padel Academy)<\/li>\n<li>15, 16 e 17 mar\u00e7o 2024 &#8211; Porto (Douro Padel)<\/li>\n<li>22, 23 e 24 mar\u00e7o 2024 \u2013 Madeira (Quinta do Padel)<\/li>\n<li>5, 6 e 7 abril 2024 \u2013 Algarve (Vilamoura T\u00e9nis &#038; Padel Academy)<\/li>\n<\/ul>\n\n<p><b>Fase nacional:<\/b><\/p>\n<ul>\n<li>12, 13 e 14 de abril 2024 \u2013 Lisboa (Oeiras Padel Academy)<\/li>\n<\/ul>\n<p><\/div><\/div><\/div>\n\n\n\n<h3 class=\"wp-block-heading\">Competi\u00e7\u00e3o atravessa fronteiras do Atl\u00e2ntico<\/h3>\n\n\n\n<p>Depois da estreia na Batalha, a segunda etapa da competi\u00e7\u00e3o decorrer\u00e1 no Azores Padel Club, em Ponta Delgada, no fim de semana de 2 a 3 de mar\u00e7o. A capital da ilha de S\u00e3o Miguel, nos A\u00e7ores, receber\u00e1 quase uma dezena de empresas cheias de motiva\u00e7\u00e3o para serem as campe\u00e3s nacionais MEO Empresas Corporate Padel League 2024 Inscritas nesta etapa est\u00e3o, por ordem alfab\u00e9tica: A\u00e7orbase, APC &#8211; Clube de Padel A\u00e7ores, Bensaude, Finan\u00e7or Agro-Alimentar, Future Procedure, GNR, MEO Empresas, Sata Air A\u00e7ores e Serviel.<\/p>\n\n\n\n<p>Esta prova regional ser\u00e1 disputada no pr\u00f3ximo s\u00e1bado e domingo para apurar mais dois classificados tanto na categoria masculina como na categoria feminina. Cada equipa jogar\u00e1, no m\u00ednimo, quatro encontros e doze jogos. O sistema de competi\u00e7\u00e3o ser\u00e1 realizado por grupos seguido de um quadro de elimina\u00e7\u00e3o direta entre as equipas mais bem classificadas de cada grupo. Ao contr\u00e1rio do ano passado, existe ainda um quadro secund\u00e1rio de m\u00e9rito em que os participantes podem vencer medalhas e outros pr\u00e9mios.<\/p>\n\n\n\n<h3 class=\"wp-block-heading\">Seis regi\u00f5es, apenas uma final<\/h3>\n\n\n\n<p>O campeonato decorrer\u00e1 at\u00e9 abril e passar\u00e1 ainda pela regi\u00e3o de Lisboa (Oeiras), regi\u00e3o do Norte (Porto), ilha da Madeira (Funchal) e regi\u00e3o do Sul (Algarve). Por cada regi\u00e3o ser\u00e3o apuradas duas equipas masculinas e femininas \u2014 \u00e0 exce\u00e7\u00e3o de Lisboa e Porto que classificar\u00e1 quatro equipas de cada \u2014 para a fase nacional a realizar nos dias 12, 13 e 14 de abril, na qual ser\u00e3o consagradas as empresas vencedoras, no masculino e feminino.<\/p>\n\n\n\n<p>Depois do sucesso da primeira edi\u00e7\u00e3o, o MEO Empresas Corporate Padel League pretende superar os n\u00fameros da edi\u00e7\u00e3o anterior, alcan\u00e7ando um total de 1.500 participantes e mais de 150 empresas espalhadas por seis regi\u00f5es do pa\u00eds. Est\u00e3o todos convidados a acompanhar as etapas de apuramento e prova final em <a rel=\"noreferrer noopener\" href=\"https:\/\/meocorporatepadelleague.negocios.pt\/\" target=\"_blank\">meocorporatepadelleague.negocios.pt<\/a>.<\/p>\n\n\n\n<h3 class=\"wp-block-heading\">Inscri\u00e7\u00f5es ainda est\u00e3o a decorrer<\/h3>\n\n\n\n<p>Ainda vai a tempo de convencer os seus colegas a entrar em campo, num ambiente divertido e descontra\u00eddo, para conquistarem o t\u00edtulo de campe\u00f5es nacionais MEO Empresas Corporate Padel League 2024 As inscri\u00e7\u00f5es das equipas masculinas e equipas femininas est\u00e3o a decorrer at\u00e9 sete dias antes da realiza\u00e7\u00e3o da respetiva etapa. Prepare a raqueta porque o n\u00famero de vagas m\u00e1ximo por regi\u00e3o \u00e9 limitado. No ano passado, as inscri\u00e7\u00f5es para a etapa masculina de Lisboa esgotaram um m\u00eas antes da prova.<\/p>\n\n\n\n<p>Inscreva j\u00e1 a sua equipa no site oficial da competi\u00e7\u00e3o com os dados da empresa, contacto do capit\u00e3o, regi\u00e3o onde pretende participar e g\u00e9nero dos membros da equipa. Cada empresa poder\u00e1 inscrever v\u00e1rias equipas na prova e em diferentes regi\u00f5es. Ser\u00e1 posteriormente contactado para formalizar o restante processo e realizar o pagamento da inscri\u00e7\u00e3o no valor de 500\u20ac + IVA, por equipa. O sucesso da sua empresa define-se em campo.<\/p>\n","protected":false},"excerpt":{"rendered":"<p>A 2.\u00aa edi\u00e7\u00e3o do campeonato nacional de padel MEO Empresas Corporate Padel League arrancou no passado fim de semana na Batalha. Quatro empresas foram apuradas. E a sua? Ainda vai a tempo de a inscrever no campeonato.<\/p>\n","protected":false},"author":29,"featured_media":1454,"comment_status":"open","ping_status":"open","sticky":false,"template":"","format":"standard","meta":{"footnotes":""},"categories":[16],"tags":[125,131],"class_list":["post-1451","post","type-post","status-publish","format-standard","has-post-thumbnail","hentry","category-cobertura","tag-edicao-2024","tag-meo-empresas"],"_links":{"self":[{"href":"https:\/\/bs.xl.pt\/corporate-padel-league\/wp-json\/wp\/v2\/posts\/1451","targetHints":{"allow":["GET"]}}],"collection":[{"href":"https:\/\/bs.xl.pt\/corporate-padel-league\/wp-json\/wp\/v2\/posts"}],"about":[{"href":"https:\/\/bs.xl.pt\/corporate-padel-league\/wp-json\/wp\/v2\/types\/post"}],"author":[{"embeddable":true,"href":"https:\/\/bs.xl.pt\/corporate-padel-league\/wp-json\/wp\/v2\/users\/29"}],"replies":[{"embeddable":true,"href":"https:\/\/bs.xl.pt\/corporate-padel-league\/wp-json\/wp\/v2\/comments?post=1451"}],"version-history":[{"count":0,"href":"https:\/\/bs.xl.pt\/corporate-padel-league\/wp-json\/wp\/v2\/posts\/1451\/revisions"}],"wp:featuredmedia":[{"embeddable":true,"href":"https:\/\/bs.xl.pt\/corporate-padel-league\/wp-json\/wp\/v2\/media\/1454"}],"wp:attachment":[{"href":"https:\/\/bs.xl.pt\/corporate-padel-league\/wp-json\/wp\/v2\/media?parent=1451"}],"wp:term":[{"taxonomy":"category","embeddable":true,"href":"https:\/\/bs.xl.pt\/corporate-padel-league\/wp-json\/wp\/v2\/categories?post=1451"},{"taxonomy":"post_tag","embeddable":true,"href":"https:\/\/bs.xl.pt\/corporate-padel-league\/wp-json\/wp\/v2\/tags?post=1451"}],"curies":[{"name":"wp","href":"https:\/\/api.w.org\/{rel}","templated":true}]}}