{"id":1621,"date":"2024-04-04T09:04:09","date_gmt":"2024-04-04T09:04:09","guid":{"rendered":"https:\/\/bs.xl.pt\/corporate-padel-league\/?p=1621"},"modified":"2024-04-11T10:05:31","modified_gmt":"2024-04-11T10:05:31","slug":"etapa-madeira-com-mais-participacao-e-emocao-ate-ao-fim","status":"publish","type":"post","link":"https:\/\/bs.xl.pt\/corporate-padel-league\/cobertura\/etapa-madeira-com-mais-participacao-e-emocao-ate-ao-fim\/","title":{"rendered":"Etapa Madeira com mais participa\u00e7\u00e3o e emo\u00e7\u00e3o at\u00e9 ao fim"},"content":{"rendered":"\n<p>Foi um \u00eaxito assinal\u00e1vel a etapa da Madeira do MEO Empresas Corporate Padel League, cuja segunda edi\u00e7\u00e3o voltou a realizar-se na Quinta do Padel a 22, 23 e 24 de mar\u00e7o. Com mais participa\u00e7\u00e3o e emo\u00e7\u00e3o at\u00e9 o fim, quatro empresas garantiram o bilhete para a final\u00edssima, a ter lugar em Lisboa a 12, 13 e 14 de abril: a MEO Empresas Madeira carimbou a presen\u00e7a nos dois g\u00e9neros, al\u00e9m do Hotel The Vine (masculinos) e SAS Madeira (femininos). A equipa do The Vine confirmou o favoritismo, com Paulo Vieira e Pedro Silva a vencerem por 2-0 (6-2 e 6-2) S\u00e9rgio Silva e S\u00e9rgio Castro da C. Santos, e a repetirem a presen\u00e7a do ano passado na final\u00edssima. \u201cO objetivo \u00e9 fazermos boa figura a n\u00edvel nacional e, por isso, reunimos um lote de excelentes atletas. Acab\u00e1mos por ter uma fase de apuramento tranquila, mas o objetivo tamb\u00e9m era divertirmo- nos\u201d, salientou o capit\u00e3o Paulo Vieira, antigo andebolista internacional portugu\u00eas, que curiosamente viu a sua mulher e tamb\u00e9m ex-andebolista, Cristina Vieira Gomes, vencer nos femininos pela MEO Empresas. A vertente social deste desporto foi real\u00e7ada pelo jogador. \u201cEste torneio de empresas tem um esp\u00edrito bastante agrad\u00e1vel e saud\u00e1vel. Come\u00e7ando pela nossa equipa, que \u00e9 um grupo espetacular.\u201d <\/p>\n\n\n\n<p>Quem tamb\u00e9m repetiu a vit\u00f3ria do ano passado foi a MEO Empresas na vertente feminina, com a capit\u00e3 Lisa Martins a formar dupla com Cristina Vieira Gomes e a derrotar a forma\u00e7\u00e3o do SESARAM (Ana Sousa\/Vilma Martins) num jogo muito disputado (2-1, parciais de 6-7, 7-6 e 10-7) e que prendeu a aten\u00e7\u00e3o do p\u00fablico. \u201cFoi a segunda vit\u00f3ria seguida. No ano passado, fic\u00e1mos apuradas em segundo lugar, este ano novamente igual, depois de uma verdadeira \u2018batalha\u2019, num bom jogo. Agora rumo a Lisboa, onde vamos dar tudo. \u00c9 um jogo de cada vez\u201d, salientou Lisa. A MEO Empresas Madeira p\u00f4s assim duas equipas nas decis\u00f5es e o capit\u00e3o Ant\u00f3nio Cunha Silva real\u00e7ou o m\u00e9rito nos dois g\u00e9neros. \u201c\u00c9 o segundo ano consecutivo que conseguimos apurar as equipas masculina e feminina, o que \u00e9 fant\u00e1stico. O jogo feminino teve de ir a dois \u2018tie-breaks\u2019, mas conseguimos\u201d, assinalou, esperando agora fazer boa figura. \u201cA ideia \u00e9 fazer o melhor poss\u00edvel. No ano passado, fic\u00e1mos bem cotados nos femininos e a meio da tabela nos masculinos, mas este ano \u00e9 para ficar no p\u00f3dio. S\u00f3 trabalhamos para p\u00f3dios, n\u00e3o para f\u00e9rias!\u201d, assumiu com humor, ap\u00f3s ver a sua equipa masculina bater o SESARAM por 2-0 (6-1 e 6-2). <\/p>\n\n\n<div class=\"uk-inline\"><img decoding=\"async\" src=\"https:\/\/cdn.xl.pt\/bs\/uploads\/sites\/121\/2024\/04\/foto-secundaria-Madeira-1200x630.jpg\" alt=\"Etapa Madeira com mais participa\u00e7\u00e3o e emo\u00e7\u00e3o at\u00e9 ao fim\" loading=\"lazy\" \/><div class=\"uk-visible@s uk-overlay uk-overlay-default uk-position-bottom uk-padding-small uk-text-left\">Equipas femininas da SAS Madeira e MEO Empresas v\u00e3o \u00e0 final<\/div><\/div><p class=\"uk-hidden@s uk-text-small uk-text-muted uk-margin-small-top uk-margin-medium-bottom uk-text-left\">Equipas femininas da SAS Madeira e MEO Empresas v\u00e3o \u00e0 final<\/p>\n\n\n\n<p>A SAS Madeira tamb\u00e9m conseguiu o apuramento no feminino, ap\u00f3s superar a forma\u00e7\u00e3o do DataMentors por 2-0 (6-0 e 6-0). Joana Barros, que fez equipa com Madalena Matias, registou a proeza. \u201cCorreu muito bem, at\u00e9 melhor do que no ano passado. Em Lisboa, vai ser mais renhido, mas estamos preparadas para isso, pois \u00e9 isso que nos d\u00e1 \u2018pica\u2019. O n\u00edvel \u00e9 outro, mas estamos sempre a aprender e vamos com tudo\u201d, sublinhou, notando: \u201cNa Madeira, n\u00e3o temos muitos torneios federados, mas mais torneios sociais, e esta \u00e9 tamb\u00e9m uma maneira de evoluirmos na modalidade e estarmos mais preparadas quando formos ao continente.\u201d<\/p>\n\n\n\n<h2 class=\"wp-block-heading\">O \u00eaxito social do padel <\/h2>\n\n\n\n<p>\u00c0 semelhan\u00e7a de outras etapas desta prova, a vertente social foi muito real\u00e7ada pelos participantes, al\u00e9m da vertente competitiva. Jo\u00e3o Santos, respons\u00e1vel pela \u00e1rea empresarial da MEO na Madeira, n\u00e3o tem d\u00favidas de que foi mais uma aposta ganha. \u201cO padel \u00e9 um desporto que tem ganho adeptos de forma exponencial, com muitos praticantes e \u00e9 um desporto integrador, porque \u00e9 para todas as idades e para os dois sexos. E notamos que grande parte dos nossos clientes est\u00e3o a aderir. Esta \u00e9 uma forma de contactar com eles num ambiente mais social e descontra\u00eddo, em que podemos estreitar os la\u00e7os\u201d, salientou, pormenorizando: \u201c\u00c9 o networking, onde podemos falar com eles de modo mais informal. Mais do que clientes, queremos que nos olhem mais como parceiros.\u201d<\/p>\n\n\n\n<p>A maior participa\u00e7\u00e3o de empresas significa que o MEO Empresas Corporate Padel League est\u00e1 a crescer. \u201cTem sido um sucesso. O ano passado foi a nossa primeira experi\u00eancia nesta \u00e1rea. Estamos a aprender e de ano para ano \u00e9 para melhorar, para termos mais equipas e um ambiente cada vez mais social. \u00c9 uma iniciativa para continuar\u201d, considerou Jo\u00e3o Santos, aguardando que as duas equipas da marca representem bem a Madeira na final\u00edssima. Tamb\u00e9m Hugo Martins, supervisor da Mimosa, real\u00e7ou a dimens\u00e3o da torneio. \u201cNa promo\u00e7\u00e3o do nosso produto, a gama Prote\u00edna, \u00e9 muito importante para a marca participarmos nestes eventos, que t\u00eam relev\u00e2ncia nacional e n\u00e3o s\u00f3 na Madeira. Estamos em todas as superf\u00edcies comerciais e a ideia \u00e9 divulgar ao m\u00e1ximo o produto\u201d, observou.<\/p>\n\n\n\n<h2 class=\"wp-block-heading\">Pr\u00f3xima etapa: Algarve <\/h2>\n\n\n\n<p>Sem tempo a perder, o MEO Empresas Corporate Padel League j\u00e1 est\u00e1 de malas feitas para o pr\u00f3ximo destino: o Algarve. As honras de fecho da competi\u00e7\u00e3o antes da final\u00edssima ficar\u00e3o a cargo da Vilamoura T\u00e9nis &amp; Padel Academy, no Algarve, a 5, 6 e 7 de abril.<\/p>\n\n\n<div data-uk-grid class=\"featured-box uk-card uk-grid-collapse uk-margin\"><div class=\"uk-width-1-1\"><div class=\"uk-card-body\"><h3 class=\"uk-card-title\">Um m\u00e9dico e um ex-futebolista<\/h3><\/p>\n<p>Elias Gon\u00e7alves, m\u00e9dico imuno-hemoterapeuta do banco de sangue do Hospital Dr. N\u00e9lio Mendon\u00e7a, no Funchal, e a sua mulher, Ana Laranjo, psic\u00f3loga cl\u00ednica no servi\u00e7o de Nefrologia e nos Cuidados Intensivos, fizeram parte da equipa do SESARAM, que discutiu a presen\u00e7a na final\u00edssima e deram o exemplo. \u201c\u00c9 importante que toda a gente consiga conciliar a sua profiss\u00e3o com a pr\u00e1tica desportiva, se for poss\u00edvel, claro. Enquanto m\u00e9dico, a atividade f\u00edsica \u00e9 fundamental e, para quem gosta de competir mais ou menos a s\u00e9rio, acaba por ser engra\u00e7ado. Depois h\u00e1 o conv\u00edvio e a fam\u00edlia tamb\u00e9m vem e apoia. Neste caso, marido e mulher jogam. Nesse aspeto, o padel \u00e9 gir\u00edssimo\u201d, comentou Elias Gon\u00e7alves. A prova tamb\u00e9m levou \u00e0 Quinta do Padel o antigo futebolista do Mar\u00edtimo, Briguel. <\/p>\n<p>\u201cPratico padel desde que fui para diretor desportivo do Mar\u00edtimo, com o Daniel Ramos na equipa t\u00e9cnica, e fomos tomando o gosto. A pr\u00e1tica desportiva \u00e9 importante e, c\u00e1 fora, a parte social \u00e9 brutal, tal o entendimento entre pessoas de v\u00e1rias gera\u00e7\u00f5es\u201d, notou o madeirense. \u201cEste \u00e9 um conceito muito bom, pois n\u00e3o h\u00e1 n\u00edveis e qualquer um pode jogar com jogadores mais experientes e com melhor qualidade, o que permite evoluir. O padel \u00e9 uma modalidade que est\u00e1 a evoluir muito na Madeira e j\u00e1 aparecem jovens muito interessantes para fazer carreira. Depois, acaba por ser mais saud\u00e1vel do que o futebol. Apesar de ningu\u00e9m gostar de perder, aqui \u00e9 a consci\u00eancia de cada um, n\u00e3o h\u00e1 o contacto f\u00edsico do futebol, em que por vezes h\u00e1 maldade, como senti nos veteranos. Aqui n\u00e3o h\u00e1 isso, o conv\u00edvio \u00e9 espetacular e depois torna-se viciante. Toda a gente quer jogar, evoluir e melhorar.\u201d<\/p>\n<p><\/div><\/div><\/div>\n\n\n<div class=\"uk-inline\"><img decoding=\"async\" src=\"https:\/\/cdn.xl.pt\/bs\/uploads\/sites\/121\/2024\/04\/Madeira5-1200x630.jpg\" alt=\"Etapa Madeira com mais participa\u00e7\u00e3o e emo\u00e7\u00e3o at\u00e9 ao fim\" loading=\"lazy\" \/><div class=\"uk-visible@s uk-overlay uk-overlay-default uk-position-bottom uk-padding-small uk-text-left\">A Quinta do Padel foi o palco de mais um torneio de sucesso.\nNa foto, a equipa da Fisiogaspar<\/div><\/div><p class=\"uk-hidden@s uk-text-small uk-text-muted uk-margin-small-top uk-margin-medium-bottom uk-text-left\">A Quinta do Padel foi o palco de mais um torneio de sucesso.\nNa foto, a equipa da Fisiogaspar<\/p>\n\n\n<div data-uk-grid class=\"featured-box uk-card uk-grid-collapse uk-margin\"><div class=\"uk-width-1-1\"><div class=\"uk-card-body\"><h3 class=\"uk-card-title\">Quinta do Padel vai investir<\/h3><\/p>\n<p>A etapa Madeira voltou a realizar-se na modelar Quinta do Padel, um espa\u00e7o que ofereceu todas as condi\u00e7\u00f5es para os participantes. \u201cEste ano juntaram-se mais algumas empresas, atendendo ao sucesso que a prova teve na primeira edi\u00e7\u00e3o. \u00c9 um torneio diferente, que conjuga v\u00e1rias empresas e h\u00e1 oportunidade de os atletas jogarem com quem n\u00e3o costumam jogar. H\u00e1 uma mistura de n\u00edveis e um esp\u00edrito de equipa e camaradagem, e normalmente nos outros torneios \u2013 nos quais jogam apenas duplas \u2013 n\u00e3o encontramos este tipo de energia na competi\u00e7\u00e3o. Isto faz com que seja um torneio diferenciado, o que por si s\u00f3 \u00e9 uma mais-valia para a competi\u00e7\u00e3o\u201d, assinalou Pedro Pestana, real\u00e7ando a vertente social da modalidade.<\/p>\n<p> \u201cO padel nasce muito virado para a parte social, pois \u00e9 composta por n\u00edveis e a faixa et\u00e1ria \u00e9 um bocadinho mais alta, o que faz com que essa vertente tenha grande peso neste tipo de eventos. E a Quinta do Padel procura conciliar a parte social \u00e0 desportiva nos eventos que alberga. Estamos muito satisfeitos com este resultado final do MEO Empresas Corporate Padel League\u201d. <\/p>\n<p>O respons\u00e1vel confirmou que em breve vai nascer um novo espa\u00e7o, noutro investimento ambicioso. \u201cEstamos em fase de projeto e a dar os primeiros passos, para tebol. Apesar de ningu\u00e9m gostar de perder, aqui \u00e9 a consci\u00eancia de cada um, n\u00e3o h\u00e1 o contacto f\u00edsico do futebol, em que por vezes h\u00e1 maldade, como senti nos veteranos. Aqui n\u00e3o h\u00e1 isso, o conv\u00edvio \u00e9 espetacular e depois torna-se viciante. Toda a gente quer jogar, evoluir e melhorar.\u201d que possamos abrir um novo espa\u00e7o, com novas componentes, alicer\u00e7ada tamb\u00e9m no padel. Um espa\u00e7o de lazer mais amplo, que acreditamos ser\u00e1 uma mais-valia na Regi\u00e3o Aut\u00f3noma da Madeira\u201d, revelou.<\/p>\n<p><\/div><\/div><\/div>\n\n\n\n<p><strong>EMPRESAS APURADAS<\/strong><br>Equipas masculinas:<\/p>\n\n\n\n<ul class=\"wp-block-list\">\n<li>Hotel The Vine<\/li>\n\n\n\n<li>MEO Empresas Madeira<br>Equipas femininas:<\/li>\n\n\n\n<li>SAS Madeira<\/li>\n\n\n\n<li>MEO Empresas Madeira<\/li>\n<\/ul>\n\n\n\n<p><strong>CALEND\u00c1RIO<\/strong><br>Conhe\u00e7a as pr\u00f3ximas etapas, datas e locais da prova:<\/p>\n\n\n\n<ul class=\"wp-block-list\">\n<li>Fase regional<br>5, 6 e 7 abril 2024 \u2013 Algarve<br>(Vilamoura T\u00e9nis &amp; Padel Academy)<\/li>\n\n\n\n<li>Fase nacional<br>12, 13 e 14 de abril 2024 \u2013 Lisboa (Padel Factory &#8211; Agualva-Cac\u00e9m)<\/li>\n<\/ul>\n\n\n\n<p><\/p>\n","protected":false},"excerpt":{"rendered":"<p>A etapa da Madeira do MEO Empresas Corporate Padel League premiou as equipas masculinas do The Vine e MEO Empresas e as femininas da SAS Madeira e MEO Empresas.<\/p>\n","protected":false},"author":58,"featured_media":1630,"comment_status":"closed","ping_status":"closed","sticky":false,"template":"","format":"standard","meta":{"footnotes":""},"categories":[16],"tags":[125,58,134,55],"class_list":["post-1621","post","type-post","status-publish","format-standard","has-post-thumbnail","hentry","category-cobertura","tag-edicao-2024","tag-funchal","tag-meo-empresas-corporate-padel-league","tag-quinta-do-padel"],"_links":{"self":[{"href":"https:\/\/bs.xl.pt\/corporate-padel-league\/wp-json\/wp\/v2\/posts\/1621","targetHints":{"allow":["GET"]}}],"collection":[{"href":"https:\/\/bs.xl.pt\/corporate-padel-league\/wp-json\/wp\/v2\/posts"}],"about":[{"href":"https:\/\/bs.xl.pt\/corporate-padel-league\/wp-json\/wp\/v2\/types\/post"}],"author":[{"embeddable":true,"href":"https:\/\/bs.xl.pt\/corporate-padel-league\/wp-json\/wp\/v2\/users\/58"}],"replies":[{"embeddable":true,"href":"https:\/\/bs.xl.pt\/corporate-padel-league\/wp-json\/wp\/v2\/comments?post=1621"}],"version-history":[{"count":5,"href":"https:\/\/bs.xl.pt\/corporate-padel-league\/wp-json\/wp\/v2\/posts\/1621\/revisions"}],"predecessor-version":[{"id":1651,"href":"https:\/\/bs.xl.pt\/corporate-padel-league\/wp-json\/wp\/v2\/posts\/1621\/revisions\/1651"}],"wp:featuredmedia":[{"embeddable":true,"href":"https:\/\/bs.xl.pt\/corporate-padel-league\/wp-json\/wp\/v2\/media\/1630"}],"wp:attachment":[{"href":"https:\/\/bs.xl.pt\/corporate-padel-league\/wp-json\/wp\/v2\/media?parent=1621"}],"wp:term":[{"taxonomy":"category","embeddable":true,"href":"https:\/\/bs.xl.pt\/corporate-padel-league\/wp-json\/wp\/v2\/categories?post=1621"},{"taxonomy":"post_tag","embeddable":true,"href":"https:\/\/bs.xl.pt\/corporate-padel-league\/wp-json\/wp\/v2\/tags?post=1621"}],"curies":[{"name":"wp","href":"https:\/\/api.w.org\/{rel}","templated":true}]}}