{"id":1654,"date":"2024-04-11T09:35:27","date_gmt":"2024-04-11T09:35:27","guid":{"rendered":"https:\/\/bs.xl.pt\/corporate-padel-league\/?p=1654"},"modified":"2024-04-11T10:19:42","modified_gmt":"2024-04-11T10:19:42","slug":"meo-empresas-fazdobradinha-de-finalistas-na-etapa-do-algarve","status":"publish","type":"post","link":"https:\/\/bs.xl.pt\/corporate-padel-league\/cobertura\/meo-empresas-fazdobradinha-de-finalistas-na-etapa-do-algarve\/","title":{"rendered":"MEO Empresas faz \u201cdobradinha\u201d de finalistas na etapa do Algarve"},"content":{"rendered":"\n<p>Dezenas de empresas e associa\u00e7\u00f5es algarvias de v\u00e1rios setores associaram-se \u00e0 \u201cfebre\u201d do padel e levaram a Vilamoura equipas que participaram na 6.\u00aa e derradeira etapa da fase regional da 2.\u00aa edi\u00e7\u00e3o do MEO Empresas Corporate Padel League by Neg\u00f3cios. Entre os que evolu\u00edram nos courts de padel da Vilamoura Tennis &amp; Padel Academy, de 5 a 7 de abril, destaque para a MEO Empresas, que conseguiu o feito de qualificar para a final\u00edssima uma equipa no torneio masculino e outra no torneio feminino.<\/p>\n\n\n\n<p>De real\u00e7ar tamb\u00e9m as presta\u00e7\u00f5es das equipas da Sociedade do Golfe da Quinta do Lago, em masculinos, e da Lazer, em femininos, que se apuraram. A final\u00edssima de onde v\u00e3o sair as empresas campe\u00e3s nacionais de padel em masculinos e femininos ser\u00e1 realizada na Padel Factory, de 12 a 14 de abril, em Agualva-Cac\u00e9m. <\/p>\n\n\n\n<p>Naturalmente satisfeito com os resultados obtidos nas duas competi\u00e7\u00f5es ficou Gon\u00e7alo Bastos, gestor comercial da MEO Empresas. \u201cPreparem-se: o Algarve est\u00e1 a chegar \u00e0 capital!\u201d, exultou, sorridente, no fim da etapa algarvia, o respons\u00e1vel pela organiza\u00e7\u00e3o das equipas masculina e feminina. Gon\u00e7alo Bastos aproveitou para sublinhar que \u201ca organiza\u00e7\u00e3o\u201d desta competi\u00e7\u00e3o tem crescido \u201ca olhos vistos\u201d e \u201cest\u00e1 de parab\u00e9ns\u201d, n\u00e3o hesitando em considerar que o padel \u00e9 uma aposta ganha enquanto ponte de networking. \u201cEsta modalidade cresce a olhos vistos, cada vez tem mais praticantes federados e ser\u00e1 um desporto que se ir\u00e1 fixar no topo em termos de praticantes\u201d, concluiu. <\/p>\n\n\n<div class=\"uk-inline\"><img decoding=\"async\" src=\"https:\/\/cdn.xl.pt\/bs\/uploads\/sites\/121\/2024\/04\/IMG_5996-1200x630.jpg\" alt=\"MEO Empresas faz \u201cdobradinha\u201d de finalistas na etapa do Algarve\" loading=\"lazy\" \/><\/div><p class=\"uk-hidden@s uk-text-small uk-text-muted uk-margin-small-top uk-margin-medium-bottom uk-text-left\"><\/p>\n\n\n\n<p>Rute Cal\u00e9, capit\u00e3 da equipa feminina algarvia da MEO Empresas, tamb\u00e9m fez um balan\u00e7o positivo da competi\u00e7\u00e3o e da sua vertente social. \u201cClaro que o objetivo da competi\u00e7\u00e3o \u00e9 ganhar, e correu-nos bastante bem nesse aspeto, mas a mais-valia de praticar este desporto a n\u00edvel corporativo tem a ver com o fomentar do esp\u00edrito de equipa e da amizade. \u00c9 um desporto muito social, divertimo-nos bastante.\u201d Rute Cal\u00e9 deixou a promessa de que a sua equipa ir\u00e1 \u201ccontinuar\u201d a participar num torneio cuja organiza\u00e7\u00e3o descreve como sendo \u201cespetacular\u201d. E est\u00e1 confiante para a final\u00edssima: \u201cEstamos com f\u00e9, unidas e penso que vamos obter um bom resultado\u201d. <\/p>\n\n\n\n<h2 class=\"wp-block-heading\">Estreantes e repetentes <\/h2>\n\n\n\n<p>A equipa que representou a Sociedade do Golfe da Quinta do Lago foi uma das que pisaram os courts do clube de padel e t\u00e9nis de Vilamoura pela primeira vez, no contexto deste torneio. E f\u00ea-lo com impacto, assegurando uma dif\u00edcil vit\u00f3ria na meia-final disputada com a Infraespa\u00e7o, \u201cuma equipa muito competitiva, s\u00f3lida, que falha pouco\u201d, reconheceu Jos\u00e9 Casquilho, capit\u00e3o da forma\u00e7\u00e3o vencedora. Admitindo que o objetivo para a final\u00edssima ser\u00e1 \u201ctentar conquistar o t\u00edtulo\u201d, Jos\u00e9 Casquilho destacou duas grandes mais-valias neste torneio: a organiza\u00e7\u00e3o \u201cde cinco estrelas, sempre com muito material dispon\u00edvel\u201d, e \u201c\u00f3timas condi\u00e7\u00f5es dentro e fora dos courts\u201d, nomeadamente \u201cna zona de lounge\u201d; e, em termos corporativos, o conv\u00edvio que proporciona entre e com empresas, revelando ser \u201caltamente prov\u00e1vel\u201d que a Sociedade do Golfe da Quinta do Lago tenha conseguido \u201caumentar a sua notoriedade\u201d e procure, inclusive, \u201cformar parcerias\u201d. <\/p>\n\n\n<div class=\"uk-inline\"><img decoding=\"async\" src=\"https:\/\/cdn.xl.pt\/bs\/uploads\/sites\/121\/2024\/04\/Quinta-do-Lago-Algarve2-1200x630.jpg\" alt=\"MEO Empresas faz \u201cdobradinha\u201d de finalistas na etapa do Algarve\" loading=\"lazy\" \/><\/div><p class=\"uk-hidden@s uk-text-small uk-text-muted uk-margin-small-top uk-margin-medium-bottom uk-text-left\"><\/p>\n\n\n\n<p>Mais experimentada nestas andan\u00e7as, a Lazer voltar\u00e1 \u00e0 final\u00edssima com uma equipa feminina de padel, um ano depois, para tentar obter aquele que se posiciona como o primeiro t\u00edtulo nacional de padel para empresas a ser homologado pela Federa\u00e7\u00e3o Portuguesa de Padel. Sofia Oliveira, a capit\u00e3 da equipa feminina desta empresa de telecomunica\u00e7\u00f5es, frisa que o terceiro lugar obtido em 2023 \u00e9 a fasquia a superar. \u201cQueremos melhorar, e, se poss\u00edvel, ganhar! Somos umas guerreiras e o que interessa \u00e9 dar o m\u00e1ximo! Vamos a isso!\u201d, declarou ap\u00f3s a entrega das medalhas de finalistas, revelando-se \u201cmuito feliz\u201d e \u201corgulhosa\u201d pela reedi\u00e7\u00e3o da presen\u00e7a na decis\u00e3o da prova.<\/p>\n\n\n<div data-uk-grid class=\"featured-box uk-card uk-grid-collapse uk-margin\"><div class=\"uk-width-1-1\"><div class=\"uk-card-body\"><h3 class=\"uk-card-title\">\u201cEste torneio tem evolu\u00eddo muito bem<br \/>\ne as marcas v\u00e3o atr\u00e1s\u201d<\/h3><\/p>\n<p>NUNO ESPA\u00d1A, ADMINISTRADOR EXECUTIVO DAS CL\u00cdNICAS DO GRUPO LUS\u00cdADAS.<\/p>\n<p><b>De que forma este torneio cativou a aten\u00e7\u00e3o do Grupo Lus\u00edadas enquanto sponsor?<\/b><\/p>\n<p>Se a nossa miss\u00e3o \u00e9 ajudar a viver vidas mais saud\u00e1veis e melhorar sistemas de sa\u00fade, temos for\u00e7osamente de marcar presen\u00e7a no desporto. E, com a dimens\u00e3o que o padel atingiu, obviamente nos faz sentido trazer equipas para este torneio, fomentando estilos de vida saud\u00e1veis, mas tamb\u00e9m com equipas no terreno para ajudar naquilo que for necess\u00e1rio e demonstrando tamb\u00e9m aquilo que fazemos bem nos hospitais.<\/p>\n\n<p><b>Ao participarem neste torneio, os Lus\u00edadas tamb\u00e9m pretendem mostrar a sua vitalidade enquanto Grupo econ\u00f3mico\u2026<\/b><\/p>\n<p>Obviamente aproveit\u00e1mos a dimens\u00e3o de um campeonato desta dimens\u00e3o, que est\u00e1 em todo o pa\u00eds, tocando em todos os locais onde tamb\u00e9m temos presen\u00e7a. Aproveit\u00e1mos tamb\u00e9m o facto de termos o lan\u00e7amento da HeyDoc, uma nova marca com 32 novas cl\u00ednicas dent\u00e1rias, que \u00e9 um dos novos neg\u00f3cios de maior dimens\u00e3o do grupo. Tivemos aqui um conjunto de ativa\u00e7\u00f5es que nos fazem sentido.<\/p>\n\n<p><b>O padel \u00e9 uma escolha \u00f3bvia para efetuar parcerias, dado o crescimento da modalidade?<\/b><\/p>\n<p>&lt;p&lt;Sim, at\u00e9 pelo perfil de pessoas praticantes que, tipicamente, j\u00e1 s\u00e3o mais focadas na preven\u00e7\u00e3o, ou seja, j\u00e1 est\u00e3o preocupadas com a sua sa\u00fade. Este torneio tem evolu\u00eddo muito bem e as marcas v\u00e3o atr\u00e1s. Neste contexto, o que iremos observar \u00e9 a passagem de uma rela\u00e7\u00e3o de cliente-fornecedor para uma rela\u00e7\u00e3o entre parceiros. \u00c9 assim que as empresas se potenciam umas \u00e0s outras.<\/p>\n<p><\/div><\/div><\/div>\n\n\n\n<h2 class=\"wp-block-heading\">O quartel-general de Vilamoura <\/h2>\n\n\n\n<p>Numa regi\u00e3o que oferece \u201cmais de 300 dias de sol por ano\u201d, como os respetivos respons\u00e1veis tur\u00edsticos gostam de lembrar, a Vilamoura Tennis &amp; Padel Academy foi agraciada, durante esta \u00faltima etapa regional do torneio, com dias de c\u00e9u azul e calor que fizeram as del\u00edcias de participantes, organizadores, sponsors ou espetadores. Pedro Fraz\u00e3o, empres\u00e1rio e respons\u00e1vel m\u00e1ximo por este clube de t\u00e9nis e padel, tem muito gosto em receber o que considera ser um \u201cexcelente evento de team building, confraterniza\u00e7\u00e3o e promo\u00e7\u00e3o de futuras parcerias entre as empresas\u201d. <\/p>\n\n\n\n<p>Com a modalidade a apresentar, nos \u00faltimos anos, um ritmo de crescimento constante no pa\u00eds, quer no n\u00famero de participantes, quer no n\u00famero de clubes, \u00e9 de forma natural que Pedro Fraz\u00e3o encara \u201co aumento do n\u00edvel competitivo dos jogadores\u201d, tal como foi poss\u00edvel aferir neste torneio. \u201cDe ano para ano nota-se uma evolu\u00e7\u00e3o clara em todos os aspetos\u201d, observou o presidente da Vilamoura Tennis &amp; Padel Academy, um clube que, at\u00e9 ao fim do ano, ir\u00e1 receber diversos eventos enquadrados por diferentes conceitos \u2013 \u201ccaso do Campeonato Nacional de Padel para jovens, no fim de junho, ou, em agosto, da 2.\u00aa edi\u00e7\u00e3o do Padel Grand Champions, um torneio de exibi\u00e7\u00e3o que re\u00fane alguns dos melhores ex-jogadores e campe\u00f5es mundiais\u201d.<\/p>\n\n\n<div data-uk-grid class=\"featured-box uk-card uk-grid-collapse uk-margin\"><div class=\"uk-width-1-1\"><div class=\"uk-card-body\"><h3 class=\"uk-card-title\">QUADRO DE FINALISTAS<\/h3><\/p>\n<p><b>Centro<\/b>: Betinat\u00eaxteis Lar e Nos Comunica\u00e7\u00f5es, no masculino; Betinat\u00eaxteis Lar e MEO Empresas, no feminino.<\/p>\n\n<p><b>A\u00e7ores<\/b>: Imobili\u00e1ria Future Procedure e APC \u2013 Clube de Padel A\u00e7ores, em masculinos; MEO Empresas Azores II e A\u00e7orbase \u2013 Sociedade de Media\u00e7\u00e3o Imobili\u00e1ria, em femininos. Lisboa: Cross Staff e Soul Sushi &amp; Two Care, no masculino; Nestl\u00e9 Portugal e Sistema McDonald\u2019s Portugal, no feminino.<\/p>\n\n<p><b>Lisboa<\/b>: Cross Staff e Soul Sushi &amp; Two Care, no masculino; Nestl\u00e9 Portugal e Sistema McDonald\u2019s Portugal, no feminino.<\/p>\n\n<p><b>Porto<\/b>: Mimosa e Fisiogaspar, em masculinos; Boavista Futebol Clube e Allcost, em femininos.<\/p>\n\n<p><b>Madeira<\/b>: The Vine e MEO Empresas, no masculino; SAS Madeira e MEO Empresas, no feminino.<\/p>\n\n<p><b>Algarve<\/b>: MEO Empresas e Sociedade do Golfe da Quinta do Lago, em masculinos; MEO Empresas e Lazer, em femininos.<\/p>\n<p><\/div><\/div><\/div>\n","protected":false},"excerpt":{"rendered":"<p>Quatro equipas algarvias de padel elevaram o seu jogo a um n\u00edvel que lhes valeu a vit\u00f3ria, em Vilamoura, na \u00faltima etapa antes da final\u00edssima da 2.\u00aa edi\u00e7\u00e3o do MEO Empresas Corporate Padel League by Neg\u00f3cios.<\/p>\n","protected":false},"author":58,"featured_media":1672,"comment_status":"closed","ping_status":"closed","sticky":false,"template":"","format":"standard","meta":{"footnotes":""},"categories":[16],"tags":[37,125,134,136],"class_list":["post-1654","post","type-post","status-publish","format-standard","has-post-thumbnail","hentry","category-cobertura","tag-algarve","tag-edicao-2024","tag-meo-empresas-corporate-padel-league","tag-vilamoura-tennis-padel-academy"],"_links":{"self":[{"href":"https:\/\/bs.xl.pt\/corporate-padel-league\/wp-json\/wp\/v2\/posts\/1654","targetHints":{"allow":["GET"]}}],"collection":[{"href":"https:\/\/bs.xl.pt\/corporate-padel-league\/wp-json\/wp\/v2\/posts"}],"about":[{"href":"https:\/\/bs.xl.pt\/corporate-padel-league\/wp-json\/wp\/v2\/types\/post"}],"author":[{"embeddable":true,"href":"https:\/\/bs.xl.pt\/corporate-padel-league\/wp-json\/wp\/v2\/users\/58"}],"replies":[{"embeddable":true,"href":"https:\/\/bs.xl.pt\/corporate-padel-league\/wp-json\/wp\/v2\/comments?post=1654"}],"version-history":[{"count":15,"href":"https:\/\/bs.xl.pt\/corporate-padel-league\/wp-json\/wp\/v2\/posts\/1654\/revisions"}],"predecessor-version":[{"id":1708,"href":"https:\/\/bs.xl.pt\/corporate-padel-league\/wp-json\/wp\/v2\/posts\/1654\/revisions\/1708"}],"wp:featuredmedia":[{"embeddable":true,"href":"https:\/\/bs.xl.pt\/corporate-padel-league\/wp-json\/wp\/v2\/media\/1672"}],"wp:attachment":[{"href":"https:\/\/bs.xl.pt\/corporate-padel-league\/wp-json\/wp\/v2\/media?parent=1654"}],"wp:term":[{"taxonomy":"category","embeddable":true,"href":"https:\/\/bs.xl.pt\/corporate-padel-league\/wp-json\/wp\/v2\/categories?post=1654"},{"taxonomy":"post_tag","embeddable":true,"href":"https:\/\/bs.xl.pt\/corporate-padel-league\/wp-json\/wp\/v2\/tags?post=1654"}],"curies":[{"name":"wp","href":"https:\/\/api.w.org\/{rel}","templated":true}]}}