{"id":42,"date":"2026-02-23T16:34:12","date_gmt":"2026-02-23T16:34:12","guid":{"rendered":"https:\/\/bs.xl.pt\/de-portugal-para-o-mundo\/?p=42"},"modified":"2026-03-16T12:38:54","modified_gmt":"2026-03-16T12:38:54","slug":"algaplus","status":"publish","type":"post","link":"https:\/\/bs.xl.pt\/de-portugal-para-o-mundo\/episodios\/algaplus\/","title":{"rendered":"ALGAplus"},"content":{"rendered":"\n\n\n\n<div class=\"wp-block-group\"><div class=\"wp-block-group__inner-container is-layout-constrained wp-block-group-is-layout-constrained\"><div class=\"uk-width-1-1 uk-margin-medium\"><iframe class=\"uk-width-1-1 border-radius no-border responsive-video\" width=\"1200\" height=\"675\" src=\"\/\/www.youtube.com\/embed\/VwxjAk3KIw8?si=3-_EAElsE7h52xMr?showinfo=0\" frameborder=\"0\" allowfullscreen data-uk-responsive loading=\"lazy\" referrerpolicy=\"no-referrer-when-downgrade\" title=\"\"><\/iframe><\/div>\n\n\n\n<p>Fundada com o objetivo de desenvolver solu\u00e7\u00f5es sustent\u00e1veis a partir de recursos marinhos, a ALGAplus tornou-se uma refer\u00eancia portuguesa na \u00e1rea da biotecnologia azul, um campo que cruza investiga\u00e7\u00e3o cient\u00edfica, tecnologia e produ\u00e7\u00e3o industrial para explorar o potencial econ\u00f3mico do oceano. A empresa cultiva macroalgas marinhas em ambiente controlado e transforma-as em mat\u00e9ria-prima para diferentes setores industriais, mantendo um compromisso forte com a sustentabilidade ambiental e a rastreabilidade.<\/p>\n\n\n\n<p>Esta hist\u00f3ria \u00e9 apresentada num dos epis\u00f3dios da s\u00e9rie <strong>\u201cDe Portugal para o Mundo\u201d<\/strong>, conduzida por Diana Pereira, que percorre o pa\u00eds \u00e0 procura de empresas portuguesas capazes de competir em mercados internacionais. No epis\u00f3dio dedicado \u00e0 ALGAplus, o protagonista \u00e9 Paulo Santos, CEO da empresa, que explica como ci\u00eancia, mar e inova\u00e7\u00e3o se juntam para criar novos produtos e novas oportunidades econ\u00f3micas.<\/p>\n\n\n<div class=\"uk-inline uk-margin full-width\"><img decoding=\"async\" src=\"https:\/\/cdn.xl.pt\/bs\/uploads\/sites\/243\/2026\/03\/2184421844.jpg\" alt=\"ALGAplus\" loading=\"lazy\" \/><\/div><p class=\"uk-hidden@s uk-text-small uk-text-muted uk-margin-small-top uk-margin-medium-bottom uk-text-left\"><\/p>\n<\/div><\/div>\n\n\n\n<div class=\"wp-block-group\"><div class=\"wp-block-group__inner-container is-layout-constrained wp-block-group-is-layout-constrained\">\n<h2 class=\"wp-block-heading\"><strong>Quando o mar encontra a ci\u00eancia<\/strong><\/h2>\n\n\n\n<p>O ponto de partida da ALGAplus \u00e9 simples e ambicioso ao mesmo tempo: transformar recursos naturais do oceano em solu\u00e7\u00f5es sustent\u00e1veis para diferentes ind\u00fastrias.<\/p>\n\n\n\n<p>Para Paulo Santos, esta combina\u00e7\u00e3o entre natureza e conhecimento cient\u00edfico \u00e9 o verdadeiro motor do projeto. \u201cAcaba por ser uma simbiose quase natural, porque o mar d\u00e1-nos produtos, d\u00e1-nos mat\u00e9rias-primas, \u00e9 uma fonte quase indiscut\u00edvel de recursos.\u201d<\/p>\n\n\n<div class=\"uk-position-relative uk-margin\" data-uk-slider>\n<div class=\"uk-position-relative\">\n<div class=\"uk-slider-container\" >\n<ul class=\"uk-slider-items uk-child-width-1-1 uk-child-width-1-2@s uk-child-width-1-3@m uk-grid uk-grid-small\">\n<li>\n<div class=\"uk-panel border-radius uk-overflow-hidden uk-position-relative gallery-vertical-card\">\n<img decoding=\"async\" id=\"1071\" src=\"https:\/\/cdn.xl.pt\/bs\/uploads\/sites\/243\/2026\/03\/2186921869.jpg\" alt=\"\" class=\"vertical-img border-radius\" style=\"aspect-ratio: 3\/4; object-fit: cover; width: 100%;\" \/>\n<\/div>\n<\/li>\n<li>\n<div class=\"uk-panel border-radius uk-overflow-hidden uk-position-relative gallery-vertical-card\">\n<img decoding=\"async\" id=\"1068\" src=\"https:\/\/cdn.xl.pt\/bs\/uploads\/sites\/243\/2026\/03\/2187821878.jpg\" alt=\"\" class=\"vertical-img border-radius\" style=\"aspect-ratio: 3\/4; object-fit: cover; width: 100%;\" \/>\n<\/div>\n<\/li>\n<li>\n<div class=\"uk-panel border-radius uk-overflow-hidden uk-position-relative gallery-vertical-card\">\n<img decoding=\"async\" id=\"1020\" src=\"https:\/\/cdn.xl.pt\/bs\/uploads\/sites\/243\/2026\/03\/2190721907.jpg\" alt=\"\" class=\"vertical-img border-radius\" style=\"aspect-ratio: 3\/4; object-fit: cover; width: 100%;\" \/>\n<\/div>\n<\/li>\n<\/ul>\n<\/div>\n<a class=\"uk-position-center-left-out uk-slidenav-large uk-visible@s\" style=\"margin-right: 20px;\" href=\"#\" data-uk-slidenav-previous data-uk-slider-item=\"previous\"><\/a>\n<a class=\"uk-position-center-right-out uk-slidenav-large uk-visible@s\" style=\"margin-left: 20px;\" href=\"#\" data-uk-slidenav-next data-uk-slider-item=\"next\"><\/a>\n<\/div>\n<div class=\"uk-margin-top uk-flex uk-flex-center\">\n<ul class=\"uk-slider-nav uk-dotnav\"><\/ul>\n<\/div>\n<\/div>\n\n\n\n\n<p>Mas o potencial do oceano s\u00f3 se torna realidade econ\u00f3mica quando \u00e9 interpretado atrav\u00e9s da ci\u00eancia. \u201cA ci\u00eancia, no fundo, d\u00e1-nos o conhecimento que n\u00f3s precisamos de ter desses produtos e dessas mat\u00e9rias-primas, para podermos transformar em novos produtos e pormos isso na mesa, colocarmos isso nos mercados, nos setores de atividade onde n\u00f3s estamos.\u201d<\/p>\n\n\n\n<p>\u00c9 essa articula\u00e7\u00e3o entre investiga\u00e7\u00e3o cient\u00edfica e produ\u00e7\u00e3o que permite \u00e0 empresa transformar algas marinhas em ingredientes para alimentos, suplementos, cosm\u00e9ticos ou biotecnologia industrial.<\/p>\n\n\n<div class=\"uk-inline uk-margin full-width\"><img decoding=\"async\" src=\"https:\/\/cdn.xl.pt\/bs\/uploads\/sites\/243\/2026\/03\/2191121911.jpg\" alt=\"ALGAplus\" loading=\"lazy\" \/><\/div><p class=\"uk-hidden@s uk-text-small uk-text-muted uk-margin-small-top uk-margin-medium-bottom uk-text-left\"><\/p>\n\n\n<div class=\"uk-padding-large uk-position-relative uk-text-center  uk-light custom-quotation-wrapper full-width\">\r\n        <div class=\"uk-position-center\" style=\"z-index: 0;\">\r\n            <svg width=\"90\" height=\"71\" viewBox=\"0 0 90 71\" class=\"quote\" fill=\"none\" xmlns=\"http:\/\/www.w3.org\/2000\/svg\">\r\n              <path d=\"M90 22.4804C90 32.3266 88.2318 38.1395 82.4558 47.5706C76.5029 57.1796 64.833 66.6107 56.3458 71L53.6346 65.721C60.943 60.5013 65.6582 56.4085 70.8448 46.3843C72.3183 43.5372 73.1434 41.0459 73.6149 38.792C72.4951 39.0292 71.2574 39.1479 70.0196 39.1479C59.2927 39.1479 50.6287 30.3693 50.6287 19.5739C50.6287 8.77861 59.2927 0 70.0196 0C78.9194 0 86.4636 6.05013 88.7033 14.3542C89.5285 16.7268 90 19.396 90 22.4804Z\" fill=\"#2D2D2D\"\/>\r\n              <path d=\"M39.3713 22.4804C39.3713 32.3266 37.6031 38.1395 31.8271 47.5706C25.8743 57.1796 14.2043 66.6107 5.71709 71L3.00589 65.721C10.3143 60.5013 15.0295 56.4085 20.2161 46.3843C21.6896 43.5372 22.5147 41.0459 22.9862 38.792C21.8664 39.0292 20.6287 39.1479 19.391 39.1479C8.66405 39.1479 0 30.3693 0 19.5739C0 8.77861 8.66405 0 19.391 0C28.2908 0 35.835 6.05013 38.0747 14.3542C38.8998 16.7268 39.3713 19.396 39.3713 22.4804Z\" fill=\"#2D2D2D\"\/>\r\n            <\/svg>\r\n        <\/div>\r\n      <blockquote class=\"uk-container uk-padding uk-container-small uk-position-relative\" style=\"z-index: 1; border: none; padding: 0;\"><div class=\" uk-text-bold uk-margin-small-bottom\"><span>Por exclus\u00e3o de partes, n\u00f3s vamos ter de olhar para o mar e para os oceanos, explorar um pouco mais, conseguir perceber um pouco mais que produtos \u00e9 que n\u00f3s podemos ter deste recurso.<\/span><\/div><span><cite>Paulo Santos, CEO da ALGAplus<\/cite><\/span><\/blockquote><\/div>\n<\/div><\/div>\n\n\n\n<div class=\"wp-block-group\"><div class=\"wp-block-group__inner-container is-layout-constrained wp-block-group-is-layout-constrained\">\n<h2 class=\"wp-block-heading\"><strong>O oceano como recurso estrat\u00e9gico<\/strong><\/h2>\n\n\n\n<p>A economia azul tornou-se um dos grandes temas estrat\u00e9gicos do desenvolvimento sustent\u00e1vel global. \u00c0 medida que os recursos terrestres enfrentam limites crescentes, o mar surge como uma nova fronteira de inova\u00e7\u00e3o.<\/p>\n\n\n\n<p>Paulo Santos defende que compreender melhor os oceanos ser\u00e1 determinante para o futuro da economia e da alimenta\u00e7\u00e3o mundial. \u201cPenso que o mar \u00e9 importante porque faz parte do nosso passado e vai fazer seguramente parte do nosso futuro.\u201d<\/p>\n\n\n\n<p>Segundo o CEO da ALGAplus, o oceano continua a ser um dos recursos menos explorados pela ci\u00eancia e pela ind\u00fastria. \u201cO mar \u00e9 talvez o recurso que n\u00f3s conhecemos menos e que n\u00f3s exploramos menos.\u201d<\/p>\n\n\n\n<p>Num mundo onde terra e \u00e1gua doce se tornam recursos cada vez mais limitados, olhar para o oceano como fonte de novos produtos pode tornar-se inevit\u00e1vel. \u201cPor exclus\u00e3o de partes, n\u00f3s vamos ter de olhar para o mar e para os oceanos, explorar um pouco mais, conseguir perceber um pouco mais que produtos \u00e9 que n\u00f3s podemos ter deste recurso.\u201d<\/p>\n\n\n\n<p>Entre as possibilidades est\u00e3o novas fontes de prote\u00edna, fibra ou compostos bioativos que podem ser utilizados em diferentes setores industriais.<\/p>\n\n\n<div class=\"uk-position-relative uk-margin\" data-uk-slider>\n<div class=\"uk-position-relative\">\n<div class=\"uk-slider-container\" >\n<ul class=\"uk-slider-items uk-child-width-1-1 uk-child-width-1-2@s uk-child-width-1-3@m uk-grid uk-grid-small\">\n<li>\n<div class=\"uk-panel border-radius uk-overflow-hidden uk-position-relative gallery-vertical-card\">\n<img decoding=\"async\" id=\"1098\" src=\"https:\/\/cdn.xl.pt\/bs\/uploads\/sites\/243\/2026\/03\/2183721837.jpg\" alt=\"\" class=\"vertical-img border-radius\" style=\"aspect-ratio: 3\/4; object-fit: cover; width: 100%;\" \/>\n<\/div>\n<\/li>\n<li>\n<div class=\"uk-panel border-radius uk-overflow-hidden uk-position-relative gallery-vertical-card\">\n<img decoding=\"async\" id=\"1101\" src=\"https:\/\/cdn.xl.pt\/bs\/uploads\/sites\/243\/2026\/03\/2183621836.jpg\" alt=\"\" class=\"vertical-img border-radius\" style=\"aspect-ratio: 3\/4; object-fit: cover; width: 100%;\" \/>\n<\/div>\n<\/li>\n<li>\n<div class=\"uk-panel border-radius uk-overflow-hidden uk-position-relative gallery-vertical-card\">\n<img decoding=\"async\" id=\"1077\" src=\"https:\/\/cdn.xl.pt\/bs\/uploads\/sites\/243\/2026\/03\/2186721867.jpg\" alt=\"\" class=\"vertical-img border-radius\" style=\"aspect-ratio: 3\/4; object-fit: cover; width: 100%;\" \/>\n<\/div>\n<\/li>\n<\/ul>\n<\/div>\n<a class=\"uk-position-center-left-out uk-slidenav-large uk-visible@s\" style=\"margin-right: 20px;\" href=\"#\" data-uk-slidenav-previous data-uk-slider-item=\"previous\"><\/a>\n<a class=\"uk-position-center-right-out uk-slidenav-large uk-visible@s\" style=\"margin-left: 20px;\" href=\"#\" data-uk-slidenav-next data-uk-slider-item=\"next\"><\/a>\n<\/div>\n<div class=\"uk-margin-top uk-flex uk-flex-center\">\n<ul class=\"uk-slider-nav uk-dotnav\"><\/ul>\n<\/div>\n<\/div>\n\n<\/div><\/div>\n\n\n\n<div class=\"wp-block-group\"><div class=\"wp-block-group__inner-container is-layout-constrained wp-block-group-is-layout-constrained\">\n<h2 class=\"wp-block-heading\"><strong>Cultivar em vez de recolher<\/strong><\/h2>\n\n\n\n<p>A sustentabilidade est\u00e1 no centro da estrat\u00e9gia da ALGAplus. Em vez de recolher algas diretamente do oceano, a empresa optou por desenvolver um sistema de cultivo controlado que permite produzir macroalgas de forma previs\u00edvel e ambientalmente respons\u00e1vel.<\/p>\n\n\n\n<p>Essa decis\u00e3o faz parte da identidade da empresa.<\/p>\n\n\n\n<p>\u201cPara a ALGAplus significa muito. A ALGAplus tem a palavra sustentabilidade ou o conceito de sustentabilidade intr\u00ednseco \u00e0 sua atividade, faz parte do nosso ADN.\u201d<\/p>\n\n\n\n<p>Segundo Paulo Santos, havia dois caminhos poss\u00edveis. \u201cN\u00f3s estamos no mundo das macroalgas e temos dois caminhos essencialmente. Um caminho era sermos apanhadores, portanto, consumirmos os recursos que a natureza nos d\u00e1.\u201d<\/p>\n\n\n\n<p>A empresa decidiu seguir uma estrat\u00e9gia diferente. \u201cOutro caminho seria n\u00f3s assumirmos a responsabilidade e puxarmos a n\u00f3s essa responsabilidade de mimetizar as condi\u00e7\u00f5es que a natureza tem e proporciona para a cria\u00e7\u00e3o e para o desenvolvimento deste produto.\u201d<\/p>\n\n\n\n<p>Essa escolha permite garantir qualidade, consist\u00eancia e crescimento sustent\u00e1vel. \u201cO nosso objetivo \u00e9 crescermos sem dependermos da natureza, crescermos de uma forma sustent\u00e1vel, com qualidade e com o maior controlo das vari\u00e1veis que n\u00f3s possamos ter.\u201d<\/p>\n\n\n<div class=\"uk-position-relative uk-margin\" data-uk-slider>\n<div class=\"uk-position-relative\">\n<div class=\"uk-slider-container\" >\n<ul class=\"uk-slider-items uk-child-width-1-1 uk-child-width-1-2@s uk-child-width-1-3@m uk-grid uk-grid-small\">\n<li>\n<div class=\"uk-panel border-radius uk-overflow-hidden uk-position-relative gallery-vertical-card\">\n<img decoding=\"async\" id=\"1044\" src=\"https:\/\/cdn.xl.pt\/bs\/uploads\/sites\/243\/2026\/03\/2189121891.jpg\" alt=\"\" class=\"vertical-img border-radius\" style=\"aspect-ratio: 3\/4; object-fit: cover; width: 100%;\" \/>\n<\/div>\n<\/li>\n<li>\n<div class=\"uk-panel border-radius uk-overflow-hidden uk-position-relative gallery-vertical-card\">\n<img decoding=\"async\" id=\"1056\" src=\"https:\/\/cdn.xl.pt\/bs\/uploads\/sites\/243\/2026\/03\/2188421884.jpg\" alt=\"\" class=\"vertical-img border-radius\" style=\"aspect-ratio: 3\/4; object-fit: cover; width: 100%;\" \/>\n<\/div>\n<\/li>\n<li>\n<div class=\"uk-panel border-radius uk-overflow-hidden uk-position-relative gallery-vertical-card\">\n<img decoding=\"async\" id=\"1047\" src=\"https:\/\/cdn.xl.pt\/bs\/uploads\/sites\/243\/2026\/03\/2189021890.jpg\" alt=\"\" class=\"vertical-img border-radius\" style=\"aspect-ratio: 3\/4; object-fit: cover; width: 100%;\" \/>\n<\/div>\n<\/li>\n<\/ul>\n<\/div>\n<a class=\"uk-position-center-left-out uk-slidenav-large uk-visible@s\" style=\"margin-right: 20px;\" href=\"#\" data-uk-slidenav-previous data-uk-slider-item=\"previous\"><\/a>\n<a class=\"uk-position-center-right-out uk-slidenav-large uk-visible@s\" style=\"margin-left: 20px;\" href=\"#\" data-uk-slidenav-next data-uk-slider-item=\"next\"><\/a>\n<\/div>\n<div class=\"uk-margin-top uk-flex uk-flex-center\">\n<ul class=\"uk-slider-nav uk-dotnav\"><\/ul>\n<\/div>\n<\/div>\n\n<\/div><\/div>\n\n\n\n<div class=\"wp-block-group\"><div class=\"wp-block-group__inner-container is-layout-constrained wp-block-group-is-layout-constrained\">\n<h2 class=\"wp-block-heading\"><strong>O que \u00e9 a biotecnologia azul<\/strong><\/h2>\n\n\n\n<p>A atividade da ALGAplus insere-se num campo cient\u00edfico e industrial conhecido como <strong>biotecnologia azul<\/strong>, que consiste na aplica\u00e7\u00e3o da tecnologia e da investiga\u00e7\u00e3o cient\u00edfica aos recursos marinhos.<\/p>\n\n\n\n<p>Paulo Santos resume o conceito de forma clara. \u201cPor um lado temos o oceano e os mares e aquilo que conseguimos obter deles. Por outro lado temos a ci\u00eancia que nos diz o que \u00e9 que conseguimos ir buscar.\u201d<\/p>\n\n\n\n<p>A tecnologia surge ent\u00e3o como a ponte entre esses dois mundos. \u201cBiotecnologia azul \u00e9 a aplica\u00e7\u00e3o da tecnologia, tal como n\u00f3s a conhecemos e que cada vez mais evolui, especificamente aos produtos derivados do mar e do oceano.\u201d<\/p>\n\n\n\n<p>Essa abordagem permite extrair das algas compostos com m\u00faltiplas aplica\u00e7\u00f5es.<\/p>\n<\/div><\/div>\n\n\n\n<div class=\"wp-block-group\"><div class=\"wp-block-group__inner-container is-layout-constrained wp-block-group-is-layout-constrained\">\n<h2 class=\"wp-block-heading\"><strong>Muito mais do que sushi<\/strong><\/h2>\n\n\n\n<p>Para muitos consumidores, as algas est\u00e3o associadas sobretudo \u00e0 gastronomia japonesa. No entanto, o potencial destas esp\u00e9cies marinhas vai muito al\u00e9m da alimenta\u00e7\u00e3o.<\/p>\n\n\n\n<p>Segundo Paulo Santos, as algas podem ser utilizadas como ingredientes ou componentes para diferentes ind\u00fastrias. \u201cEstamos mais habituados a ver a alga como produto, seja em saladas, seja no sushi.\u201d Mas a utiliza\u00e7\u00e3o industrial \u00e9 muito mais ampla. \u201cTamb\u00e9m podemos olhar para as algas como uma fonte de produtos ou uma fonte de componentes para serem incorporados noutros produtos.\u201d<\/p>\n\n\n\n<p>Entre esses componentes est\u00e3o fibras, prote\u00ednas, pigmentos naturais ou a\u00e7\u00facares complexos utilizados em diferentes processos industriais. \u201cS\u00e3o componentes que outros alimentos ou outras ind\u00fastrias usam na sua atividade. A ind\u00fastria do food, a ind\u00fastria da cosm\u00e9tica, s\u00e3o bons exemplos.\u201d<\/p>\n\n\n<div class=\"uk-position-relative uk-margin\" data-uk-slider>\n<div class=\"uk-position-relative\">\n<div class=\"uk-slider-container\" >\n<ul class=\"uk-slider-items uk-child-width-1-1 uk-child-width-1-2@s uk-child-width-1-3@m uk-grid uk-grid-small\">\n<li>\n<div class=\"uk-panel border-radius uk-overflow-hidden uk-position-relative gallery-vertical-card\">\n<img decoding=\"async\" id=\"1107\" src=\"https:\/\/cdn.xl.pt\/bs\/uploads\/sites\/243\/2026\/03\/2183421834.jpg\" alt=\"\" class=\"vertical-img border-radius\" style=\"aspect-ratio: 3\/4; object-fit: cover; width: 100%;\" \/>\n<\/div>\n<\/li>\n<li>\n<div class=\"uk-panel border-radius uk-overflow-hidden uk-position-relative gallery-vertical-card\">\n<img decoding=\"async\" id=\"1104\" src=\"https:\/\/cdn.xl.pt\/bs\/uploads\/sites\/243\/2026\/03\/2183521835.jpg\" alt=\"\" class=\"vertical-img border-radius\" style=\"aspect-ratio: 3\/4; object-fit: cover; width: 100%;\" \/>\n<\/div>\n<\/li>\n<li>\n<div class=\"uk-panel border-radius uk-overflow-hidden uk-position-relative gallery-vertical-card\">\n<img decoding=\"async\" id=\"1083\" src=\"https:\/\/cdn.xl.pt\/bs\/uploads\/sites\/243\/2026\/03\/2184821848.jpg\" alt=\"\" class=\"vertical-img border-radius\" style=\"aspect-ratio: 3\/4; object-fit: cover; width: 100%;\" \/>\n<\/div>\n<\/li>\n<\/ul>\n<\/div>\n<a class=\"uk-position-center-left-out uk-slidenav-large uk-visible@s\" style=\"margin-right: 20px;\" href=\"#\" data-uk-slidenav-previous data-uk-slider-item=\"previous\"><\/a>\n<a class=\"uk-position-center-right-out uk-slidenav-large uk-visible@s\" style=\"margin-left: 20px;\" href=\"#\" data-uk-slidenav-next data-uk-slider-item=\"next\"><\/a>\n<\/div>\n<div class=\"uk-margin-top uk-flex uk-flex-center\">\n<ul class=\"uk-slider-nav uk-dotnav\"><\/ul>\n<\/div>\n<\/div>\n\n\n\n<div class=\"uk-padding-large uk-position-relative uk-text-center  uk-light custom-quotation-wrapper full-width\">\r\n        <div class=\"uk-position-center\" style=\"z-index: 0;\">\r\n            <svg width=\"90\" height=\"71\" viewBox=\"0 0 90 71\" class=\"quote\" fill=\"none\" xmlns=\"http:\/\/www.w3.org\/2000\/svg\">\r\n              <path d=\"M90 22.4804C90 32.3266 88.2318 38.1395 82.4558 47.5706C76.5029 57.1796 64.833 66.6107 56.3458 71L53.6346 65.721C60.943 60.5013 65.6582 56.4085 70.8448 46.3843C72.3183 43.5372 73.1434 41.0459 73.6149 38.792C72.4951 39.0292 71.2574 39.1479 70.0196 39.1479C59.2927 39.1479 50.6287 30.3693 50.6287 19.5739C50.6287 8.77861 59.2927 0 70.0196 0C78.9194 0 86.4636 6.05013 88.7033 14.3542C89.5285 16.7268 90 19.396 90 22.4804Z\" fill=\"#2D2D2D\"\/>\r\n              <path d=\"M39.3713 22.4804C39.3713 32.3266 37.6031 38.1395 31.8271 47.5706C25.8743 57.1796 14.2043 66.6107 5.71709 71L3.00589 65.721C10.3143 60.5013 15.0295 56.4085 20.2161 46.3843C21.6896 43.5372 22.5147 41.0459 22.9862 38.792C21.8664 39.0292 20.6287 39.1479 19.391 39.1479C8.66405 39.1479 0 30.3693 0 19.5739C0 8.77861 8.66405 0 19.391 0C28.2908 0 35.835 6.05013 38.0747 14.3542C38.8998 16.7268 39.3713 19.396 39.3713 22.4804Z\" fill=\"#2D2D2D\"\/>\r\n            <\/svg>\r\n        <\/div>\r\n      <blockquote class=\"uk-container uk-padding uk-container-small uk-position-relative\" style=\"z-index: 1; border: none; padding: 0;\"><div class=\" uk-text-bold uk-margin-small-bottom\"><span>Cerca de 80% do nosso produto \u00e9 exportado, principalmente para a Europa neste momento. Estamos presentes tamb\u00e9m noutros continentes. Estamos a abrir a outros pa\u00edses, a outros mercados, a outros setores de atividade.<\/span><\/div><span><cite>Paulo Santos, CEO da ALGAplus<\/cite><\/span><\/blockquote><\/div>\n<\/div><\/div>\n\n\n\n<div class=\"wp-block-group\"><div class=\"wp-block-group__inner-container is-layout-constrained wp-block-group-is-layout-constrained\">\n<h2 class=\"wp-block-heading\"><strong>Exportar biotecnologia portuguesa<\/strong><\/h2>\n\n\n\n<p>Tal como muitas empresas inovadoras portuguesas, a ALGAplus encontrou nos mercados internacionais o principal motor de crescimento. \u201cCerca de 80% do nosso produto \u00e9 exportado, principalmente para a Europa neste momento.\u201d<\/p>\n\n\n\n<p>A empresa est\u00e1 tamb\u00e9m a expandir a presen\u00e7a para outros continentes e setores de atividade. \u201cEstamos presentes tamb\u00e9m noutros continentes. Estamos a abrir a outros pa\u00edses, a outros mercados, a outros setores de atividade.\u201d<\/p>\n\n\n\n<p>Este crescimento internacional confirma que a biotecnologia azul portuguesa tem potencial para competir globalmente.<\/p>\n\n\n<div class=\"uk-inline uk-margin\" style=\"max-width: 1080px; margin-left: auto; margin-right: auto; display: block;\"><img decoding=\"async\" src=\"https:\/\/cdn.xl.pt\/bs\/uploads\/sites\/243\/2026\/03\/2188621886-1080x600.jpg\" alt=\"ALGAplus\" loading=\"lazy\" class=\"border-radius\" style=\"aspect-ratio: 1080\/600; object-fit: cover; width: 100%; max-height: 600px;\" \/><\/div><p class=\"uk-hidden@s uk-text-small uk-text-muted uk-margin-small-top uk-margin-medium-bottom uk-text-left\"><\/p>\n<\/div><\/div>\n\n\n\n<div class=\"wp-block-group\"><div class=\"wp-block-group__inner-container is-layout-constrained wp-block-group-is-layout-constrained\">\n<h2 class=\"wp-block-heading\"><strong>Esp\u00e9cies com valor econ\u00f3mico<\/strong><\/h2>\n\n\n\n<p>No centro da opera\u00e7\u00e3o da ALGAplus est\u00e3o diferentes esp\u00e9cies de macroalgas cultivadas em tanques e sistemas controlados. Entre elas est\u00e1 o <strong>Fucus<\/strong>, muito utilizado na alimenta\u00e7\u00e3o, a <strong>Porphyra<\/strong>, conhecida pela utiliza\u00e7\u00e3o no sushi, e a <strong>Palmaria palmata<\/strong>, uma alga vermelha com propriedades antioxidantes.<\/p>\n\n\n\n<p>\u201cTemos a Palmaria, que \u00e9 uma alga vermelha que muitas pessoas chamam o bacon do mar.\u201d Esta diversidade permite \u00e0 empresa responder \u00e0s necessidades de diferentes mercados e aplica\u00e7\u00f5es industriais.<\/p>\n<\/div><\/div>\n\n\n\n<div class=\"wp-block-group\"><div class=\"wp-block-group__inner-container is-layout-constrained wp-block-group-is-layout-constrained\">\n<h2 class=\"wp-block-heading\"><strong>Log\u00edstica e qualidade<\/strong><\/h2>\n\n\n\n<p>\u201cO transporte \u00e9 a \u00fanica forma que n\u00f3s temos de conseguir assegurar que o nosso cliente receba o produto com a mesma qualidade que chega ao final da nossa linha de produ\u00e7\u00e3o.\u201d<\/p>\n\n\n\n<p>Tal como em muitas cadeias de valor alimentares e biotecnol\u00f3gicas, a log\u00edstica desempenha um papel essencial para garantir que o produto chega ao cliente final com a qualidade necess\u00e1ria.<\/p>\n\n\n\n<p>Esse cuidado \u00e9 particularmente importante quando se trabalha com mat\u00e9rias-primas naturais e sens\u00edveis. \u201cO transporte faz esse elo de liga\u00e7\u00e3o e \u00e9 absolutamente importante.\u201d<\/p>\n<\/div><\/div>\n\n\n\n<div class=\"wp-block-group\"><div class=\"wp-block-group__inner-container is-layout-constrained wp-block-group-is-layout-constrained\">\n<h2 class=\"wp-block-heading\"><strong>Crescer e conquistar novos mercados<\/strong><\/h2>\n\n\n\n<p>Apesar do crescimento registado nos \u00faltimos anos, a ALGAplus continua focada em expandir a sua presen\u00e7a internacional. \u201cPara come\u00e7ar, temos de dar retorno ao nosso acionista, que confiou em n\u00f3s.\u201d<\/p>\n\n\n\n<p>Mas o objetivo vai al\u00e9m da sustentabilidade financeira. \u201cQueremos chegar a mais pa\u00edses, chegar a mais mercados, chegar a mais setores de atividade.\u201d<\/p>\n\n\n\n<p>Ao mesmo tempo, a empresa procura consolidar rela\u00e7\u00f5es com clientes e refor\u00e7ar o compromisso social com colaboradores e comunidade.<\/p>\n\n\n<div class=\"uk-margin uk-margin-auto uk-width-1-1\" style=\"max-width: 1080px;\">\n<div data-uk-slideshow=\"animation: push; ratio: 1080:600\">\n<div class=\"uk-position-relative uk-visible-toggle\">\n<ul class=\"uk-slideshow-items border-radius\">\n<li>\n<img decoding=\"async\" id=\"1041\" src=\"https:\/\/cdn.xl.pt\/bs\/uploads\/sites\/243\/2026\/03\/2189521895-1080x600.jpg\" alt=\"\" data-uk-cover \/>\n<\/li>\n<li>\n<img decoding=\"async\" id=\"1029\" src=\"https:\/\/cdn.xl.pt\/bs\/uploads\/sites\/243\/2026\/03\/2190121901-1080x600.jpg\" alt=\"\" data-uk-cover \/>\n<\/li>\n<li>\n<img decoding=\"async\" id=\"1128\" src=\"https:\/\/cdn.xl.pt\/bs\/uploads\/sites\/243\/2026\/03\/2181521815-1080x600.jpg\" alt=\"\" data-uk-cover \/>\n<\/li>\n<li>\n<img decoding=\"async\" id=\"1023\" src=\"https:\/\/cdn.xl.pt\/bs\/uploads\/sites\/243\/2026\/03\/2190421904-1080x600.jpg\" alt=\"\" data-uk-cover \/>\n<\/li>\n<li>\n<img decoding=\"async\" id=\"1017\" src=\"https:\/\/cdn.xl.pt\/bs\/uploads\/sites\/243\/2026\/03\/2190921909-1080x600.jpg\" alt=\"\" data-uk-cover \/>\n<\/li>\n<\/ul>\n<a class=\"uk-position-center-left-out uk-slidenav-large uk-visible@s\" style=\"margin-right: 20px;\" href=\"#\" data-uk-slidenav-previous data-uk-slideshow-item=\"previous\"><\/a>\n<a class=\"uk-position-center-right-out uk-slidenav-large uk-visible@s\" style=\"margin-left: 20px;\" href=\"#\" data-uk-slidenav-next data-uk-slideshow-item=\"next\"><\/a>\n<\/div>\n<div class=\"uk-margin-top uk-flex uk-flex-center\">\n<ul class=\"uk-slideshow-nav uk-dotnav\"><\/ul>\n<\/div>\n<\/div>\n<\/div>\n\n<\/div><\/div>\n\n\n\n<div class=\"wp-block-group\"><div class=\"wp-block-group__inner-container is-layout-constrained wp-block-group-is-layout-constrained\">\n<h2 class=\"wp-block-heading\"><strong>\u201cDe Portugal para o Mundo\u201d: mais do que uma s\u00e9rie<\/strong><\/h2>\n\n\n\n<p>A hist\u00f3ria da ALGAplus integra a s\u00e9rie <strong>\u201cDe Portugal para o Mundo\u201d<\/strong>, que percorre o pa\u00eds \u00e0 procura de empresas que representam o melhor do tecido empresarial portugu\u00eas.<\/p>\n\n\n\n<p>Ao longo de v\u00e1rios epis\u00f3dios, o projeto apresenta exemplos de empresas que inovam, exportam e competem em mercados globais, mostrando que Portugal \u00e9 hoje um pa\u00eds com capacidade tecnol\u00f3gica e industrial relevante.<\/p>\n<\/div><\/div>\n\n\n\n<div class=\"wp-block-group\"><div class=\"wp-block-group__inner-container is-layout-constrained wp-block-group-is-layout-constrained\">\n<h2 class=\"wp-block-heading\"><strong>Produzir em Portugal para competir globalmente<\/strong><\/h2>\n\n\n\n<p>Tal como acontece com o Volkswagen T-Roc \u2013 produzido em Portugal e exportado para diferentes mercados internacionais \u2013, tamb\u00e9m a ALGAplus representa uma nova gera\u00e7\u00e3o de empresas que nascem num territ\u00f3rio espec\u00edfico, mas pensam \u00e0 escala global.<\/p>\n\n\n\n<p>Num mundo cada vez mais orientado para sustentabilidade, ci\u00eancia e inova\u00e7\u00e3o, projetos como este mostram como Portugal se pode afirmar em \u00e1reas emergentes da economia global.<\/p>\n\n\n\n<p>Porque quando Portugal investe em conhecimento, inova\u00e7\u00e3o e recursos naturais, o mundo aproxima-se.<\/p>\n\n\n<div class=\"uk-inline uk-margin full-width\"><img decoding=\"async\" src=\"https:\/\/cdn.xl.pt\/bs\/uploads\/sites\/243\/2026\/03\/2191321913.jpg\" alt=\"ALGAplus\" loading=\"lazy\" \/><\/div><p class=\"uk-hidden@s uk-text-small uk-text-muted uk-margin-small-top uk-margin-medium-bottom uk-text-left\"><\/p>\n<\/div><\/div>\n","protected":false},"excerpt":{"rendered":"<p>Em \u00cdlhavo, uma empresa de biotecnologia azul cultiva macroalgas de forma sustent\u00e1vel e exporta inova\u00e7\u00e3o cient\u00edfica portuguesa para diferentes setores globais.<\/p>\n<p>Num pa\u00eds historicamente ligado ao mar, a economia azul est\u00e1 a abrir novos caminhos de inova\u00e7\u00e3o e valor econ\u00f3mico. Em \u00cdlhavo, junto \u00e0 Ria de Aveiro, a ALGAplus transformou esse patrim\u00f3nio natural num projeto empresarial que combina ci\u00eancia, biotecnologia e sustentabilidade para produzir macroalgas destinadas \u00e0 ind\u00fastria alimentar, cosm\u00e9tica e nutricional.<\/p>\n","protected":false},"author":111,"featured_media":471,"comment_status":"closed","ping_status":"closed","sticky":false,"template":"","format":"standard","meta":{"footnotes":""},"categories":[1],"tags":[3,12],"class_list":["post-42","post","type-post","status-publish","format-standard","has-post-thumbnail","hentry","category-episodios","tag-active","tag-video"],"_links":{"self":[{"href":"https:\/\/bs.xl.pt\/de-portugal-para-o-mundo\/wp-json\/wp\/v2\/posts\/42","targetHints":{"allow":["GET"]}}],"collection":[{"href":"https:\/\/bs.xl.pt\/de-portugal-para-o-mundo\/wp-json\/wp\/v2\/posts"}],"about":[{"href":"https:\/\/bs.xl.pt\/de-portugal-para-o-mundo\/wp-json\/wp\/v2\/types\/post"}],"author":[{"embeddable":true,"href":"https:\/\/bs.xl.pt\/de-portugal-para-o-mundo\/wp-json\/wp\/v2\/users\/111"}],"replies":[{"embeddable":true,"href":"https:\/\/bs.xl.pt\/de-portugal-para-o-mundo\/wp-json\/wp\/v2\/comments?post=42"}],"version-history":[{"count":14,"href":"https:\/\/bs.xl.pt\/de-portugal-para-o-mundo\/wp-json\/wp\/v2\/posts\/42\/revisions"}],"predecessor-version":[{"id":1176,"href":"https:\/\/bs.xl.pt\/de-portugal-para-o-mundo\/wp-json\/wp\/v2\/posts\/42\/revisions\/1176"}],"wp:featuredmedia":[{"embeddable":true,"href":"https:\/\/bs.xl.pt\/de-portugal-para-o-mundo\/wp-json\/wp\/v2\/media\/471"}],"wp:attachment":[{"href":"https:\/\/bs.xl.pt\/de-portugal-para-o-mundo\/wp-json\/wp\/v2\/media?parent=42"}],"wp:term":[{"taxonomy":"category","embeddable":true,"href":"https:\/\/bs.xl.pt\/de-portugal-para-o-mundo\/wp-json\/wp\/v2\/categories?post=42"},{"taxonomy":"post_tag","embeddable":true,"href":"https:\/\/bs.xl.pt\/de-portugal-para-o-mundo\/wp-json\/wp\/v2\/tags?post=42"}],"curies":[{"name":"wp","href":"https:\/\/api.w.org\/{rel}","templated":true}]}}