{"id":2626,"date":"2022-07-06T08:59:53","date_gmt":"2022-07-06T08:59:53","guid":{"rendered":"https:\/\/bs.xl.pt\/electric-summit\/?p=2626"},"modified":"2022-07-06T09:00:07","modified_gmt":"2022-07-06T09:00:07","slug":"portugal-esta-empenhado-na-transicao-energetica","status":"publish","type":"post","link":"https:\/\/bs.xl.pt\/electric-summit\/transicao-energetica\/portugal-esta-empenhado-na-transicao-energetica\/","title":{"rendered":"Portugal est\u00e1 empenhado na transi\u00e7\u00e3o energ\u00e9tica"},"content":{"rendered":"\n<p>O <a href=\"https:\/\/www.consilium.europa.eu\/pt\/policies\/climate-change\/paris-agreement\/\" target=\"_blank\" rel=\"noreferrer noopener\">Acordo de Paris<\/a>, em 2015, trouxe uma mudan\u00e7a de paradigma na sociedade: apenas com o contributo de todos seria poss\u00edvel ultrapassar o desafio das altera\u00e7\u00f5es clim\u00e1ticas e travar o aquecimento global do planeta a apenas 2 \u00baC acima dos n\u00edveis pr\u00e9-industriais. A partir daqui, a Comiss\u00e3o Europeia apresentou uma s\u00e9rie de pacotes estrat\u00e9gicos para dar resposta nas diferentes \u00e1reas a este desafio global, de onde se destacam o Pacote Energia Clima 2030, o Pacote Mobilidade Limpa e o Pacote Energia Limpa para todos os Europeus.<\/p>\n\n\n\n<p>Este \u00faltimo pacote prev\u00ea \u201cque todos os Estados-membros elaborem e apresentem \u00e0 Comiss\u00e3o Europeia um Plano Nacional Integrado de Energia e Clima (<a href=\"https:\/\/apambiente.pt\/clima\/plano-nacional-de-energia-e-clima-pnec\" target=\"_blank\" rel=\"noreferrer noopener\">PNEC<\/a>) para o horizonte 2030\u201d, diz o <a href=\"https:\/\/www.portugalenergia.pt\/\" target=\"_blank\" rel=\"noreferrer noopener\">Portugal Energia<\/a>, um plano que \u00e9 apresentado como \u201co principal instrumento de pol\u00edtica energ\u00e9tica e clim\u00e1tica para a d\u00e9cada 2021-2030\u201d.<\/p>\n\n\n\n<p>As metas s\u00e3o ambiciosas mas, nesta mat\u00e9ria, \u201cPortugal tem fortes argumentos para continuar a construir uma estrat\u00e9gia rumo \u00e0 neutralidade carb\u00f3nica e a uma economia neutra em carbono, baseada em fontes de energia renov\u00e1veis, com foco na efici\u00eancia energ\u00e9tica e no consumidor de energia\u201d.<\/p>\n\n\n\n<p>A vis\u00e3o para Portugal de alcan\u00e7ar a neutralidade carb\u00f3nica em 2050 parece simples: promover a descarboniza\u00e7\u00e3o da economia e a transi\u00e7\u00e3o energ\u00e9tica visando a neutralidade carb\u00f3nica em 2050, enquanto oportunidade para o pa\u00eds, assente num modelo democr\u00e1tico e justo de coes\u00e3o territorial que potencie a gera\u00e7\u00e3o de riqueza e uso eficiente de recursos.<\/p>\n\n\n\n<p>Basicamente, as metas nacionais para 2030 pressup\u00f5em uma redu\u00e7\u00e3o entre 45% e 55% dos gases com efeito de estufa, um aumento de 35% na efici\u00eancia energ\u00e9tica, mais 47% no uso das energias renov\u00e1veis, 20% nas renov\u00e1veis nos transportes e um aumento de 15% na capacidade de interliga\u00e7\u00f5es el\u00e9tricas.<\/p>\n\n\n\n<h2 class=\"wp-block-heading\">Uma transi\u00e7\u00e3o energ\u00e9tica inclusiva<\/h2>\n\n\n\n<p>As respostas criadas para o encerramento da central el\u00e9trica a carv\u00e3o do Pego \u201cmostram que podemos fazer a transi\u00e7\u00e3o energ\u00e9tica sem deixar ningu\u00e9m para tr\u00e1s, assegurando que o marco hist\u00f3rico de um Portugal sem eletricidade produzida por carv\u00e3o \u00e9 poss\u00edvel, com ganhos para o ambiente e sem perda de emprego, de rendimento, de atratividade do territ\u00f3rio\u201d, disse o primeiro-ministro, Ant\u00f3nio Costa, em novembro do ano passado, na apresenta\u00e7\u00e3o de Medidas para uma Transi\u00e7\u00e3o Justa. \u201cPara esta transi\u00e7\u00e3o ser bem-sucedida, precisa de ser tamb\u00e9m justa e inclusiva, n\u00e3o deixando ningu\u00e9m para tr\u00e1s.\u201d&nbsp;<\/p>\n\n\n\n<p>Estas medidas v\u00e3o ser financiadas com 224 milh\u00f5es de euros, que v\u00e3o incidir em tr\u00eas \u00e1reas. Em Matosinhos, onde encerrou a refinaria de petr\u00f3leo da Galp, v\u00e3o ser aplicados 60 milh\u00f5es de euros. No M\u00e9dio Tejo, com o encerramento da central termoel\u00e9trica do Pego e Centro Litoral, onde h\u00e1 ind\u00fastria intensiva em carbono, como o vidro e a cer\u00e2mica, v\u00e3o ter direito a 90 milh\u00f5es. Por \u00faltimo, Sines, onde encerrou a central termoel\u00e9trica a carv\u00e3o e onde est\u00e1 instalada ind\u00fastria de produtos petrol\u00edferos, fica com 74 milh\u00f5es.<\/p>\n\n\n\n<p>O governante lembrou que as duas centrais termoel\u00e9tricas a carv\u00e3o, no Pego e em Sines, asseguravam 28% da eletricidade que o pa\u00eds consumia em 2015. O encerramento destas duas centrais tem uma contribui\u00e7\u00e3o muito significativa para a redu\u00e7\u00e3o das emiss\u00f5es de CO2 j\u00e1 que, com o seu fecho, 10% do objetivo para atingir a neutralidade carb\u00f3nica em 2050 fica assim cumprido.<\/p>\n\n\n\n<h2 class=\"wp-block-heading\">O compromisso do PRR<\/h2>\n\n\n\n<p>J\u00e1 em junho deste ano, foi lan\u00e7ado o primeiro aviso para candidaturas a apoios do Plano de Recupera\u00e7\u00e3o e Resili\u00eancia (PRR) \u00e0 concretiza\u00e7\u00e3o de comunidades de energia renov\u00e1vel e autoconsumo coletivo, com uma dota\u00e7\u00e3o de 30 milh\u00f5es de euros. Em comunicado citado pela ag\u00eancia Lusa, o Minist\u00e9rio do Ambiente e da A\u00e7\u00e3o Clim\u00e1tica define que o programa &#8220;tem como objetivo o financiamento de medidas que fomentem a produ\u00e7\u00e3o de energia el\u00e9trica a partir de fontes renov\u00e1veis em regime de Comunidades de Energia Renov\u00e1vel (CER) e Autoconsumo Coletivo (ACC)&#8221;.<\/p>\n\n\n\n<p>O gabinete liderado por Duarte Cordeiro comunica que se pretende que as medidas a apoiar \u201cpossam conduzir, em m\u00e9dia, a pelo menos 30% de redu\u00e7\u00e3o do consumo de energia prim\u00e1ria nos edif\u00edcios beneficiados, e contribuir para refor\u00e7ar a capacidade em autoconsumo e CER nos setores residencial, da administra\u00e7\u00e3o p\u00fablica central e de servi\u00e7os em, pelo menos, 93 megawatts&#8221;.<\/p>\n\n\n\n<p>As not\u00edcias parecem, de resto, positivas. Em abril passado, a produ\u00e7\u00e3o de energia el\u00e9trica atingiu os 3533 GWh, com 68,6% a chegar das energias renov\u00e1veis e apenas 31,4% das energias f\u00f3sseis.<\/p>\n","protected":false},"excerpt":{"rendered":"<p>N\u00e3o \u00e9 f\u00e1cil, mas Portugal parece ter argumentos para continuar a construir uma estrat\u00e9gia rumo \u00e0 neutralidade carb\u00f3nica e a uma economia neutra em carbono, baseada em fontes de energia renov\u00e1veis, com foco na efici\u00eancia energ\u00e9tica e no consumidor de energia.<\/p>\n","protected":false},"author":23,"featured_media":2629,"comment_status":"closed","ping_status":"open","sticky":false,"template":"","format":"standard","meta":{"footnotes":""},"categories":[367],"tags":[382,5,910,907,379],"class_list":["post-2626","post","type-post","status-publish","format-standard","has-post-thumbnail","hentry","category-transicao-energetica","tag-acordo-de-paris","tag-electric-summit","tag-plano-nacional-integrado-de-energia-e-clima","tag-portugal-energia","tag-transicao-energetica"],"_links":{"self":[{"href":"https:\/\/bs.xl.pt\/electric-summit\/wp-json\/wp\/v2\/posts\/2626","targetHints":{"allow":["GET"]}}],"collection":[{"href":"https:\/\/bs.xl.pt\/electric-summit\/wp-json\/wp\/v2\/posts"}],"about":[{"href":"https:\/\/bs.xl.pt\/electric-summit\/wp-json\/wp\/v2\/types\/post"}],"author":[{"embeddable":true,"href":"https:\/\/bs.xl.pt\/electric-summit\/wp-json\/wp\/v2\/users\/23"}],"replies":[{"embeddable":true,"href":"https:\/\/bs.xl.pt\/electric-summit\/wp-json\/wp\/v2\/comments?post=2626"}],"version-history":[{"count":1,"href":"https:\/\/bs.xl.pt\/electric-summit\/wp-json\/wp\/v2\/posts\/2626\/revisions"}],"predecessor-version":[{"id":2635,"href":"https:\/\/bs.xl.pt\/electric-summit\/wp-json\/wp\/v2\/posts\/2626\/revisions\/2635"}],"wp:featuredmedia":[{"embeddable":true,"href":"https:\/\/bs.xl.pt\/electric-summit\/wp-json\/wp\/v2\/media\/2629"}],"wp:attachment":[{"href":"https:\/\/bs.xl.pt\/electric-summit\/wp-json\/wp\/v2\/media?parent=2626"}],"wp:term":[{"taxonomy":"category","embeddable":true,"href":"https:\/\/bs.xl.pt\/electric-summit\/wp-json\/wp\/v2\/categories?post=2626"},{"taxonomy":"post_tag","embeddable":true,"href":"https:\/\/bs.xl.pt\/electric-summit\/wp-json\/wp\/v2\/tags?post=2626"}],"curies":[{"name":"wp","href":"https:\/\/api.w.org\/{rel}","templated":true}]}}