{"id":3178,"date":"2022-11-18T15:07:06","date_gmt":"2022-11-18T15:07:06","guid":{"rendered":"https:\/\/bs.xl.pt\/electric-summit\/?p=3178"},"modified":"2022-11-21T12:21:14","modified_gmt":"2022-11-21T12:21:14","slug":"portugal-e-competitivo-na-energia-solar","status":"publish","type":"post","link":"https:\/\/bs.xl.pt\/electric-summit\/clean-energy-forum-outlook-2023\/portugal-e-competitivo-na-energia-solar\/","title":{"rendered":"Portugal \u00e9 competitivo na energia solar"},"content":{"rendered":"\n<p>O sol ser\u00e1 a principal base da transi\u00e7\u00e3o energ\u00e9tica na Uni\u00e3o Europeia e a garantia de independ\u00eancia dos 27 Estados-membros face \u00e0s fontes energ\u00e9ticas f\u00f3sseis da R\u00fassia. No debate sobre Energia Solar do \u201cClean Energy Forum Outlook 2023\u201d, os oradores internacionais destacaram o contexto privilegiado de Portugal e Espanha na produ\u00e7\u00e3o das renov\u00e1veis, por causa da abund\u00e2ncia de sol e de vento, a descida dos custos de instala\u00e7\u00e3o dos pain\u00e9is fotovoltaicos e a necessidade imperativa de apostar no armazenamento do sol.<\/p>\n\n\n\n<p>\u201cCom o solar j\u00e1 ganh\u00e1mos a corrida do custo, \u00e9 a mais competitiva fonte energ\u00e9tica do mundo. E a descida do custo de instala\u00e7\u00e3o dos pain\u00e9is fotovoltaicos tem sido enorme, com uma redu\u00e7\u00e3o nos \u00faltimos nove a 10 anos de 19% no custo total\u201d, afirmou Carlos Relancio, head of Renewables da Galp.<\/p>\n\n\n<div class=\"youtube-video uk-margin-medium\"><iframe width=\"1280\" height=\"720\" src=\"\/\/www.youtube.com\/embed\/ODoEylUHDkY?showinfo=0\" frameborder=\"0\" allowfullscreen data-uk-responsive loading=\"lazy\" referrerpolicy=\"no-referrer-when-downgrade\" title=\"\"><\/iframe><\/div>\n\n\n\n<p>Outro fator importante referido no debate foi a liga\u00e7\u00e3o intr\u00ednseca entre solar e hidrog\u00e9nio verde. \u201cQuando o REPowerEU foi estabelecido, ap\u00f3s a invas\u00e3o da Ucr\u00e2nia pela R\u00fassia, declarou-se a inten\u00e7\u00e3o de substituir parte dos combust\u00edveis f\u00f3sseis por hidrog\u00e9nio verde. Ora, a \u00fanica forma de ter H2 \u00e9 atrav\u00e9s de eletricidade renov\u00e1vel. As duas fontes principais para produzir hidrog\u00e9nio verde e depois combust\u00edveis sint\u00e9ticos de origem biol\u00f3gica \u00e9 realmente atrav\u00e9s do solar e de energia e\u00f3lica\u201d, afirmou Pedro Amaral Jorge, presidente da Associa\u00e7\u00e3o Portuguesa de Energias Renov\u00e1veis (APREN).<\/p>\n\n\n\n<p>Na Uni\u00e3o Europeia, a pesquisa e inova\u00e7\u00e3o est\u00e3o a ser cada vez mais conduzidas para a energia solar. Wolfram Sparber, vice-presidente da Association of European Renewable Energy Research Centers (Eurec) e head of Institute for Renewables Energy at Eurac Research, remeteu para o (curto) per\u00edodo hist\u00f3rico da evolu\u00e7\u00e3o desta fonte energ\u00e9tica. \u201cFiz a minha tese de mestrado em tecnologia fotovoltaica (PV).&nbsp; No in\u00edcio, um sistema de PV custava 45.000 euros para uma casa de fam\u00edlia e lembro-me de falar com pessoas que achavam o solar uma perda de tempo. E agora vemos onde cheg\u00e1mos, a energia solar tornou-se na mais barata fonte energ\u00e9tica.\u201d<\/p>\n\n\n\n<p>Pedro Amaral Jorge, presidente da APREN, situou essa evolu\u00e7\u00e3o, ocorrida no espa\u00e7o da \u00faltima d\u00e9cada. \u201cH\u00e1 10 anos, um sistema PV custaria 400 euros por megawatt-hora e numa d\u00e9cada o pre\u00e7o m\u00e9dio do megawatt-hora baixou para 25 a 30 euros. Estamos a substituir combust\u00edveis f\u00f3sseis n\u00e3o s\u00f3 porque \u00e9 ecol\u00f3gico mas porque \u00e9 economicamente competitivo e pode levar-nos \u00e0 independ\u00eancia energ\u00e9tica e seguran\u00e7a de abastecimento.\u201d<\/p>\n\n\n\n<p>Nesta corrida, Portugal e Espanha partem em condi\u00e7\u00f5es muito vantajosas. \u201cA Pen\u00ednsula Ib\u00e9rica \u00e9 a regi\u00e3o europeia que mais beneficiar\u00e1 porque somos os mais baratos em solar. Poderemos ser os mais competitivos para PV. Os objetivos do REPowerEU s\u00e3o alcan\u00e7\u00e1veis. O ponto \u00e9 p\u00f4r o comboio em movimento\u201d, frisou Pedro Amaral Jorge.<\/p>\n\n\n\n<p>A petrol\u00edfera Galp j\u00e1 entrou a todo o vapor nesse comboio. \u201cH\u00e1 tr\u00eas anos, a presen\u00e7a da Galp em renov\u00e1veis era quase zero e hoje temos 1300 megawatts em opera\u00e7\u00e3o, o que nos coloca no lugar de 3\u00ba maior produtor de solar na Pen\u00ednsula Ib\u00e9rica\u201d, sublinhou Carlos Rel\u00e2ncio. \u201cO nosso objetivo \u00e9 passar a ter 4 GW ou 4000 megawatts em opera\u00e7\u00e3o em 2025 e 12.000 GW em 2030, o que \u00e9 muito ambicioso, numa combina\u00e7\u00e3o de solar com projetos e\u00f3licos\u201d, acrescentou o head of Renewables da Galp.<\/p>\n\n\n\n<p>Como operador industrial, a petrol\u00edfera vai al\u00e9m-fronteiras com estes projetos e para o pr\u00f3ximo ano iniciar\u00e1 os seus investimentos em centrais de produ\u00e7\u00e3o fotovoltaica no Brasil.<\/p>\n\n\n\n<p><strong>Armazenamento \u00e9 a chave<\/strong><\/p>\n\n\n\n<p>As principais limita\u00e7\u00f5es ao crescimento do solar, reconhecidas pelos tr\u00eas oradores, s\u00e3o a burocracia dos processos de instala\u00e7\u00e3o, dos licenciamentos e o armazenamento desta fonte energ\u00e9tica, ainda insuficiente para as necessidades. A capacidade de guardar o solar durante muito tempo ser\u00e1 a chave para garantir que esta fonte energ\u00e9tica renov\u00e1vel pode vir a ser a principal no espa\u00e7o europeu.<\/p>\n\n\n\n<p>\u201cEnfrent\u00e1mos disrup\u00e7\u00f5es, primeiro com a covid-19, depois com a guerra na Ucr\u00e2nia. Mas acreditamos que o armazenamento \u00e9 um \u2018must\u2019. N\u00e3o podemos ter mais de 50 a 70% de intermit\u00eancia de solar. Nos pr\u00f3ximos dois a tr\u00eas anos, todos os pacotes vendidos j\u00e1 vir\u00e3o com o armazenamento inclu\u00eddo, \u00e9 a \u00fanica forma de prosseguir no caminho da eletrifica\u00e7\u00e3o da economia\u201d, afirmou Carlos Relancio, da Galp, empresa que se posiciona como \u201cinvestidor a longo termo\u201d nesta \u201ccorrida de longo curso\u201d.<\/p>\n\n\n\n<p>O respons\u00e1vel pelas renov\u00e1veis da Galp destacou ainda o \u201cnovo pacote legislativo aprovado em Portugal\u201d que veio acelerar a instala\u00e7\u00e3o de sistemas fotovoltaicos. \u201cAgora, a Galp instala uma central fotovoltaica e cinco dias depois estamos a injetar eletricidade na rede. Em Espanha, o per\u00edodo m\u00ednimo \u00e9 de dois meses. Temos de estar orgulhosos do nosso quadro legislativo e complementar com as interconex\u00f5es das renov\u00e1veis ao sistema.\u201d<\/p>\n\n\n\n<p>Na Pen\u00ednsula Ib\u00e9rica existem tr\u00eas mecanismos de armazenagem que se podem usar, explicou Pedro Amaral Jorge, da APREN. \u201cUm \u00e9 hidrotermagem, um sistema que usa a \u00e1gua para armazenar energia, outro \u00e9 atrav\u00e9s do hidrog\u00e9nio verde e o terceiro s\u00e3o as baterias.\u201d Depois, essa capacidade de guardar a energia depende, em dura\u00e7\u00e3o, do meio que se utiliza. \u201cHaver\u00e1 momentos de tr\u00eas minutos, de tr\u00eas horas e de tr\u00eas dias. E para cada um ser\u00e1 necess\u00e1rio um tipo diferente de tecnologia: a curto prazo baterias, a m\u00e9dio prazo \u00e1gua e a longo prazo hidrog\u00e9nio verde ou combust\u00edveis sint\u00e9ticos de origem biol\u00f3gica.\u201d<\/p>\n\n\n\n<p>Wolfram Sparber adiantou que na Eurec est\u00e3o a trabalhar em simula\u00e7\u00f5es de armazenamento para perceber como a transi\u00e7\u00e3o vai acontecer e quantas baterias s\u00e3o necess\u00e1rias nas diferentes instala\u00e7\u00f5es. \u201cO que vemos nestes modelos \u00e9 a necessidade de aproveitar as baterias que v\u00eam com os carros el\u00e9tricos. Se descarbonizarmos os nossos meios de transporte vamos ter acesso a baterias enormes, bem maiores do que as caseiras &#8211; na garagem teremos uma bateria com oito vezes essa capacidade e n\u00e3o se paga porque est\u00e1 inclu\u00edda no pre\u00e7o do carro\u201d, exemplificou.<\/p>\n\n\n\n<p>\u201cH\u00e1 a possibilidade de se fazer carregamento inteligente da bateria autom\u00f3vel, ou seja, o cliente vai carregar o seu carro quando a eletricidade est\u00e1 mais barata.\u201d<\/p>\n\n\n\n<p>Com este enquadramento, Sparber adiantou que \u201cfaz todo o sentido\u201d a Galp estar a investir em energias renov\u00e1veis e nas infraestruturas de carregamento.<\/p>\n\n\n\n<p><strong>Investimento e fundos europeus<\/strong><\/p>\n\n\n\n<p>Todo o investimento feito na Pen\u00ednsula Ib\u00e9rica em renov\u00e1veis \u00e9 feito por privados. \u201cO Governo s\u00f3 precisa de criar um quadro regulat\u00f3rio est\u00e1vel. Os fundos europeus ter\u00e3o de ir para tecnologia porque os bancos ainda n\u00e3o acreditam nisto, por isso \u00e9 preciso essa garantia, e tamb\u00e9m podem ser usados para cumprir as metas de descarboniza\u00e7\u00e3o da \u2018net zero\u2019 em 2050.\u201d E tamb\u00e9m se fala de os fundos do Plano de Poupan\u00e7a e Resili\u00eancia (PRR) poderem em parte ser canalizados para solar\u201d, afirmou Carlos Relancio da Galp.<\/p>\n\n\n\n<p>Wolfram Sparber acrescentou, com a sua experi\u00eancia, que \u201co dinheiro europeu ajuda muito em pesquisa aplicada, na inova\u00e7\u00e3o em tecnologia\u201d. E tamb\u00e9m insistiu que \u00e9 preciso \u201cacelerar o licenciamento, a burocracia nos processos de instala\u00e7\u00e3o\u201d.<\/p>\n\n\n\n<p>N\u00e3o se pode \u201colhar para o licenciamento com as mesmas lentes de h\u00e1 cinco ou 10 anos\u201d, alertou, por sua vez, Pedro Amaral Jorge, da APREN. \u201cE precisamos de envolver os munic\u00edpios nestes projetos porque as centrais de produ\u00e7\u00e3o de energia solar e os parques de energia e\u00f3lica n\u00e3o v\u00e3o ser instalados em Lisboa.\u201d<\/p>\n\n\n\n<p><\/p>\n\n\n\n<p><strong>Uso de drones para monitorizar pain\u00e9is<\/strong><\/p>\n\n\n\n<p><a><\/a>Nos centros de pesquisa europeus em energias renov\u00e1veis (Eurec) os investigadores est\u00e3o \u201cfocados na efici\u00eancia dos sistemas fotovoltaicos\u201d. J\u00e1 foram desenvolvidos v\u00e1rios projetos para examinar a manuten\u00e7\u00e3o dos sistemas PV. \u201cFuncionam bem, mas podiam funcionar muito melhor. Estamos a usar drones para fazer essa monitoriza\u00e7\u00e3o.\u201d Na Eurec est\u00e3o ainda a estudar como se pode reutilizar o aquecimento de unidades industriais, supermercados, entre outros, para o conduzir a bombas de calor e criar efici\u00eancia energ\u00e9tica.<\/p>\n","protected":false},"excerpt":{"rendered":"<p>A economia da Pen\u00ednsula Ib\u00e9rica s\u00f3 tem a ganhar com o crescimento desta fonte energ\u00e9tica porque Portugal e Espanha s\u00e3o os mais baratos em energia solar, admitiram os respons\u00e1veis da Galp e especialistas internacionais do setor.<\/p>\n","protected":false},"author":58,"featured_media":3184,"comment_status":"closed","ping_status":"open","sticky":false,"template":"","format":"standard","meta":{"footnotes":""},"categories":[1006],"tags":[5,361],"class_list":["post-3178","post","type-post","status-publish","format-standard","has-post-thumbnail","hentry","category-clean-energy-forum-outlook-2023","tag-electric-summit","tag-energia-solar"],"_links":{"self":[{"href":"https:\/\/bs.xl.pt\/electric-summit\/wp-json\/wp\/v2\/posts\/3178","targetHints":{"allow":["GET"]}}],"collection":[{"href":"https:\/\/bs.xl.pt\/electric-summit\/wp-json\/wp\/v2\/posts"}],"about":[{"href":"https:\/\/bs.xl.pt\/electric-summit\/wp-json\/wp\/v2\/types\/post"}],"author":[{"embeddable":true,"href":"https:\/\/bs.xl.pt\/electric-summit\/wp-json\/wp\/v2\/users\/58"}],"replies":[{"embeddable":true,"href":"https:\/\/bs.xl.pt\/electric-summit\/wp-json\/wp\/v2\/comments?post=3178"}],"version-history":[{"count":2,"href":"https:\/\/bs.xl.pt\/electric-summit\/wp-json\/wp\/v2\/posts\/3178\/revisions"}],"predecessor-version":[{"id":3247,"href":"https:\/\/bs.xl.pt\/electric-summit\/wp-json\/wp\/v2\/posts\/3178\/revisions\/3247"}],"wp:featuredmedia":[{"embeddable":true,"href":"https:\/\/bs.xl.pt\/electric-summit\/wp-json\/wp\/v2\/media\/3184"}],"wp:attachment":[{"href":"https:\/\/bs.xl.pt\/electric-summit\/wp-json\/wp\/v2\/media?parent=3178"}],"wp:term":[{"taxonomy":"category","embeddable":true,"href":"https:\/\/bs.xl.pt\/electric-summit\/wp-json\/wp\/v2\/categories?post=3178"},{"taxonomy":"post_tag","embeddable":true,"href":"https:\/\/bs.xl.pt\/electric-summit\/wp-json\/wp\/v2\/tags?post=3178"}],"curies":[{"name":"wp","href":"https:\/\/api.w.org\/{rel}","templated":true}]}}