{"id":1721,"date":"2022-02-18T15:13:14","date_gmt":"2022-02-18T15:13:14","guid":{"rendered":"https:\/\/bs.xl.pt\/espaco-m365\/?p=1721"},"modified":"2023-04-16T14:57:54","modified_gmt":"2023-04-16T13:57:54","slug":"caminhos-de-santiago-na-companhia-de-historias-e-lendas","status":"publish","type":"post","link":"https:\/\/bs.xl.pt\/espaco-m365\/lifestyle\/caminhos-de-santiago-na-companhia-de-historias-e-lendas\/","title":{"rendered":"Caminhos de Santiago na companhia de hist\u00f3rias e lendas"},"content":{"rendered":"\n<p>Sempre que o dia 25 de julho coincide com o domingo, como foi o caso do ano 2021, a Igreja proclama um Ano Santo de Compostela ou Ano Jacobeu (Xacobeo em galego), uma data celebrada desde o s\u00e9culo XII. Devido \u00e0 pandemia, o Jacobeu 2021 passou por decreto do Papa Francisco a englobar tamb\u00e9m 2022, terminando assim a 31 de dezembro de 2022. Por esta raz\u00e3o e por muitas outras, este ano ser\u00e1 ainda mais perfeito para fazer o caminho ou conhecer melhor as etapas que h\u00e1 muitos s\u00e9culos atraem peregrinos de todas as nacionalidades. <\/p>\n\n\n\n<p>Se a curiosidade, a religi\u00e3o ou a espiritualidade o movem para conhecer melhor a hist\u00f3ria e as lendas das terras que s\u00e3o cruzadas por estes caminhos, a Associa\u00e7\u00e3o Montepio tem um programa que vai despertar a sua aten\u00e7\u00e3o.<\/p>\n\n\n\n<h2 class=\"wp-block-heading\"><strong>Seis etapas de um caminho inspirador<\/strong><\/h2>\n\n\n\n<p>O historiador Joel Cleto ser\u00e1 o guia que conduzir\u00e1 a viagem de descobertas ao longo dos caminhos, tendo organizado percursos que se desdobram em seis etapas de conhecimento e descoberta pelos arredores da cidade do Porto e pelas hist\u00f3rias da rela\u00e7\u00e3o da cidade com Santiago.<\/p>\n\n\n\n<h3 class=\"wp-block-heading\"><a rel=\"noreferrer noopener\" href=\"https:\/\/www.montepio.org\/vantagens-montepio\/experiencias-agenda\/descobrir\/estorias-e-lendas-do-caminho-de-santiago-por-joel-cleto-da-serra-do-pilar-ao-senhor-da-boa-passagem\/\" target=\"_blank\">1\u00aa Etapa: da serra do Pilar ao Senhor da Boa Passagem<\/a><\/h3>\n\n\n\n<p>Na primeira etapa, percorre-se o caminho que nos leva da serra do Pilar ao Senhor da Boa Passagem. A partida acontece no magn\u00edfico santu\u00e1rio da serra do Pilar, ligado \u00e0 religiosidade e \u00e0 devo\u00e7\u00e3o a Santiago. Pela margem esquerda do Douro, ser\u00e1 poss\u00edvel encontrar outras marcas relacionadas com estas peregrina\u00e7\u00f5es, como \u00e9 o caso do convento Corpus Christi. De hist\u00f3ria em hist\u00f3ria, chegar-se-\u00e1 ao lugar da \u201cBoa Passagem\u201d, na base do castelo de Gaia, um local durante s\u00e9culos privilegiado para a travessia do grande rio.<\/p>\n\n\n<div class=\"uk-inline\"><img decoding=\"async\" src=\"https:\/\/cdn.xl.pt\/bs\/uploads\/sites\/58\/2022\/02\/Etapa-1-Exp-Estorias-e-Lendas-do-Caminho-de-Santiago-por-Joel-Cleto.jpg\" alt=\"Caminhos de Santiago na companhia de hist\u00f3rias e lendas | Espa\u00e7o M365\" loading=\"lazy\" \/><\/div><p class=\"uk-hidden@s uk-text-small uk-text-muted uk-margin-small-top uk-margin-medium-bottom uk-text-left\"><\/p>\n\n\n<div data-uk-grid class=\"featured-box uk-card uk-grid-collapse uk-margin\"><div class=\"uk-width-1-1\"><div class=\"uk-card-body\"><\/p>\n<h4><b>Data: 09 de abril<\/b><\/h4>\n<p><b>Local:<\/b> Porto<\/p>\n<p><b>Dura\u00e7\u00e3o:<\/b> 2h30<\/p>\n<p><b>Encontro:<\/b> 9h30 no Miradouro da Serra do Pilar<\/p>\n<p><b>Pre\u00e7o:<\/b> 10 euros associados Montepio \/ 13 euros n\u00e3o associados<\/p>\n<p><b>Inscri\u00e7\u00f5es at\u00e9:<\/b> 04 de abril<\/p>\n<p><b>Respons\u00e1vel pela atividade:<\/b> Rui Costa | 967 804 635<\/p>\n<p><\/div><\/div><\/div>\n\n\n\n<div style=\"height:25px\" aria-hidden=\"true\" class=\"wp-block-spacer\"><\/div>\n\n\n\n<h3 class=\"wp-block-heading\"><a rel=\"noreferrer noopener\" href=\"https:\/\/www.montepio.org\/vantagens-montepio\/experiencias-agenda\/descobrir\/estorias-e-lendas-do-caminho-de-santiago-por-joel-cleto-da-serra-do-pilar-ao-senhor-da-boa-passagem\/\" target=\"_blank\"><a rel=\"noreferrer noopener\" href=\"https:\/\/www.montepio.org\/vantagens-montepio\/experiencias-agenda\/descobrir\/estorias-e-lendas-do-caminho-de-santiago-por-joel-cleto-da-ribeira-a-catedral-do-porto\/\" target=\"_blank\">2\u00aa Etapa: da Ribeira \u00e0 Catedral do Porto<\/a><\/a><\/h3>\n\n\n\n<p>Na segunda etapa, o caminho come\u00e7a na zona da Ribeira e segue em dire\u00e7\u00e3o \u00e0 Catedral do Porto. O ponto de encontro \u00e9 a hist\u00f3rica Pra\u00e7a da Ribeira no Porto, local que acolhia muitos dos peregrinos que chegavam \u00e0 Invicta. Atrav\u00e9s do velho n\u00facleo medieval do morro da S\u00e9, onde come\u00e7ou a surgir a cidade do Porto, percorre-se o caminho que leva ao Terreiro da S\u00e9, onde um marco jacobeu, um dos s\u00edmbolos mais representativos dos caminhos, aponta para Santiago de Compostela.<\/p>\n\n\n<div class=\"uk-inline\"><img decoding=\"async\" src=\"https:\/\/cdn.xl.pt\/bs\/uploads\/sites\/58\/2022\/02\/Etapa-2-Exp-Estorias-e-Lendas-do-Caminho-de-Santiago-por-Joel-Cleto.jpg\" alt=\"Caminhos de Santiago na companhia de hist\u00f3rias e lendas | Espa\u00e7o M365\" loading=\"lazy\" \/><\/div><p class=\"uk-hidden@s uk-text-small uk-text-muted uk-margin-small-top uk-margin-medium-bottom uk-text-left\"><\/p>\n\n\n<div data-uk-grid class=\"featured-box uk-card uk-grid-collapse uk-margin\"><div class=\"uk-width-1-1\"><div class=\"uk-card-body\"><\/p>\n<h4><b>Data: 08 de maio<\/b><\/h4>\n<p><b>Local:<\/b> Porto<\/p>\n<p><b>Dura\u00e7\u00e3o:<\/b> 2h30<\/p>\n<p><b>Encontro:<\/b> 9h30 na escultura do \u201cCubo\u201d na Pra\u00e7a da Ribeira<\/p>\n<p><b>Pre\u00e7o:<\/b> 10 euros associados Montepio \/ 13 euros n\u00e3o associados<\/p>\n<p><b>Inscri\u00e7\u00f5es at\u00e9:<\/b> 02 de maio<\/p>\n<p><b>Respons\u00e1vel pela atividade:<\/b> Rui Costa | 967 804 635<\/p>\n<p><\/div><\/div><\/div>\n\n\n\n<div style=\"height:25px\" aria-hidden=\"true\" class=\"wp-block-spacer\"><\/div>\n\n\n\n<h3 class=\"wp-block-heading\"><a rel=\"noreferrer noopener\" href=\"https:\/\/www.montepio.org\/vantagens-montepio\/experiencias-agenda\/descobrir\/estorias-e-lendas-do-caminho-de-santiago-por-joel-cleto-da-serra-do-pilar-ao-senhor-da-boa-passagem\/\" target=\"_blank\"><a rel=\"noreferrer noopener\" href=\"https:\/\/www.montepio.org\/vantagens-montepio\/experiencias-agenda\/descobrir\/estorias-e-lendas-do-caminho-de-santiago-por-joel-cleto-da-catedral-a-porta-do-olival-cordoaria\/\" target=\"_blank\">3\u00aa Etapa: da Catedral \u00e0 Porta do Olival (Cordoaria)<\/a><\/a><\/h3>\n\n\n\n<p>Na terceira etapa do percurso, a partida d\u00e1-se na Catedral do Porto, edif\u00edcio que guarda in\u00fameras refer\u00eancias aos caminhos e \u00e0s devo\u00e7\u00f5es a Santiago na cidade e, atrav\u00e9s dos antigos n\u00facleos do morro da Pena Ventosa e da freguesia da Vit\u00f3ria, cruzando a antiga Judiaria do Olival, \u00e9 poss\u00edvel chegar \u00e0 grande porta da muralha medieval Fernandina que se abria para norte e por onde atravessavam os peregrinos que tinham no horizonte o santu\u00e1rio de Santiago de Compostela.<\/p>\n\n\n<div class=\"uk-inline\"><img decoding=\"async\" src=\"https:\/\/cdn.xl.pt\/bs\/uploads\/sites\/58\/2022\/02\/Etapa-3-Exp-Estorias-e-Lendas-do-Caminho-de-Santiago-por-Joel-Cleto.jpg\" alt=\"Caminhos de Santiago na companhia de hist\u00f3rias e lendas | Espa\u00e7o M365\" loading=\"lazy\" \/><\/div><p class=\"uk-hidden@s uk-text-small uk-text-muted uk-margin-small-top uk-margin-medium-bottom uk-text-left\"><\/p>\n\n\n<div data-uk-grid class=\"featured-box uk-card uk-grid-collapse uk-margin\"><div class=\"uk-width-1-1\"><div class=\"uk-card-body\"><\/p>\n<h4><b>Data: 11 de junho<\/b><\/h4>\n<p><b>Local:<\/b> Porto<\/p>\n<p><b>Dura\u00e7\u00e3o:<\/b> 2h30<\/p>\n<p><b>Encontro:<\/b> 14h30 no Terreiro da S\u00e9<\/p>\n<p><b>Pre\u00e7o:<\/b> 10 euros associados Montepio \/ 13 euros n\u00e3o associados<\/p>\n<p><b>Inscri\u00e7\u00f5es at\u00e9:<\/b> 06 de junho<\/p>\n<p><b>Respons\u00e1vel pela atividade:<\/b> Rui Costa | 967 804 635<\/p>\n<p><\/div><\/div><\/div>\n\n\n\n<div style=\"height:25px\" aria-hidden=\"true\" class=\"wp-block-spacer\"><\/div>\n\n\n\n<h3 class=\"wp-block-heading\"><a rel=\"noreferrer noopener\" href=\"https:\/\/www.montepio.org\/vantagens-montepio\/experiencias-agenda\/descobrir\/estorias-e-lendas-do-caminho-de-santiago-por-joel-cleto-da-serra-do-pilar-ao-senhor-da-boa-passagem\/\" target=\"_blank\"><a rel=\"noreferrer noopener\" href=\"https:\/\/www.montepio.org\/vantagens-montepio\/experiencias-agenda\/descobrir\/estorias-e-lendas-do-caminho-de-santiago-por-joel-cleto-da-porta-do-olival-ao-senhor-do-olho-vivo-lapa\/\" target=\"_blank\">4\u00aa Etapa: da Porta do Olival ao Senhor do Olho Vivo (Lapa)<\/a><\/a><\/h3>\n\n\n\n<p>O caminho continua numa quarta etapa que parte da velha porta medieval da muralha da cidade, a Porta do Olival. O trajeto segue pelo antigo Largo dos Ferradores, hoje Pra\u00e7a Carlos Alberto, e prossegue pela via medieval, presumivelmente romana, em dire\u00e7\u00e3o ao Norte, Braga. Pelo caminho s\u00e3o obrigat\u00f3rias as paragens junto ao imponente Santu\u00e1rio de Nossa Senhora da Lapa e \u00e0 surpreendente Capela do Senhor do Socorro, chamada pelos portuenses de Capela do Olho Vivo por estar situada num local onde, antigamente, os peregrinos tinham de ter cuidado e \u201candar de olhos bem abertos\u201d, por se tratar de uma zona perigosa.<\/p>\n\n\n<div class=\"uk-inline\"><img decoding=\"async\" src=\"https:\/\/cdn.xl.pt\/bs\/uploads\/sites\/58\/2022\/02\/Etapa-4-Exp-Estorias-e-Lendas-do-Caminho-de-Santiago-por-Joel-Cleto.jpg\" alt=\"Caminhos de Santiago na companhia de hist\u00f3rias e lendas | Espa\u00e7o M365\" loading=\"lazy\" \/><\/div><p class=\"uk-hidden@s uk-text-small uk-text-muted uk-margin-small-top uk-margin-medium-bottom uk-text-left\"><\/p>\n\n\n<div data-uk-grid class=\"featured-box uk-card uk-grid-collapse uk-margin\"><div class=\"uk-width-1-1\"><div class=\"uk-card-body\"><\/p>\n<h4><b>Data: 09 de abril<\/b><\/h4>\n<p><b>Local:<\/b> Porto<\/p>\n<p><b>Dura\u00e7\u00e3o:<\/b> 2h30<\/p>\n<p><b>Encontro:<\/b> 9h30 no Miradouro da Serra do Pilar<\/p>\n<p><b>Pre\u00e7o:<\/b> 10 euros associados Montepio \/ 13 euros n\u00e3o associados<\/p>\n<p><b>Inscri\u00e7\u00f5es at\u00e9:<\/b> 04 de abril<\/p>\n<p><b>Respons\u00e1vel pela atividade:<\/b> Rui Costa | 967 804 635<\/p>\n<p><\/div><\/div><\/div>\n\n\n\n<div style=\"height:25px\" aria-hidden=\"true\" class=\"wp-block-spacer\"><\/div>\n\n\n\n<h3 class=\"wp-block-heading\"><a rel=\"noreferrer noopener\" href=\"https:\/\/www.montepio.org\/vantagens-montepio\/experiencias-agenda\/descobrir\/estorias-e-lendas-do-caminho-de-santiago-por-joel-cleto-da-serra-do-pilar-ao-senhor-da-boa-passagem\/\" target=\"_blank\"><a rel=\"noreferrer noopener\" href=\"https:\/\/www.montepio.org\/vantagens-montepio\/experiencias-agenda\/descobrir\/estorias-e-lendas-do-caminho-de-santiago-por-joel-cleto-da-porta-do-olival-a-igreja-de-cedofeita\/\" target=\"_blank\">5\u00aa Etapa: da Porta do Olival \u00e0 igreja de Cedofeita<\/a><\/a><\/h3>\n\n\n\n<p>Nesta etapa, a antiga porta medieval da muralha da cidade, a Porta do Olival, \u00e9 local de partida e pela via mais pr\u00f3xima do litoral, hoje Rua de Cedofeita, segue-se em dire\u00e7\u00e3o a Vila do Conde e Viana do Castelo. Este percurso conduz at\u00e9 um dos mais fabulosos monumentos medievais do Porto, a igreja rom\u00e2nica de S\u00e3o Martinho de Cedofeita, tamb\u00e9m ela marcada por antiqu\u00edssimas devo\u00e7\u00f5es, hist\u00f3rias e lendas associadas a miraculosas peregrina\u00e7\u00f5es em dire\u00e7\u00e3o a Santiago.<\/p>\n\n\n<div class=\"uk-inline\"><img decoding=\"async\" src=\"https:\/\/cdn.xl.pt\/bs\/uploads\/sites\/58\/2022\/02\/Etapa-5-Exp-Estorias-e-Lendas-do-Caminho-de-Santiago-por-Joel-Cleto.jpg\" alt=\"Caminhos de Santiago na companhia de hist\u00f3rias e lendas | Espa\u00e7o M365\" loading=\"lazy\" \/><\/div><p class=\"uk-hidden@s uk-text-small uk-text-muted uk-margin-small-top uk-margin-medium-bottom uk-text-left\"><\/p>\n\n\n<div data-uk-grid class=\"featured-box uk-card uk-grid-collapse uk-margin\"><div class=\"uk-width-1-1\"><div class=\"uk-card-body\"><\/p>\n<h4><b>Data: 08 de outubro<\/b><\/h4>\n<p><b>Local:<\/b> Porto<\/p>\n<p><b>Dura\u00e7\u00e3o:<\/b> 2h30<\/p>\n<p><b>Encontro:<\/b> 9h30 na Torre dos Cl\u00e9rigos<\/p>\n<p><b>Pre\u00e7o:<\/b> 10 euros associados Montepio \/ 13 euros n\u00e3o associados<\/p>\n<p><b>Inscri\u00e7\u00f5es at\u00e9:<\/b> 03 de outubrol<\/p>\n<p><b>Respons\u00e1vel pela atividade:<\/b> Rui Costa | 967 804 635<\/p>\n<p><\/div><\/div><\/div>\n\n\n\n<div style=\"height:25px\" aria-hidden=\"true\" class=\"wp-block-spacer\"><\/div>\n\n\n\n<h3 class=\"wp-block-heading\"><a rel=\"noreferrer noopener\" href=\"https:\/\/www.montepio.org\/vantagens-montepio\/experiencias-agenda\/descobrir\/estorias-e-lendas-do-caminho-de-santiago-por-joel-cleto-da-serra-do-pilar-ao-senhor-da-boa-passagem\/\" target=\"_blank\"><a rel=\"noreferrer noopener\" href=\"https:\/\/www.montepio.org\/vantagens-montepio\/experiencias-agenda\/descobrir\/estorias-e-lendas-do-caminho-de-santiago-por-joel-cleto-no-mosteiro-de-leca-do-balio\/\" target=\"_blank\">6\u00aa Etapa: no Mosteiro de Le\u00e7a do Balio<\/a><\/a><\/h3>\n\n\n\n<p>J\u00e1 a norte da cidade do Porto, num dos espa\u00e7os mais importantes dos caminhos portugueses para Santiago, inicia-se a sexta etapa da viagem de descoberta do percurso do \u201cbom caminho\u201d. O Mosteiro de Le\u00e7a do Balio est\u00e1 situado no lugar de Recarei, junto ao rio Le\u00e7a e a curta dist\u00e2ncia da antiga estrada romana que cruza este rio na Ponte da Pedra, unindo o Porto a Braga. O contacto com os factos hist\u00f3ricos que repousam neste monumento nacional \u00e9 surpreendente. Al\u00e9m dos in\u00fameros acontecimentos da Hist\u00f3ria de Portugal, foi neste mosteiro que se instalou a poderosa Ordem Militar Religiosa dos Cavaleiros Hospital\u00e1rios no pa\u00eds, que se destacou no apoio e prote\u00e7\u00e3o dos peregrinos. Nesta paragem, al\u00e9m de apreciar a beleza da igreja, ser\u00e1 poss\u00edvel visitar tamb\u00e9m as estruturas do antigo pal\u00e1cio, recentemente reabilitado com projeto do arquiteto \u00c1lvaro Siza Vieira.<\/p>\n\n\n<div class=\"uk-inline\"><img decoding=\"async\" src=\"https:\/\/cdn.xl.pt\/bs\/uploads\/sites\/58\/2022\/02\/Etapa-6-Exp-Estorias-e-Lendas-do-Caminho-de-Santiago-por-Joel-Cleto.jpg\" alt=\"Caminhos de Santiago na companhia de hist\u00f3rias e lendas | Espa\u00e7o M365\" loading=\"lazy\" \/><\/div><p class=\"uk-hidden@s uk-text-small uk-text-muted uk-margin-small-top uk-margin-medium-bottom uk-text-left\"><\/p>\n\n\n<div data-uk-grid class=\"featured-box uk-card uk-grid-collapse uk-margin\"><div class=\"uk-width-1-1\"><div class=\"uk-card-body\"><\/p>\n<h4><b>Data: 12 de novembro<\/b><\/h4>\n<p><b>Local:<\/b> Porto<\/p>\n<p><b>Dura\u00e7\u00e3o:<\/b> 2h30<\/p>\n<p><b>Encontro:<\/b> 9h30 na igreja do Mosteiro de Le\u00e7a do Balio<\/p>\n<p><b>Pre\u00e7o:<\/b> 10 euros associados Montepio \/ 13 euros n\u00e3o associados<\/p>\n<p><b>Inscri\u00e7\u00f5es at\u00e9:<\/b> 07 de novembro<\/p>\n<p><b>Respons\u00e1vel pela atividade:<\/b> Rui Costa | 967 804 635<\/p>\n<p><\/div><\/div><\/div>\n\n\n\n<div style=\"height:25px\" aria-hidden=\"true\" class=\"wp-block-spacer\"><\/div>\n\n\n\n<p>Etapa a etapa, os \u201cperegrinos\u201d e aventureiros v\u00e3o percorrer parte do caminho e tamb\u00e9m reviver momentos importantes da Hist\u00f3ria de Portugal, que, curiosamente, se cruzam com as hist\u00f3rias das peregrina\u00e7\u00f5es vindas dos quatro cantos do mundo. Os associados Montepio que pretendam viver esta aventura beneficiam de pre\u00e7os exclusivos.<\/p>\n","protected":false},"excerpt":{"rendered":"<p>Em ano santo compostelano, convidamos peregrinos e n\u00e3o s\u00f3 a participarem em algumas das etapas do caminho portugu\u00eas de Santiago, a partir da regi\u00e3o do Porto, com paragem nas inspiradoras narrativas tradicionais da regi\u00e3o.<\/p>\n","protected":false},"author":29,"featured_media":1727,"comment_status":"closed","ping_status":"closed","sticky":false,"template":"","format":"standard","meta":{"footnotes":""},"categories":[7],"tags":[],"class_list":["post-1721","post","type-post","status-publish","format-standard","has-post-thumbnail","hentry","category-lifestyle"],"_links":{"self":[{"href":"https:\/\/bs.xl.pt\/espaco-m365\/wp-json\/wp\/v2\/posts\/1721","targetHints":{"allow":["GET"]}}],"collection":[{"href":"https:\/\/bs.xl.pt\/espaco-m365\/wp-json\/wp\/v2\/posts"}],"about":[{"href":"https:\/\/bs.xl.pt\/espaco-m365\/wp-json\/wp\/v2\/types\/post"}],"author":[{"embeddable":true,"href":"https:\/\/bs.xl.pt\/espaco-m365\/wp-json\/wp\/v2\/users\/29"}],"replies":[{"embeddable":true,"href":"https:\/\/bs.xl.pt\/espaco-m365\/wp-json\/wp\/v2\/comments?post=1721"}],"version-history":[{"count":7,"href":"https:\/\/bs.xl.pt\/espaco-m365\/wp-json\/wp\/v2\/posts\/1721\/revisions"}],"predecessor-version":[{"id":1763,"href":"https:\/\/bs.xl.pt\/espaco-m365\/wp-json\/wp\/v2\/posts\/1721\/revisions\/1763"}],"wp:featuredmedia":[{"embeddable":true,"href":"https:\/\/bs.xl.pt\/espaco-m365\/wp-json\/wp\/v2\/media\/1727"}],"wp:attachment":[{"href":"https:\/\/bs.xl.pt\/espaco-m365\/wp-json\/wp\/v2\/media?parent=1721"}],"wp:term":[{"taxonomy":"category","embeddable":true,"href":"https:\/\/bs.xl.pt\/espaco-m365\/wp-json\/wp\/v2\/categories?post=1721"},{"taxonomy":"post_tag","embeddable":true,"href":"https:\/\/bs.xl.pt\/espaco-m365\/wp-json\/wp\/v2\/tags?post=1721"}],"curies":[{"name":"wp","href":"https:\/\/api.w.org\/{rel}","templated":true}]}}