{"id":11417,"date":"2021-04-30T16:12:50","date_gmt":"2021-04-30T16:12:50","guid":{"rendered":"https:\/\/bs.xl.pt\/medialivre-boost-solutions\/sem-categoria\/a-sabado-apresenta-herois-reais-de-carne-e-osso\/"},"modified":"2021-04-30T16:12:50","modified_gmt":"2021-04-30T16:12:50","slug":"a-sabado-apresenta-herois-reais-de-carne-e-osso","status":"publish","type":"post","link":"https:\/\/bs.xl.pt\/medialivre-boost-solutions\/noticias\/a-sabado-apresenta-herois-reais-de-carne-e-osso\/","title":{"rendered":"A S\u00e1bado apresenta her\u00f3is reais, de carne e osso"},"content":{"rendered":"\n<p>Cole\u00e7\u00e3o <strong>\u201cOs Meus Pequenos Her\u00f3is\u201d<\/strong> distribu\u00edda com a publica\u00e7\u00e3o Cofina.<\/p>\n\n\n\n<p>Os her\u00f3is que as crian\u00e7as conhecem s\u00e3o, na sua grande maioria, seres fant\u00e1sticos, dotados de poderes extraordin\u00e1rios que lhes permitem realizar feitos prodigiosos.<\/p>\n\n\n\n<p>Mas, ao longo da Hist\u00f3ria, existiram her\u00f3is verdadeiros. Homens e mulheres de carne e osso, t\u00e3o humanos como qualquer um de n\u00f3s, n\u00e3o isentos de erros, mas que se distinguiram pelo que de bom nos legaram. Her\u00f3is reais que, com as suas a\u00e7\u00f5es, contribu\u00edram para fazer do mundo um lugar melhor e que merecem ser conhecidos e admirados, n\u00e3o apenas pelas suas proezas, tamb\u00e9m, e sobretudo, pelo modo como as concretizaram.<\/p>\n\n\n\n<p>Uma cole\u00e7\u00e3o divertida de 15 contos ilustrados que oferece aos seus filhos a oportunidade de conhecer os aut\u00eanticos her\u00f3is que mudaram o mundo e de aprender com as suas atitudes e os seus valores, como curiosidade, justi\u00e7a e coragem, como Albert Einstein, Nelson Mandela, Frida Kahlo ou Leonardo Da Vinci, entre muitos outros.<\/p>\n\n\n\n<p>A partir de dia <strong>20 de maio<\/strong> com a <strong>S\u00e1bado<\/strong>, por apenas <strong>6,95\u20ac<\/strong>.<\/p>\n","protected":false},"excerpt":{"rendered":"<p>Uma cole\u00e7\u00e3o de livros que apresenta \u00e0s crian\u00e7as os her\u00f3is que merecem ser admirados n\u00e3o s\u00f3 pelo que fizeram mas tamb\u00e9m como o fizeram.<\/p>\n","protected":false},"author":5,"featured_media":11420,"comment_status":"open","ping_status":"open","sticky":false,"template":"","format":"standard","meta":{"footnotes":""},"categories":[32],"tags":[137,143,62,158],"class_list":["post-11417","post","type-post","status-publish","format-standard","has-post-thumbnail","hentry","category-noticias","tag-colecao","tag-livros","tag-marketing","tag-pequenos-herois"],"_links":{"self":[{"href":"https:\/\/bs.xl.pt\/medialivre-boost-solutions\/wp-json\/wp\/v2\/posts\/11417","targetHints":{"allow":["GET"]}}],"collection":[{"href":"https:\/\/bs.xl.pt\/medialivre-boost-solutions\/wp-json\/wp\/v2\/posts"}],"about":[{"href":"https:\/\/bs.xl.pt\/medialivre-boost-solutions\/wp-json\/wp\/v2\/types\/post"}],"author":[{"embeddable":true,"href":"https:\/\/bs.xl.pt\/medialivre-boost-solutions\/wp-json\/wp\/v2\/users\/5"}],"replies":[{"embeddable":true,"href":"https:\/\/bs.xl.pt\/medialivre-boost-solutions\/wp-json\/wp\/v2\/comments?post=11417"}],"version-history":[{"count":0,"href":"https:\/\/bs.xl.pt\/medialivre-boost-solutions\/wp-json\/wp\/v2\/posts\/11417\/revisions"}],"wp:featuredmedia":[{"embeddable":true,"href":"https:\/\/bs.xl.pt\/medialivre-boost-solutions\/wp-json\/wp\/v2\/media\/11420"}],"wp:attachment":[{"href":"https:\/\/bs.xl.pt\/medialivre-boost-solutions\/wp-json\/wp\/v2\/media?parent=11417"}],"wp:term":[{"taxonomy":"category","embeddable":true,"href":"https:\/\/bs.xl.pt\/medialivre-boost-solutions\/wp-json\/wp\/v2\/categories?post=11417"},{"taxonomy":"post_tag","embeddable":true,"href":"https:\/\/bs.xl.pt\/medialivre-boost-solutions\/wp-json\/wp\/v2\/tags?post=11417"}],"curies":[{"name":"wp","href":"https:\/\/api.w.org\/{rel}","templated":true}]}}