{"id":12284,"date":"2022-03-22T11:21:53","date_gmt":"2022-03-22T11:21:53","guid":{"rendered":"https:\/\/bs.xl.pt\/medialivre-boost-solutions\/sem-categoria\/desafio-superado-cofina-acompanha-aventura-do-novo-mercedes-eq\/"},"modified":"2022-03-22T11:21:53","modified_gmt":"2022-03-22T11:21:53","slug":"desafio-superado-cofina-acompanha-aventura-do-novo-mercedes-eq","status":"publish","type":"post","link":"https:\/\/bs.xl.pt\/medialivre-boost-solutions\/noticias\/desafio-superado-cofina-acompanha-aventura-do-novo-mercedes-eq\/","title":{"rendered":"Desafio superado! Cofina acompanha aventura do novo Mercedes-EQ"},"content":{"rendered":"\n<p>Para provar que \u00e9 poss\u00edvel, a Mercedes-EQ levou o novo EQS a percorrer a N2 com uma \u00fanica carga, de Chaves at\u00e9 Faro. A miss\u00e3o foi completada com sucesso e ainda excedeu as expectativas. Depois de 13 horas de condu\u00e7\u00e3o, o desafio chegou ao fim, no marco dos 738 quil\u00f3metros, e ainda \u201csobraram\u201d mais de 80 quil\u00f3metros de autonomia.<\/p>\n\n\n\n<p>A Cofina acompanhou a prova em tempo real, com uma equipa liderada pela apresentadora Sara Santos, pela estrada nacional mais longa da Europa. Veja e reveja esta aventura ao pormenor em <a rel=\"noreferrer noopener\" href=\"https:\/\/1zero2.sabado.pt\/\" target=\"_blank\">1zero2.sabado.pt<\/a><\/p>\n\n\n\n<p>Sem margem para \u201caldrabar\u201d, a tampa de carregamento foi selada ao quil\u00f3metro 0, por um representante da Federa\u00e7\u00e3o Portuguesa de Automobilismo e Karting, que acompanhou esta a\u00e7\u00e3o pioneira e certificou a chegada ao quil\u00f3metro 738. Temos todas as provas. N\u00e3o foi um desafio f\u00e1cil, em pleno inverno, com temperaturas que desafiam a capacidade das baterias e num percurso com eleva\u00e7\u00f5es quase at\u00e9 aos 1000 metros. Mas foi poss\u00edvel! Sa\u00edmos deste desafio com uma certeza: o teste aos limites da capacidade da mobilidade el\u00e9trica da Mercedes-EQ foi superado com\u2026 sucesso! Uma carga, zero emiss\u00f5es, toda a N2.<\/p>\n\n\n\n<p>Entre na aventura em <strong><a href=\"https:\/\/1zero2.sabado.pt\/\" target=\"_blank\" rel=\"noreferrer noopener\">1zero2.sabado.pt<\/a><\/strong>.<\/p>\n\n\n<div class=\"uk-inline\"><img decoding=\"async\" src=\"\" alt=\"Desafio superado! Cofina acompanha aventura do novo Mercedes-EQ\" loading=\"lazy\" \/><\/div><p class=\"uk-hidden@s uk-text-small uk-text-muted uk-margin-small-top uk-margin-medium-bottom uk-text-left\"><\/p>\n","protected":false},"excerpt":{"rendered":"<p>Ser\u00e1 poss\u00edvel percorrer mais de 700 quil\u00f3metros ao volante de um el\u00e9trico com apenas uma carga de bateria? Assim contado, poucos s\u00e3o os que acreditam. N\u00e3o \u00e9 um sonho, \u00e9 mesmo realidade.<\/p>\n","protected":false},"author":29,"featured_media":12287,"comment_status":"open","ping_status":"open","sticky":false,"template":"","format":"standard","meta":{"footnotes":""},"categories":[32],"tags":[767,770,458],"class_list":["post-12284","post","type-post","status-publish","format-standard","has-post-thumbnail","hentry","category-noticias","tag-1zero2","tag-mercedes-eq","tag-sabado-viajante"],"_links":{"self":[{"href":"https:\/\/bs.xl.pt\/medialivre-boost-solutions\/wp-json\/wp\/v2\/posts\/12284","targetHints":{"allow":["GET"]}}],"collection":[{"href":"https:\/\/bs.xl.pt\/medialivre-boost-solutions\/wp-json\/wp\/v2\/posts"}],"about":[{"href":"https:\/\/bs.xl.pt\/medialivre-boost-solutions\/wp-json\/wp\/v2\/types\/post"}],"author":[{"embeddable":true,"href":"https:\/\/bs.xl.pt\/medialivre-boost-solutions\/wp-json\/wp\/v2\/users\/29"}],"replies":[{"embeddable":true,"href":"https:\/\/bs.xl.pt\/medialivre-boost-solutions\/wp-json\/wp\/v2\/comments?post=12284"}],"version-history":[{"count":0,"href":"https:\/\/bs.xl.pt\/medialivre-boost-solutions\/wp-json\/wp\/v2\/posts\/12284\/revisions"}],"wp:featuredmedia":[{"embeddable":true,"href":"https:\/\/bs.xl.pt\/medialivre-boost-solutions\/wp-json\/wp\/v2\/media\/12287"}],"wp:attachment":[{"href":"https:\/\/bs.xl.pt\/medialivre-boost-solutions\/wp-json\/wp\/v2\/media?parent=12284"}],"wp:term":[{"taxonomy":"category","embeddable":true,"href":"https:\/\/bs.xl.pt\/medialivre-boost-solutions\/wp-json\/wp\/v2\/categories?post=12284"},{"taxonomy":"post_tag","embeddable":true,"href":"https:\/\/bs.xl.pt\/medialivre-boost-solutions\/wp-json\/wp\/v2\/tags?post=12284"}],"curies":[{"name":"wp","href":"https:\/\/api.w.org\/{rel}","templated":true}]}}