{"id":12389,"date":"2022-05-02T17:55:38","date_gmt":"2022-05-02T17:55:38","guid":{"rendered":"https:\/\/bs.xl.pt\/medialivre-boost-solutions\/sem-categoria\/sme-enterprize-premio-europeu-de-sustentabilidade-para-pme\/"},"modified":"2022-05-02T17:55:38","modified_gmt":"2022-05-02T17:55:38","slug":"sme-enterprize-premio-europeu-de-sustentabilidade-para-pme","status":"publish","type":"post","link":"https:\/\/bs.xl.pt\/medialivre-boost-solutions\/noticias\/sme-enterprize-premio-europeu-de-sustentabilidade-para-pme\/","title":{"rendered":"SME EnterPRIZE | Pr\u00e9mio Europeu de Sustentabilidade para PME"},"content":{"rendered":"\n<p>O SME EnterPRIZE | Pr\u00e9mio Europeu de Sustentabilidade para PME \u00e9 organizado em Portugal pela Tranquilidade, marca do Grupo Generali, em associa\u00e7\u00e3o com o Grupo Cofina Media, e com a EY como knowledge partner.<\/p>\n\n\n\n<p>O grande objetivo do&nbsp;<a href=\"http:\/\/www.tranquilidadepme.com\/\" target=\"_blank\" rel=\"noreferrer noopener\">SME EnterPRIZE | Pr\u00e9mio Europeu de Sustentabilidade para PME<\/a>&nbsp;\u00e9 incentivar o caminho da transforma\u00e7\u00e3o para a sustentabilidade das PME em Portugal, valorizando pr\u00e1ticas que fomentem a&nbsp;redu\u00e7\u00e3o das emiss\u00f5es de gases&nbsp;e o&nbsp;efeito estufa, a&nbsp;otimiza\u00e7\u00e3o de recursos e consumos, a&nbsp;reciclagem, a&nbsp;recupera\u00e7\u00e3o de mat\u00e9rias-primas&nbsp;e a&nbsp;economia circular, entre outras, e que assim contribuam para a defesa ambiental. <\/p>\n\n\n\n<p>Desta forma, e no \u00e2mbito alargado do Pr\u00e9mio, queremos contribuir tamb\u00e9m para o desenvolvimento de uma&nbsp;economia Europeia mais sustent\u00e1vel.<\/p>\n","protected":false},"excerpt":{"rendered":"<p>A Tranquilidade, em associa\u00e7\u00e3o com o Correio da Manh\u00e3 e a S\u00c1BADO, vai dar visibilidade e voz \u00e0s PME mais sustent\u00e1veis a atuar em Portugal, reconhecendo e promovendo o seu m\u00e9rito e melhores pr\u00e1ticas desenvolvidas.<\/p>\n","protected":false},"author":29,"featured_media":12392,"comment_status":"open","ping_status":"open","sticky":false,"template":"","format":"standard","meta":{"footnotes":""},"categories":[32],"tags":[104,827,221,830,833],"class_list":["post-12389","post","type-post","status-publish","format-standard","has-post-thumbnail","hentry","category-noticias","tag-correio-da-manha","tag-ey","tag-sabado","tag-sme-enterprize","tag-tranquilidade"],"_links":{"self":[{"href":"https:\/\/bs.xl.pt\/medialivre-boost-solutions\/wp-json\/wp\/v2\/posts\/12389","targetHints":{"allow":["GET"]}}],"collection":[{"href":"https:\/\/bs.xl.pt\/medialivre-boost-solutions\/wp-json\/wp\/v2\/posts"}],"about":[{"href":"https:\/\/bs.xl.pt\/medialivre-boost-solutions\/wp-json\/wp\/v2\/types\/post"}],"author":[{"embeddable":true,"href":"https:\/\/bs.xl.pt\/medialivre-boost-solutions\/wp-json\/wp\/v2\/users\/29"}],"replies":[{"embeddable":true,"href":"https:\/\/bs.xl.pt\/medialivre-boost-solutions\/wp-json\/wp\/v2\/comments?post=12389"}],"version-history":[{"count":0,"href":"https:\/\/bs.xl.pt\/medialivre-boost-solutions\/wp-json\/wp\/v2\/posts\/12389\/revisions"}],"wp:featuredmedia":[{"embeddable":true,"href":"https:\/\/bs.xl.pt\/medialivre-boost-solutions\/wp-json\/wp\/v2\/media\/12392"}],"wp:attachment":[{"href":"https:\/\/bs.xl.pt\/medialivre-boost-solutions\/wp-json\/wp\/v2\/media?parent=12389"}],"wp:term":[{"taxonomy":"category","embeddable":true,"href":"https:\/\/bs.xl.pt\/medialivre-boost-solutions\/wp-json\/wp\/v2\/categories?post=12389"},{"taxonomy":"post_tag","embeddable":true,"href":"https:\/\/bs.xl.pt\/medialivre-boost-solutions\/wp-json\/wp\/v2\/tags?post=12389"}],"curies":[{"name":"wp","href":"https:\/\/api.w.org\/{rel}","templated":true}]}}