{"id":12809,"date":"2022-10-14T16:16:00","date_gmt":"2022-10-14T16:16:00","guid":{"rendered":"https:\/\/bs.xl.pt\/medialivre-boost-solutions\/sem-categoria\/as-5-principais-conclusoes-do-wan-ifra-world-news-media-congress-2022\/"},"modified":"2022-10-14T16:16:00","modified_gmt":"2022-10-14T16:16:00","slug":"as-5-principais-conclusoes-do-wan-ifra-world-news-media-congress-2022","status":"publish","type":"post","link":"https:\/\/bs.xl.pt\/medialivre-boost-solutions\/noticias\/as-5-principais-conclusoes-do-wan-ifra-world-news-media-congress-2022\/","title":{"rendered":"As 5 principais conclus\u00f5es do WAN-IFRA World News Media Congress 2022"},"content":{"rendered":"\n<p>A WAN-IFRA World News Media Conference 2022 teve uma boa participa\u00e7\u00e3o, com mais de 1.200 executivos senior de media de 80 pa\u00edses que puderam voltar a encontrar \u2013se pessoalmente mais uma vez.<\/p>\n\n\n\n<p>Leia a not\u00edcia original, em ingl\u00eas, <a href=\"https:\/\/whatsnewinpublishing.com\/5-key-takeaways-wan-ifra-world-news-media-congress-2022\/\" target=\"_blank\" rel=\"noreferrer noopener\">aqui<\/a>.<\/p>\n","protected":false},"excerpt":{"rendered":"<p>Depois de uma semana em Zaragoza no World News Media Congress 2022, o <a href=\"https:\/\/whatsnewinpublishing.com\/\" target=\"_blank\" rel=\"noopener\">whatsnewinpublishing.com<\/a> revela os pontos mais importantes debatidos no evento. Conclus\u00e3o principal: os editores precisam de manter-se \u00e1geis, muito \u00e1geis.<\/p>\n","protected":false},"author":29,"featured_media":12812,"comment_status":"open","ping_status":"open","sticky":false,"template":"","format":"standard","meta":{"footnotes":""},"categories":[32],"tags":[50,80],"class_list":["post-12809","post","type-post","status-publish","format-standard","has-post-thumbnail","hentry","category-noticias","tag-internacional","tag-publicidade"],"_links":{"self":[{"href":"https:\/\/bs.xl.pt\/medialivre-boost-solutions\/wp-json\/wp\/v2\/posts\/12809","targetHints":{"allow":["GET"]}}],"collection":[{"href":"https:\/\/bs.xl.pt\/medialivre-boost-solutions\/wp-json\/wp\/v2\/posts"}],"about":[{"href":"https:\/\/bs.xl.pt\/medialivre-boost-solutions\/wp-json\/wp\/v2\/types\/post"}],"author":[{"embeddable":true,"href":"https:\/\/bs.xl.pt\/medialivre-boost-solutions\/wp-json\/wp\/v2\/users\/29"}],"replies":[{"embeddable":true,"href":"https:\/\/bs.xl.pt\/medialivre-boost-solutions\/wp-json\/wp\/v2\/comments?post=12809"}],"version-history":[{"count":0,"href":"https:\/\/bs.xl.pt\/medialivre-boost-solutions\/wp-json\/wp\/v2\/posts\/12809\/revisions"}],"wp:featuredmedia":[{"embeddable":true,"href":"https:\/\/bs.xl.pt\/medialivre-boost-solutions\/wp-json\/wp\/v2\/media\/12812"}],"wp:attachment":[{"href":"https:\/\/bs.xl.pt\/medialivre-boost-solutions\/wp-json\/wp\/v2\/media?parent=12809"}],"wp:term":[{"taxonomy":"category","embeddable":true,"href":"https:\/\/bs.xl.pt\/medialivre-boost-solutions\/wp-json\/wp\/v2\/categories?post=12809"},{"taxonomy":"post_tag","embeddable":true,"href":"https:\/\/bs.xl.pt\/medialivre-boost-solutions\/wp-json\/wp\/v2\/tags?post=12809"}],"curies":[{"name":"wp","href":"https:\/\/api.w.org\/{rel}","templated":true}]}}