{"id":14092,"date":"2024-04-08T08:50:58","date_gmt":"2024-04-08T08:50:58","guid":{"rendered":"https:\/\/bs.xl.pt\/medialivre-boost-solutions\/?p=14092"},"modified":"2024-04-19T17:17:54","modified_gmt":"2024-04-19T17:17:54","slug":"3-perguntas-ajoao-epifanio-chief-marketing-officer-e-chief-sales-officer-b2c-da-altice-portugal","status":"publish","type":"post","link":"https:\/\/bs.xl.pt\/medialivre-boost-solutions\/noticias\/3-perguntas-ajoao-epifanio-chief-marketing-officer-e-chief-sales-officer-b2c-da-altice-portugal\/","title":{"rendered":"3 perguntas a\u2026\u2026Jo\u00e3o Epif\u00e2nio"},"content":{"rendered":"\n<h3 class=\"wp-block-heading\">Qual \u00e9 a sua perspetiva sobre as \u00faltimas tend\u00eancias no setor de branded content e marketing?<\/h3>\n\n\n\n<p>O setor est\u00e1 a evoluir no sentido de se adaptar \u00e0s mudan\u00e7as de comportamento do consumidor, aos avan\u00e7os tecnol\u00f3gicos e aos novos desafios do mercado.<\/p>\n\n\n\n<p>Nomeadamente:<\/p>\n\n\n\n<ul class=\"wp-block-list\">\n<li>Conte\u00fados de v\u00eddeo em tempo real: que surgem com o aumento da popularidade das plataformas de social media;<\/li>\n\n\n\n<li>Conte\u00fados imersivos e interativos, onde as marcas investem cada vez mais para maior envolvimento com o seu p\u00fablico<\/li>\n\n\n\n<li>Personaliza\u00e7\u00e3o em escala, com o avan\u00e7o da tecnologia de an\u00e1lise de dados e intelig\u00eancia artificial, as marcas conseguem oferecer experi\u00eancias cada vez mais personalizadas<\/li>\n\n\n\n<li>Humaniza\u00e7\u00e3o das marcas: todos queremos influenciar o processo de compra e a escolha das pessoas. Queremos estar presentes na componente emocional das pessoas para, no processo de escolha, essa escolha seja a nosso favor.<\/li>\n<\/ul>\n\n\n\n<p>Foi neste sentido e antecipando esta tend\u00eancia da humaniza\u00e7\u00e3o que a MEO alterou, em 2018, a sua assinatura para \u201cHumaniza-te\u201d. Na MEO trabalhamos, acima de tudo, com pessoas e interagimos com pessoas. Por isso temos uma rede de 175 lojas para apoiar e esclarecer os clientes e expor as nossas solu\u00e7\u00f5es, al\u00e9m de todos os canais digitais.<\/p>\n\n\n\n<h3 class=\"wp-block-heading\">Que conselho daria aos profissionais que est\u00e3o a tentar destacar-se neste mercado altamente competitivo?<\/h3>\n\n\n\n<p>Em primeiro devem conhecer bem o seu p\u00fablico-alvo: quem s\u00e3o seus consumidores, suas necessidades, desejos e prefer\u00eancias. Depois acho que as marcas t\u00eam de ter uma voz \u00fanica, distintiva e consistente que seja relevante para o seu consumidor .<\/p>\n\n\n\n<p>Por \u00faltimo aconselho a quem pensem para l\u00e1 do produto. Que inovem e estejam recetivos \u00e0 mudan\u00e7a. O Branded content eficaz n\u00e3o \u00e9 apenas a promo\u00e7\u00e3o de produtos ou servi\u00e7os, mas sim para contar hist\u00f3rias aut\u00eanticas que transmitam os valores e a personalidade da marca \u2013 com novas ideias, formatos e plataformas &#8211; e que inspirem, informem e aportem, de alguma forma, valor \u00e0 vida de seus consumidores.<\/p>\n\n\n\n<h3 class=\"wp-block-heading\">A Altice fez recentemente um trabalho com a Boost Solutions. Qual \u00e9 a sua opini\u00e3o sobre o trabalho e os resultados alcan\u00e7ados?<\/h3>\n\n\n\n<p>Foi uma iniciativa muito interessante que nos permitiu falar do futuro, mas tamb\u00e9m do presente. Destaque para desafios que o setor nos traz, com ferramentas como a IA, e sempre com as Pessoas como eixo central e objetivo \u00faltimo da comunica\u00e7\u00e3o nos v\u00e1rios meios e plataformas.<\/p>\n","protected":false},"excerpt":{"rendered":"<p>O Chief Marketing Officer e Chief Sales officer B2C da Altice Portugal fala sobre as mudan\u00e7as de comportamento do consumidor e os desafios do mercado.<\/p>\n","protected":false},"author":29,"featured_media":14095,"comment_status":"closed","ping_status":"closed","sticky":false,"template":"","format":"standard","meta":{"footnotes":""},"categories":[32],"tags":[1408,1405,1402],"class_list":["post-14092","post","type-post","status-publish","format-standard","has-post-thumbnail","hentry","category-noticias","tag-altice-portugal","tag-joao-epifanio","tag-testemunho-de-cliente"],"_links":{"self":[{"href":"https:\/\/bs.xl.pt\/medialivre-boost-solutions\/wp-json\/wp\/v2\/posts\/14092","targetHints":{"allow":["GET"]}}],"collection":[{"href":"https:\/\/bs.xl.pt\/medialivre-boost-solutions\/wp-json\/wp\/v2\/posts"}],"about":[{"href":"https:\/\/bs.xl.pt\/medialivre-boost-solutions\/wp-json\/wp\/v2\/types\/post"}],"author":[{"embeddable":true,"href":"https:\/\/bs.xl.pt\/medialivre-boost-solutions\/wp-json\/wp\/v2\/users\/29"}],"replies":[{"embeddable":true,"href":"https:\/\/bs.xl.pt\/medialivre-boost-solutions\/wp-json\/wp\/v2\/comments?post=14092"}],"version-history":[{"count":2,"href":"https:\/\/bs.xl.pt\/medialivre-boost-solutions\/wp-json\/wp\/v2\/posts\/14092\/revisions"}],"predecessor-version":[{"id":14116,"href":"https:\/\/bs.xl.pt\/medialivre-boost-solutions\/wp-json\/wp\/v2\/posts\/14092\/revisions\/14116"}],"wp:featuredmedia":[{"embeddable":true,"href":"https:\/\/bs.xl.pt\/medialivre-boost-solutions\/wp-json\/wp\/v2\/media\/14095"}],"wp:attachment":[{"href":"https:\/\/bs.xl.pt\/medialivre-boost-solutions\/wp-json\/wp\/v2\/media?parent=14092"}],"wp:term":[{"taxonomy":"category","embeddable":true,"href":"https:\/\/bs.xl.pt\/medialivre-boost-solutions\/wp-json\/wp\/v2\/categories?post=14092"},{"taxonomy":"post_tag","embeddable":true,"href":"https:\/\/bs.xl.pt\/medialivre-boost-solutions\/wp-json\/wp\/v2\/tags?post=14092"}],"curies":[{"name":"wp","href":"https:\/\/api.w.org\/{rel}","templated":true}]}}