{"id":15229,"date":"2025-01-31T16:55:30","date_gmt":"2025-01-31T16:55:30","guid":{"rendered":"https:\/\/bs.xl.pt\/medialivre-boost-solutions\/?p=15229"},"modified":"2025-03-13T16:35:49","modified_gmt":"2025-03-13T16:35:49","slug":"pensar-maior-da-fidelidade-regressa-em-2025-e-reune-especialistas-para-antecipar-tendencias-e-projetar-solucoes-que-criam-impacto-positivo-na-sociedade","status":"publish","type":"post","link":"https:\/\/bs.xl.pt\/medialivre-boost-solutions\/noticias\/pensar-maior-da-fidelidade-regressa-em-2025-e-reune-especialistas-para-antecipar-tendencias-e-projetar-solucoes-que-criam-impacto-positivo-na-sociedade\/","title":{"rendered":"Pensar Maior da Fidelidade regressa em 2025 e re\u00fane especialistas para antecipar tend\u00eancias e projetar solu\u00e7\u00f5es que criam impacto positivo na sociedade"},"content":{"rendered":"\n<p>Se a vis\u00e3o do Pensar Maior evoluiu, a iniciativa Pensar o Futuro, da Medialivre, acompanha essa vis\u00e3o e cresce para a sua vers\u00e3o Pensar o Futuro 2.0. Atrav\u00e9s do Neg\u00f3cios, NOW e CMR\u00e1dio, voltamos a associar-nos \u00e0 Fidelidade, para mais uma edi\u00e7\u00e3o do Pensar Maior, contribuindo com relev\u00e2ncia e conte\u00fado exclusivo.<\/p>\n\n\n\n<p><strong><a href=\"https:\/\/pensarofuturo.negocios.pt\/\">pensarofuturo.negocios.pt\/<\/a><\/strong><\/p>\n","protected":false},"excerpt":{"rendered":"<p>Em 2022 a Fidelidade fez \u201cPensar Maior\u201d por todo o territ\u00f3rio nacional, com eventos tem\u00e1ticos, para perspetivar o futuro em dimens\u00f5es cruciais, com foco em empresas e na sociedade civil. Em 2025, o conceito evolui para uma nova vis\u00e3o, onde a Fidelidade \u00e9 l\u00edder no seu setor e um pilar para empresas e pessoas.<\/p>\n","protected":false},"author":77,"featured_media":15232,"comment_status":"closed","ping_status":"closed","sticky":false,"template":"","format":"standard","meta":{"footnotes":""},"categories":[32],"tags":[1558],"class_list":["post-15229","post","type-post","status-publish","format-standard","has-post-thumbnail","hentry","category-noticias","tag-pensar-maior"],"_links":{"self":[{"href":"https:\/\/bs.xl.pt\/medialivre-boost-solutions\/wp-json\/wp\/v2\/posts\/15229","targetHints":{"allow":["GET"]}}],"collection":[{"href":"https:\/\/bs.xl.pt\/medialivre-boost-solutions\/wp-json\/wp\/v2\/posts"}],"about":[{"href":"https:\/\/bs.xl.pt\/medialivre-boost-solutions\/wp-json\/wp\/v2\/types\/post"}],"author":[{"embeddable":true,"href":"https:\/\/bs.xl.pt\/medialivre-boost-solutions\/wp-json\/wp\/v2\/users\/77"}],"replies":[{"embeddable":true,"href":"https:\/\/bs.xl.pt\/medialivre-boost-solutions\/wp-json\/wp\/v2\/comments?post=15229"}],"version-history":[{"count":3,"href":"https:\/\/bs.xl.pt\/medialivre-boost-solutions\/wp-json\/wp\/v2\/posts\/15229\/revisions"}],"predecessor-version":[{"id":15244,"href":"https:\/\/bs.xl.pt\/medialivre-boost-solutions\/wp-json\/wp\/v2\/posts\/15229\/revisions\/15244"}],"wp:featuredmedia":[{"embeddable":true,"href":"https:\/\/bs.xl.pt\/medialivre-boost-solutions\/wp-json\/wp\/v2\/media\/15232"}],"wp:attachment":[{"href":"https:\/\/bs.xl.pt\/medialivre-boost-solutions\/wp-json\/wp\/v2\/media?parent=15229"}],"wp:term":[{"taxonomy":"category","embeddable":true,"href":"https:\/\/bs.xl.pt\/medialivre-boost-solutions\/wp-json\/wp\/v2\/categories?post=15229"},{"taxonomy":"post_tag","embeddable":true,"href":"https:\/\/bs.xl.pt\/medialivre-boost-solutions\/wp-json\/wp\/v2\/tags?post=15229"}],"curies":[{"name":"wp","href":"https:\/\/api.w.org\/{rel}","templated":true}]}}