{"id":1181,"date":"2021-09-23T20:54:24","date_gmt":"2021-09-23T20:54:24","guid":{"rendered":"http:\/\/bs.xl.pt\/negocios-em-portugal\/?p=1181"},"modified":"2021-09-23T20:54:24","modified_gmt":"2021-09-23T20:54:24","slug":"ceiia-e-a-sustentabilidade-do-mundo","status":"publish","type":"post","link":"https:\/\/bs.xl.pt\/negocios-em-portugal\/noticias\/ceiia-e-a-sustentabilidade-do-mundo\/","title":{"rendered":"CEiiA e a sustentabilidade do mundo"},"content":{"rendered":"\n<p>O <a href=\"https:\/\/www.ceiia.com\/\" data-type=\"URL\" data-id=\"https:\/\/www.ceiia.com\/\" target=\"_blank\" rel=\"noreferrer noopener\">CEiiA <\/a>\u2013 Centro de Engenharia e Desenvolvimento de Produto \u2013 iniciou a atividade em 2006 com o objetivo de atrair para o pa\u00eds grandes projetos estruturantes que envolvessem o desenvolvimento e a integra\u00e7\u00e3o de novos produtos e servi\u00e7os: de Portugal para o mundo. \u201cCome\u00e7\u00e1mos por prestar servi\u00e7os de engenharia no autom\u00f3vel e na aeron\u00e1utica, com projetos com a Pininfarina (It\u00e1lia) e com a Leonardo Helicopeters (Inglaterra e It\u00e1lia) e, com isso, cri\u00e1mos a capacidade de desenvolver produtos para terceiros, com reten\u00e7\u00e3o de propriedade intelectual no nosso pa\u00eds, como \u00e9 o caso do Buddy (Noruega) e do Embraer KC-390 (Brasil)\u201d, explica <a href=\"https:\/\/www.linkedin.com\/in\/helena-silva-5207aa11\/\" data-type=\"URL\" data-id=\"https:\/\/www.linkedin.com\/in\/helena-silva-5207aa11\/\" target=\"_blank\" rel=\"noreferrer noopener\">Helena Silva<\/a>, Diretora Executiva do CEiiA.<\/p>\n\n\n\n<p>Quinze anos depois, n\u00e3o s\u00f3 oferecem servi\u00e7os de engenharia e de desenvolvimento de produtos para terceiros, como trabalham em produtos pr\u00f3prios nas \u00e1reas do autom\u00f3vel, mobilidade e cidades, aeron\u00e1utica, oceano e espa\u00e7o, a partir de novas oportunidades que identificam da interpreta\u00e7\u00e3o das grandes tend\u00eancias da sociedade.<\/p>\n\n\n\n<p>A transi\u00e7\u00e3o para uma sociedade neutra em carbono tem sido o fio condutor da sua atua\u00e7\u00e3o e est\u00e1 subjacente \u00e0 trajet\u00f3ria de evolu\u00e7\u00e3o enquanto centro de engenharia e desenvolvimento de produto. Desde logo com a defini\u00e7\u00e3o da estrat\u00e9gia de evolu\u00e7\u00e3o da ind\u00fastria autom\u00f3vel nacional em torno de ve\u00edculos de nicho zero emiss\u00f5es, continuando com o lan\u00e7amento do programa nacional de mobilidade el\u00e9trica que colocou Portugal na lideran\u00e7a nos carregadores e nos sistemas de gest\u00e3o e, mais tarde, com a evolu\u00e7\u00e3o para a mobilidade como um servi\u00e7o onde o CEiiA desenvolveu uma plataforma de integra\u00e7\u00e3o de todos os servi\u00e7os de mobilidade ao n\u00edvel de uma cidade (MaaS). Na COP21 (Confer\u00eancia das Na\u00e7\u00f5es Unidas sobre as Mudan\u00e7as Clim\u00e1ticas de 2015) o CEiiA apresentou o primeiro caso de sustentabilidade como servi\u00e7o, com o piloto com a Uber designado por <em>Ubergreen<\/em> onde se testou pela primeira vez a quantifica\u00e7\u00e3o das emiss\u00f5es evitadas.<\/p>\n\n\n<div class=\"uk-margin-medium\"><iframe width=\"1280\" height=\"720\" src=\"\/\/www.youtube.com\/embed\/pS7e_GMPsTo?showinfo=0\" frameborder=\"0\" allowfullscreen data-uk-responsive loading=\"lazy\" referrerpolicy=\"no-referrer-when-downgrade\" title=\"\"><\/iframe><\/div>\n\n\n\n<h2 class=\"wp-block-heading\">Plataforma de sustentabilidade AYR<\/h2>\n\n\n\n<p>A CEiiA desenvolve novos produtos e servi\u00e7os<em>,<\/em> mas tamb\u00e9m \u201cnovos produtos como servi\u00e7os\u201d<em>,<\/em> pensados a partir das necessidades das pessoas e das comunidades, sendo a tecnologia o meio disponibilizado para participarem de forma proativa na descarboniza\u00e7\u00e3o das cidades. Os produtos, desenvolvidos de acordo com esta l\u00f3gica \u2013 designados por ciber-f\u00edsicos, uma vez que envolvem uma dimens\u00e3o f\u00edsica (dispositivos com capacidade de conetividade) e uma dimens\u00e3o digital (plataformas de dados) \u2013, s\u00e3o desenhados tendo em conta a est\u00e9tica, a inclus\u00e3o e a sustentabilidade. \u00c9 disso exemplo a plataforma AYR, a ser desenvolvida em Matosinhos e j\u00e1 em fase de testes em cidades em Portugal e no Brasil.<\/p>\n\n\n\n<p>Criada no CEiiA, esta plataforma recompensa comportamentos neutros em carbono na mobilidade e possibilita a cria\u00e7\u00e3o de mercados locais volunt\u00e1rios de carbono, nos quais circulam cr\u00e9ditos digitais verdes, que podem ser trocados por outros servi\u00e7os. Desta forma, n\u00e3o s\u00f3 o indiv\u00edduo aderente, mas tamb\u00e9m as empresas podem compensar localmente a sua pegada de carbono, contribuindo, assim, para acelerar a transi\u00e7\u00e3o global para cidades descarbonizadas. Este projeto fez com que, em abril deste ano, o CEIIA tivesse sido selecionado pela Google.org para integrar o Desafio de Impacto no Clima. \u201cEstamos agora focados em escalar a solu\u00e7\u00e3o e levar o AYR a mais pa\u00edses e a mais cidades. O reconhecimento da Comiss\u00e3o Europeia com o pr\u00e9mio do New European Bauhaus, na categoria de produto e estilos de vida sustent\u00e1veis, vem tamb\u00e9m refor\u00e7ar a visibilidade internacional da nossa plataforma\u201d, acrescenta Helena Silva.<\/p>\n\n\n\n<p>Al\u00e9m da Plataforma AYR, est\u00e3o tamb\u00e9m a lan\u00e7ar um novo servi\u00e7o de mobilidade, o X4Us, a trabalhar em projetos na \u00e1rea do espa\u00e7o, associados \u00e0 observa\u00e7\u00e3o da terra e, ainda, em programas aeron\u00e1uticos com os principais construtores globais.<\/p>\n\n\n\n<p>Acreditam que \u00e9 esta colabora\u00e7\u00e3o entre as v\u00e1rias entidades que permite gerar maior efici\u00eancia no todo e individualmente, resultando numa maior competitividade para as empresas. Neste sentido, lembram que os clusters industriais s\u00e3o essenciais, ao funcionarem como agregadores de v\u00e1rias organiza\u00e7\u00f5es complementares entre si e que formam uma cadeia de valor em torno de um integrador\/construtor de um produto, da fase de conce\u00e7\u00e3o, passando pelo desenvolvimento e produtiza\u00e7\u00e3o, at\u00e9 \u00e0 industrializa\u00e7\u00e3o e opera\u00e7\u00e3o.<\/p>\n\n\n\n<p>Foi, ali\u00e1s, esta vis\u00e3o que permitiu desenvolver o ventilador Atena, no in\u00edcio da pandemia (mar\u00e7o de 2020). \u201cCom o desafio de salvar vidas, juntaram-se engenheiros, investigadores e m\u00e9dicos, e cri\u00e1mos uma base de colabora\u00e7\u00e3o efetiva, que resultou no desenvolvimento de outros dispositivos m\u00e9dicos, como o caso do capacete m\u00e9dico, ou a cria\u00e7\u00e3o de um laborat\u00f3rio colaborativo para emerg\u00eancias m\u00e9dicas, liderado pelo Hospital de S\u00e3o Jo\u00e3o, envolvendo a escola de medicina da Universidade do Minho, o Fraunhofer Portugal, a TMG, entre outros.<\/p>\n\n\n\n<h2 class=\"wp-block-heading\">Liga\u00e7\u00e3o \u00e0 academia<\/h2>\n\n\n\n<p>O CEiiA mant\u00e9m uma colabora\u00e7\u00e3o cont\u00ednua com escolas e universidade nacionais e internacionais, quer atrav\u00e9s do desenvolvimento de projetos de investiga\u00e7\u00e3o e desenvolvimento, quer atrav\u00e9s de programas para forma\u00e7\u00e3o avan\u00e7ada como o Sustainable Living Innovators &#8211; um programa de apoio ao desenvolvimento de jovens l\u00edderes, orientado para a valoriza\u00e7\u00e3o do conhecimento e tecnologia em prol da qualidade de vida e sustentabilidade do Planeta. \u201cA qualifica\u00e7\u00e3o dos recursos humanos no CEiiA \u00e9 determinante para os desenvolvimentos realizados, n\u00e3o s\u00f3 do ponto de vista t\u00e9cnico e tecnol\u00f3gico (<em>hardskills<\/em>), mas tamb\u00e9m do ponto de vista de <em>softskills<\/em>, uma vez que a multiplicidade dos desafios requer a integra\u00e7\u00e3o entre v\u00e1rias \u00e1reas do conhecimento, quer do ponto de vista interno quer do ponto de vista externo, para podermos concretizar grandes programas em setores de levada intensidade tecnol\u00f3gica a partir do nosso pa\u00eds\u201d, acrescenta a Diretora Executiva do CeiiA.<\/p>\n\n\n\n\n\n<h2 class=\"wp-block-heading\">Transi\u00e7\u00e3o para uma sociedade sustent\u00e1vel<\/h2>\n\n\n\n<p>A sustentabilidade \u00e9 uma das pedras basilares da sua vis\u00e3o e desenvolvimento de produtos\/servi\u00e7os, que s\u00e3o, desde logo, projetados para serem positivos para o clima, inclusos (sem assimetrias sociais) e com uma forte dimens\u00e3o est\u00e9tica. \u201cA sustentabilidade n\u00e3o pode ser apenas uma dimens\u00e3o das solu\u00e7\u00f5es, tem de ser <em>core<\/em>\u201d, lembra a respons\u00e1vel. \u201c\u00c9 nesse sentido que orientamos os nossos desenvolvimentos de tecnologias, produto e servi\u00e7os, sendo determinante termos recursos humanos altamente qualificados e acima de tudo \u201cboas pessoas\u201d que participem na concretiza\u00e7\u00e3o do prop\u00f3sito da nossa organiza\u00e7\u00e3o que, a partir de Portugal, pretende contribuir para a descarboniza\u00e7\u00e3o do planeta\u201d, conclui Helena Silva, Diretora Executiva do CEiiA.<\/p>\n\n\n\n<div class=\"wp-block-group\"><div class=\"wp-block-group__inner-container is-layout-flow wp-block-group-is-layout-flow\">\n<h2 class=\"wp-block-heading\">Factos e n\u00fameros<\/h2>\n\n\n\n<p><strong>Ano da funda\u00e7\u00e3o do Centro de Engenharia:<\/strong> 2006<br><strong>Localiza\u00e7\u00e3o da sede:<\/strong> Matosinhos<br><strong>Unidades de I&amp;D \/ Local:<\/strong> 2 (Matosinhos e \u00c9vora)<br><strong>Volume de neg\u00f3cios em 2020<\/strong>: 20M\u20ac<br><strong>Peso das exporta\u00e7\u00f5es em % da fatura\u00e7\u00e3o<\/strong>: 70%<br><strong>Presen\u00e7a direta em quantos pa\u00edses<\/strong>: 5<br><strong>Principais mercados\/pa\u00edses de exporta\u00e7\u00e3o<\/strong>: Brasil, Inglaterra, It\u00e1lia, Fran\u00e7a, Alemanha<br><strong>N.\u00ba de empregados:<\/strong> 300<\/p>\n<\/div><\/div>\n","protected":false},"excerpt":{"rendered":"<p>Come\u00e7aram por prestar servi\u00e7os de engenharia na \u00e1rea autom\u00f3vel e aeron\u00e1utica, hoje interpretam as grandes tend\u00eancias da sociedade e desenvolvem produtos pr\u00f3prios, de forma a contribuir para a descarboniza\u00e7\u00e3o do planeta.<\/p>\n","protected":false},"author":23,"featured_media":1184,"comment_status":"open","ping_status":"open","sticky":false,"template":"","format":"standard","meta":{"footnotes":""},"categories":[4],"tags":[341,401,389,395,392,398],"class_list":["post-1181","post","type-post","status-publish","format-standard","has-post-thumbnail","hentry","category-noticias","tag-aeronautica","tag-ayr","tag-ceiia","tag-cotec","tag-matosinhos","tag-mobilidade"],"_links":{"self":[{"href":"https:\/\/bs.xl.pt\/negocios-em-portugal\/wp-json\/wp\/v2\/posts\/1181","targetHints":{"allow":["GET"]}}],"collection":[{"href":"https:\/\/bs.xl.pt\/negocios-em-portugal\/wp-json\/wp\/v2\/posts"}],"about":[{"href":"https:\/\/bs.xl.pt\/negocios-em-portugal\/wp-json\/wp\/v2\/types\/post"}],"author":[{"embeddable":true,"href":"https:\/\/bs.xl.pt\/negocios-em-portugal\/wp-json\/wp\/v2\/users\/23"}],"replies":[{"embeddable":true,"href":"https:\/\/bs.xl.pt\/negocios-em-portugal\/wp-json\/wp\/v2\/comments?post=1181"}],"version-history":[{"count":1,"href":"https:\/\/bs.xl.pt\/negocios-em-portugal\/wp-json\/wp\/v2\/posts\/1181\/revisions"}],"predecessor-version":[{"id":1187,"href":"https:\/\/bs.xl.pt\/negocios-em-portugal\/wp-json\/wp\/v2\/posts\/1181\/revisions\/1187"}],"wp:featuredmedia":[{"embeddable":true,"href":"https:\/\/bs.xl.pt\/negocios-em-portugal\/wp-json\/wp\/v2\/media\/1184"}],"wp:attachment":[{"href":"https:\/\/bs.xl.pt\/negocios-em-portugal\/wp-json\/wp\/v2\/media?parent=1181"}],"wp:term":[{"taxonomy":"category","embeddable":true,"href":"https:\/\/bs.xl.pt\/negocios-em-portugal\/wp-json\/wp\/v2\/categories?post=1181"},{"taxonomy":"post_tag","embeddable":true,"href":"https:\/\/bs.xl.pt\/negocios-em-portugal\/wp-json\/wp\/v2\/tags?post=1181"}],"curies":[{"name":"wp","href":"https:\/\/api.w.org\/{rel}","templated":true}]}}