{"id":1424,"date":"2021-10-29T11:05:13","date_gmt":"2021-10-29T10:05:13","guid":{"rendered":"http:\/\/bs.xl.pt\/negocios-em-portugal\/?p=1424"},"modified":"2022-01-23T15:39:51","modified_gmt":"2022-01-23T15:39:51","slug":"cortica-do-vinho-ao-espaco","status":"publish","type":"post","link":"https:\/\/bs.xl.pt\/negocios-em-portugal\/noticias\/cortica-do-vinho-ao-espaco\/","title":{"rendered":"Corti\u00e7a: do vinho ao espa\u00e7o"},"content":{"rendered":"\n<p>Miss\u00e3o: acrescentar valor \u00e0 corti\u00e7a de forma competitiva, diferenciada e inovadora, em perfeita harmonia com a natureza. Fundada em 1870 e cotada em bolsa desde 1988, a <a href=\"https:\/\/www.amorim.com\/pt\/\" target=\"_blank\" rel=\"noreferrer noopener\">Corticeira Amorim<\/a> registou, em 2020, 740,1 milh\u00f5es de euros em vendas consolidadas. Det\u00e9m dezenas de unidades de neg\u00f3cio espalhadas pelos cinco continentes, exporta para mais de 100 pa\u00edses e conta com uma rede diversificada de 27 mil clientes.<\/p>\n\n\n\n<p>A sustentabilidade \u00e9 uma das suas maiores bandeiras e orgulha-se do seu contributo positivo para a regula\u00e7\u00e3o do clima, numa plena ades\u00e3o aos princ\u00edpios da economia circular: 100% de aproveitamento da corti\u00e7a; programas de reciclagem nos cinco continentes; 63% de energia utilizada de origem renov\u00e1vel (biomassa); e uma taxa de valoriza\u00e7\u00e3o de res\u00edduos de 90% s\u00e3o alguns dos n\u00fameros que refletem este posicionamento.<\/p>\n\n\n\n<h2 class=\"wp-block-heading\"><strong>Do vinho \u00e0 ind\u00fastria aeroespacial<\/strong><\/h2>\n\n\n\n<p>Embora seja sobretudo associada ao setor do vinho, hoje, a Corticeira Amorim disponibiliza um conjunto de produtos, solu\u00e7\u00f5es e aplica\u00e7\u00f5es muito mais amplo. Atrav\u00e9s das suas unidades de revestimentos, aglomerados comp\u00f3sitos e isolamentos, tem a capacidade de responder \u00e0s necessidades de algumas das atividades mais tecnol\u00f3gicas, disruptivas e exigentes do mundo, nomeadamente, a ind\u00fastria aeroespacial, autom\u00f3vel, arquitetura, desporto, energia, design e arquitetura. Esta aposta forte na I&amp;D+I, que faz da corti\u00e7a o material do futuro, \u00e9 assumidamente uma prioridade estrat\u00e9gica da empresa, refletida num investimento de mais de nove milh\u00f5es de euros em 2020.<\/p>\n\n\n\n<p>A introdu\u00e7\u00e3o de pol\u00edmeros reciclados nos processos de produ\u00e7\u00e3o, como a borracha de sapatilhas velhas que, granulada e combinada com corti\u00e7a, pode dar origem a pavimentos inovadores, tem sido um dos muitos caminhos no desenvolvimento destes novos produtos.<\/p>\n\n\n\n<p>Na verdade, a Corticeira Amorim disponibiliza um conjunto de solu\u00e7\u00f5es que resultam muitas vezes da combina\u00e7\u00e3o com desperd\u00edcios de ind\u00fastrias como a autom\u00f3vel, a do cal\u00e7ado ou a da colchoaria. A empresa poupa, assim, recursos naturais do planeta, reduz os custos associados \u00e0 sua elimina\u00e7\u00e3o e oferece ao mercado uma vasta gama de produtos com pegada de carbono negativa.<\/p>\n\n\n\n<p>\u201cEm julho anunci\u00e1mos, em parceria com a EDP e a Isigenere, a cria\u00e7\u00e3o do primeiro flutuador fotovoltaico com corti\u00e7a para o parque solar no Alqueva. Trata-se de uma inovadora solu\u00e7\u00e3o que combina a corti\u00e7a \u2013 uma mat\u00e9ria-prima 100% natural recicl\u00e1vel e biocompat\u00edvel \u2013 com pol\u00edmeros reciclados\u201d, refere o presidente e CEO, Ant\u00f3nio Rios de Amorim.<\/p>\n\n\n<div class=\"uk-margin-medium\"><iframe width=\"1280\" height=\"720\" src=\"\/\/www.youtube.com\/embed\/6f83XjiUT5Q?showinfo=0\" frameborder=\"0\" allowfullscreen data-uk-responsive loading=\"lazy\" referrerpolicy=\"no-referrer-when-downgrade\" title=\"\"><\/iframe><\/div>\n\n\n\n<h2 class=\"wp-block-heading\"><strong>Floresta 4.0<\/strong><\/h2>\n\n\n\n<p>O interesse crescente por esta mat\u00e9ria-prima faz com que o maior desafio da ind\u00fastria da corti\u00e7a seja a sua disponibilidade no mercado. \u201cEste cen\u00e1rio \u00e9 obviamente muito positivo para o neg\u00f3cio, representando um desafio apenas no m\u00e9dio e longo prazo. Ainda assim, encaramos o presente como a altura certa para encontrar formas para o contornar e, por isso mesmo, temos j\u00e1 hoje iniciativas como o Projeto de Interven\u00e7\u00e3o Florestal (PIF)\u201d, destaca o CEO. Este projeto atua em quatro grandes vetores: a sequencia\u00e7\u00e3o do genoma do sobreiro; o melhoramento do sobreiro; o desenvolvimento de sistemas de irriga\u00e7\u00e3o otimizados; e o combate a pragas e doen\u00e7as. Sendo que o seu prop\u00f3sito \u00faltimo \u00e9, assumidamente, o incremento de 7% de \u00e1rea de floresta de sobro em Portugal nos pr\u00f3ximos dez anos.<\/p>\n\n\n\n<p>T\u00eam igualmente procurado introduzir inova\u00e7\u00f5es tecnol\u00f3gicas que permitam otimizar e automatizar ao m\u00e1ximo todas as opera\u00e7\u00f5es de manuseamento, que ocorrem entre a tiradia (extra\u00e7\u00e3o da corti\u00e7a) e a produ\u00e7\u00e3o da rolha, como a ado\u00e7\u00e3o de mecanismos de transporte mais modernos, a automatiza\u00e7\u00e3o das linhas de escolha da mat\u00e9ria-prima, a cria\u00e7\u00e3o de um sofisticado mapeamento das pranchas que recorre \u00e0 robotiza\u00e7\u00e3o, e muito mais, como a leitura laser e a vis\u00e3o \u00f3tica, passando pela intelig\u00eancia artificial e o machine learning. \u201cUma nova era para o montado, que \u00e9 hoje uma floresta 4.0\u201d, acrescenta Ant\u00f3nio Rios de Amorim.<\/p>\n\n\n\n<p>Considera que s\u00e3o a prova de que \u00e9 poss\u00edvel ser competitivo no mercado global cumprindo as metas de sustentabilidade que est\u00e3o a ser propostas na Uni\u00e3o Europeia. Embora sejam uma das ind\u00fastrias mais sustent\u00e1veis do mundo, acredita que \u00e9 sempre poss\u00edvel melhorar e continuam focados em ter um modelo de neg\u00f3cio sustent\u00e1vel que contribui positivamente para a sustentabilidade do planeta e para a luta contra as altera\u00e7\u00f5es clim\u00e1ticas. \u201cPara que exista um futuro e que esse futuro seja mais verde\u201d, conclui.<\/p>\n\n\n\n<div class=\"wp-block-group\"><div class=\"wp-block-group__inner-container is-layout-flow wp-block-group-is-layout-flow\">\n<p><strong>Factos e n\u00fameros<\/strong><\/p>\n\n\n\n<p>Ano da funda\u00e7\u00e3o: 1870<br>Localiza\u00e7\u00e3o da sede: Mozelos, Santa Maria da Feira \u2013 Aveiro<br>F\u00e1bricas\/\u00e1reas de produ\u00e7\u00e3o: 18 unidades industriais, presentes nos 5 continentes; 10 unidades de mat\u00e9rias-primas; 51 empresas de distribui\u00e7\u00e3o; 12 joint ventures<br>Principais clientes: T DIAGEO; Pernod Ricard; Laurent-Perrier; Ch\u00e2teau Cheval Blanc; Concha Y Toro; NASA; ESA; Airbus; Boeing; Alstom; SpaceX; Bombardier; LVMH; Siemens; Hyundai; Ford; Toshiba; Bosch; GM; Microsoft; Reebok; Leroy Merlin; Vitra; NH Hotels; Knoll; Schneider; Laroche; Abercrombie &amp; Fitch; Weber, etc.<br>Quantidade de produ\u00e7\u00e3o\/ano: Amorim Cork (unidade de rolhas) \u2013 5.500.000.000 rolhas produzidas anualmente; Amorim Cork Flooring (unidade de pavimentos) \u2013 10.000.000 m2\/ano de capacidade instalada; Amorim Cork Composites (unidade de comp\u00f3sitos) \u2013 200.000 blocos e 40.000 cilindros\/ano; Amorim Cork Insulation (unidade de isolamentos) \u2013 60.000 m3 de corti\u00e7a de isolamento\/ano.<br>Volume de neg\u00f3cios em 2020: 740,1 milh\u00f5es de euros em vendas consolidadas<br>Peso das exporta\u00e7\u00f5es em % da fatura\u00e7\u00e3o: + 90% para fora de Portugal<br>Presen\u00e7a direta em quantos pa\u00edses: 30 pa\u00edses<br>Principais mercados\/pa\u00edses de exporta\u00e7\u00e3o: Fran\u00e7a, EUA, It\u00e1lia, Alemanha, Espanha<br>Previs\u00e3o do volume de neg\u00f3cios para 2021: Acima dos 800 M\u20ac <br>N.\u00ba de empregados: Mais de 4.400<\/p>\n<\/div><\/div>\n","protected":false},"excerpt":{"rendered":"<p>A Corticeira Amorim \u00e9 o maior grupo de transforma\u00e7\u00e3o de corti\u00e7a do mundo. Com 151 anos aposta na investiga\u00e7\u00e3o, inova\u00e7\u00e3o e tecnologia para continuar a acompanhar o seu tempo e ir mais al\u00e9m.<\/p>\n","protected":false},"author":43,"featured_media":1430,"comment_status":"open","ping_status":"open","sticky":false,"template":"","format":"standard","meta":{"footnotes":""},"categories":[4],"tags":[485,479,476,464,482,473,470,160],"class_list":["post-1424","post","type-post","status-publish","format-standard","has-post-thumbnail","hentry","category-noticias","tag-antonio-rios-amorim","tag-arquitetura","tag-automovel","tag-corticeira-amorim","tag-floresta-4-0","tag-industria-aeroespacial","tag-inovacao","tag-sustentabilidade"],"_links":{"self":[{"href":"https:\/\/bs.xl.pt\/negocios-em-portugal\/wp-json\/wp\/v2\/posts\/1424","targetHints":{"allow":["GET"]}}],"collection":[{"href":"https:\/\/bs.xl.pt\/negocios-em-portugal\/wp-json\/wp\/v2\/posts"}],"about":[{"href":"https:\/\/bs.xl.pt\/negocios-em-portugal\/wp-json\/wp\/v2\/types\/post"}],"author":[{"embeddable":true,"href":"https:\/\/bs.xl.pt\/negocios-em-portugal\/wp-json\/wp\/v2\/users\/43"}],"replies":[{"embeddable":true,"href":"https:\/\/bs.xl.pt\/negocios-em-portugal\/wp-json\/wp\/v2\/comments?post=1424"}],"version-history":[{"count":3,"href":"https:\/\/bs.xl.pt\/negocios-em-portugal\/wp-json\/wp\/v2\/posts\/1424\/revisions"}],"predecessor-version":[{"id":1667,"href":"https:\/\/bs.xl.pt\/negocios-em-portugal\/wp-json\/wp\/v2\/posts\/1424\/revisions\/1667"}],"wp:featuredmedia":[{"embeddable":true,"href":"https:\/\/bs.xl.pt\/negocios-em-portugal\/wp-json\/wp\/v2\/media\/1430"}],"wp:attachment":[{"href":"https:\/\/bs.xl.pt\/negocios-em-portugal\/wp-json\/wp\/v2\/media?parent=1424"}],"wp:term":[{"taxonomy":"category","embeddable":true,"href":"https:\/\/bs.xl.pt\/negocios-em-portugal\/wp-json\/wp\/v2\/categories?post=1424"},{"taxonomy":"post_tag","embeddable":true,"href":"https:\/\/bs.xl.pt\/negocios-em-portugal\/wp-json\/wp\/v2\/tags?post=1424"}],"curies":[{"name":"wp","href":"https:\/\/api.w.org\/{rel}","templated":true}]}}