{"id":2095,"date":"2021-07-03T14:11:21","date_gmt":"2021-07-03T14:11:21","guid":{"rendered":"http:\/\/bs.xl.pt\/o-melhor-do-dia\/?p=2095"},"modified":"2021-07-12T19:20:43","modified_gmt":"2021-07-12T19:20:43","slug":"estreia-na-televisao-sera-este-um-futuro-distopico-assim-tao-distante","status":"publish","type":"post","link":"https:\/\/bs.xl.pt\/o-melhor-do-dia\/axn\/estreia-na-televisao-sera-este-um-futuro-distopico-assim-tao-distante\/","title":{"rendered":"Estreia na televis\u00e3o: ser\u00e1 este um futuro dist\u00f3pico assim t\u00e3o distante?"},"content":{"rendered":"\n<p>O mundo mudou. As consequ\u00eancias do aquecimento global s\u00e3o cada vez mais vis\u00edveis. Severa falta de \u00e1gua e falta de energia, fraca qualidade do ar, tempestades de vento n\u00edvel 5, inc\u00eandios florestais que mancham os c\u00e9us de vermelho e fuma\u00e7a, chuvas \u00e1cidas&#8230; Os desastres naturais s\u00e3o cont\u00ednuos, as condi\u00e7\u00f5es clim\u00e1ticas extremas e os recursos naturais chegaram ao limite, o que torna dif\u00edcil viver. H\u00e1 duas perguntas a fazer neste momento:&nbsp;<strong>consegues imaginar como seria viver num mundo assim<\/strong>&nbsp;e&nbsp;<strong>ter um beb\u00e9 nestas circunst\u00e2ncias ser\u00e1 uma boa ideia<\/strong>?<\/p>\n\n\n\n<p>T\u00e3o pr\u00f3ximo quanto distante, o mundo fict\u00edcio da s\u00e9rie australiana&nbsp;<em>The Commons<\/em>&nbsp;conta uma hist\u00f3ria em muitos pontos semelhante \u00e0 realidade, mas ainda assim notavelmente diferente. T\u00e3o real quanto d\u00edspar da realidade. Isto porque as altera\u00e7\u00f5es clim\u00e1ticas, na s\u00e9rie, parecem ter atingido o n\u00edvel m\u00e1ximo possivelmente imaginado por n\u00f3s. S\u00e3o cen\u00e1rios exagerados e dram\u00e1ticos para a realidade mas, infelizmente, n\u00e3o s\u00e3o assim t\u00e3o distantes.&nbsp;<\/p>\n\n\n\n<h3 class=\"wp-block-heading\"><strong>Da realidade para a fic\u00e7\u00e3o?<\/strong><\/h3>\n\n\n\n<p>A s\u00e9rie australiana em estreia no AXN mostra os impactos reais das altera\u00e7\u00f5es clim\u00e1ticas a longo prazo. Cientistas e especialistas j\u00e1 alertaram para as consequ\u00eancias mais evidentes em Portugal: longos per\u00edodos de seca, vagas de calor, tempestades mais fortes, zonas costeiras ou cidades submersas&#8230; Estes cen\u00e1rios clim\u00e1ticos extremos constituem perdas econ\u00f3micas, sobretudo em \u00e1reas como o turismo e a agricultura. E estamos a falar de um cen\u00e1rio real! Num cen\u00e1rio severo, considerando um aumento de 2 \u00b0C na temperatura m\u00e9dia global em resultado das altera\u00e7\u00f5es clim\u00e1ticas,&nbsp;<strong>o impacto negativo na economia portuguesa corresponde a 6% da riqueza nacional (PIB)<\/strong>.<\/p>\n\n\n<div class=\"uk-position-relative uk-visible-toggle uk-light\" tabindex=\"-1\" data-uk-slideshow>\n<ul class=\"uk-slideshow-items\">\n<li>\n<img decoding=\"async\" id=\"2104\" src=\"https:\/\/cdn.xl.pt\/bs\/uploads\/sites\/49\/2021\/07\/AXN_THE-COMMONS-4.1.jpg\" alt=\"\" data-uk-cover \/>\n<\/li>\n<li>\n<img decoding=\"async\" id=\"2101\" src=\"https:\/\/cdn.xl.pt\/bs\/uploads\/sites\/49\/2021\/07\/AXN_THE-COMMONS-3.1.jpg\" alt=\"\" data-uk-cover \/>\n<\/li>\n<li>\n<img decoding=\"async\" id=\"2098\" src=\"https:\/\/cdn.xl.pt\/bs\/uploads\/sites\/49\/2021\/07\/AXN_THE-COMMONS-1-scaled.jpg\" alt=\"\" data-uk-cover \/>\n<\/li>\n<\/ul>\n<a class=\"uk-position-center-left uk-position-small uk-hidden-hover\" href=\"#\" uk-slidenav-previous uk-slideshow-item=\"previous\"><\/a>\n<a class=\"uk-position-center-right uk-position-small uk-hidden-hover\" href=\"#\" uk-slidenav-next uk-slideshow-item=\"next\"><\/a>\n<\/div>\n\n\n\n\n<h3 class=\"wp-block-heading\"><strong>Da fic\u00e7\u00e3o para a realidade?<\/strong><\/h3>\n\n\n\n<p>Perda de colheitas, perda de trabalho, abandono das casas, aumento de doen\u00e7as, pessoas mais vulner\u00e1veis \u00e0 pobreza&#8230; S\u00e3o as consequ\u00eancias das perdas econ\u00f3micas de que fal\u00e1mos em cima. Na nova s\u00e9rie do AXN acompanhamos ainda a \u201crealidade\u201d dos chamados&nbsp;<strong>refugiados do clima<\/strong>&nbsp;\u2013 s\u00e3o milhares de pessoas, desde agricultores que abandonam as terras imposs\u00edveis de cultivar a pessoas que saem das zonas de resid\u00eancia porque n\u00e3o podem ser abastecidas, a entrar simultaneamente nas grandes cidades, onde h\u00e1 maior probabilidade de sobreviver.&nbsp;<\/p>\n\n\n\n<p>N\u00e3o s\u00f3 os desastres naturais e as condi\u00e7\u00f5es clim\u00e1ticas s\u00e3o extremas em&nbsp;<em>The Commons<\/em>&nbsp;como uma doen\u00e7a parasit\u00e1ria se espalhou como consequ\u00eancia de um clima cada vez mais quente e para a qual \u00e9 preciso uma vacina segura e acess\u00edvel urgentemente. N\u00e3o parece assim t\u00e3o descabido fazer o paralelismo para a realidade atual, certo? Descontrolo, pragas, esgotamento de recursos naturais&#8230; Soa cada vez mais real.&nbsp;<\/p>\n\n\n\n<h3 class=\"wp-block-heading\"><strong>Paradoxo na \u201cvis\u00e3o\u201d de uma mulher<\/strong><\/h3>\n\n\n\n<p>No meio disto tudo, a protagonista da s\u00e9rie s\u00f3 quer viver uma vida normal. \u00c9 neuropsic\u00f3loga, tem 38 anos e um desejo enorme de ser m\u00e3e. Este sonho \u00e9 amea\u00e7ado por m\u00faltiplas tentativas sem sucesso de tratamentos&nbsp;<em>in vitro<\/em>. Num mundo tecnologicamente muito avan\u00e7ado, mas no qual se vive em total caos, faz sentido manter este lado da humanidade? N\u00e3o pod\u00edamos deixar de falar de um movimento real que relaciona a escolha da parentalidade com as altera\u00e7\u00f5es clim\u00e1ticas \u2013 BirthStrikers \u2013, algo at\u00e9 questionado por Alexandria Ocasio-Cortez, a mais jovem mulher de sempre a ser eleita para o Congresso norte-americano. Para onde caminha a sociedade e o que muda nos pr\u00f3ximos anos?<\/p>\n\n\n\n<p><em>The Commons<\/em>&nbsp;\u00e9 tamb\u00e9m um drama \u201cinc\u00f3modo\u201d e emocionante sobre como as rela\u00e7\u00f5es pessoais, as necessidades, as esperan\u00e7as e os desejos t\u00eam lugar num mundo que j\u00e1 nada se parece ao anterior.&nbsp;<\/p>\n\n\n<div class=\"uk-margin-medium\"><iframe width=\"1280\" height=\"720\" src=\"\/\/www.youtube.com\/embed\/EOFgnmyiyk8?showinfo=0\" frameborder=\"0\" allowfullscreen data-uk-responsive loading=\"lazy\" referrerpolicy=\"no-referrer-when-downgrade\" title=\"\"><\/iframe><\/div>\n\n\n\n<div class=\"wp-block-group\"><div class=\"wp-block-group__inner-container is-layout-flow wp-block-group-is-layout-flow\">\n<div class=\"wp-block-group\"><div class=\"wp-block-group__inner-container is-layout-flow wp-block-group-is-layout-flow\">\n<h2 class=\"wp-block-heading\">Ficha T\u00e9cnica<\/h2>\n\n\n\n<ul class=\"uk-list wp-block-list\"><li><span class=\"uk-margin-right\" data-uk-icon=\"icon: check; ratio: 1.5\"><\/span> <strong><em>The Commons: a \u00daltima Esperan\u00e7a<\/em><\/strong><\/li><li><span class=\"uk-margin-right\" data-uk-icon=\"icon: location; ratio: 1.5\"><\/span>  2019, Austr\u00e1lia, drama<\/li><li><span class=\"uk-margin-right\" data-uk-icon=\"icon: clock; ratio: 1.5\"><\/span>  <strong>Dura\u00e7\u00e3o:<\/strong> epis\u00f3dios de 54 minutos (8 epis\u00f3dios)<\/li><li><span class=\"uk-margin-right\" data-uk-icon=\"icon: video-camera; ratio: 1.5\"><\/span> <strong>Realiza\u00e7\u00e3o:<\/strong> Shelley Birse<\/li><li><span class=\"uk-margin-right\" data-uk-icon=\"icon: users; ratio: 1.5\"><\/span> <strong>Int\u00e9rpretes:<\/strong> Joanne Froggatt (Anna Bates em <em>Downton Abbey<\/em> e vencedora de um Globo de Ouro), David Lyons, Ryan Corr, Rupert Penry-Jones<\/li><\/ul>\n\n\n\n<p>Num mundo tecnologicamente avan\u00e7ado, ainda assim, vive-se a anos-luz desde o ponto de vista ecol\u00f3gico. Sidney, na Austr\u00e1lia, encontra-se devastada por uma crise clim\u00e1tica, mas a neuropsic\u00f3loga Eadie Boulay (Joanne Froggatt) est\u00e1 desesperada para ser m\u00e3e. O cen\u00e1rio \u00e9 terr\u00edvel e mostra o lado negro da ci\u00eancia \u2013 com o roubo de propriedade intelectual \u2013 e um mundo multibilion\u00e1rio de capitalismo desastroso. Somente a desejada gravidez leva a protagonista a procurar uma via de sa\u00edda. Mas ter um beb\u00e9 nas circunst\u00e2ncias extremas em que o mundo se encontra ser\u00e1 uma boa ideia?&nbsp;<em>The Commons<\/em>&nbsp;\u00e9 uma hist\u00f3ria sobre a maternidade como ato de f\u00e9 final na humanidade.<\/p>\n\n\n\n<p>Estreia: 6 de julho, \u00e0s 22h<\/p>\n\n\n\n<p><strong>Novo epis\u00f3dio todas as ter\u00e7as no mesmo hor\u00e1rio<\/strong><\/p>\n<\/div><\/div>\n<\/div><\/div>\n","protected":false},"excerpt":{"rendered":"<p>Esta \u00e9 a s\u00e9rie australiana que nos transporta para um futuro assustadoramente plaus\u00edvel, a ponto de o desconforto se sentir na pele.<\/p>\n","protected":false},"author":40,"featured_media":2110,"comment_status":"open","ping_status":"open","sticky":false,"template":"","format":"standard","meta":{"footnotes":""},"categories":[37],"tags":[34],"class_list":["post-2095","post","type-post","status-publish","format-standard","has-post-thumbnail","hentry","category-axn","tag-native-ad"],"_links":{"self":[{"href":"https:\/\/bs.xl.pt\/o-melhor-do-dia\/wp-json\/wp\/v2\/posts\/2095","targetHints":{"allow":["GET"]}}],"collection":[{"href":"https:\/\/bs.xl.pt\/o-melhor-do-dia\/wp-json\/wp\/v2\/posts"}],"about":[{"href":"https:\/\/bs.xl.pt\/o-melhor-do-dia\/wp-json\/wp\/v2\/types\/post"}],"author":[{"embeddable":true,"href":"https:\/\/bs.xl.pt\/o-melhor-do-dia\/wp-json\/wp\/v2\/users\/40"}],"replies":[{"embeddable":true,"href":"https:\/\/bs.xl.pt\/o-melhor-do-dia\/wp-json\/wp\/v2\/comments?post=2095"}],"version-history":[{"count":12,"href":"https:\/\/bs.xl.pt\/o-melhor-do-dia\/wp-json\/wp\/v2\/posts\/2095\/revisions"}],"predecessor-version":[{"id":2383,"href":"https:\/\/bs.xl.pt\/o-melhor-do-dia\/wp-json\/wp\/v2\/posts\/2095\/revisions\/2383"}],"wp:featuredmedia":[{"embeddable":true,"href":"https:\/\/bs.xl.pt\/o-melhor-do-dia\/wp-json\/wp\/v2\/media\/2110"}],"wp:attachment":[{"href":"https:\/\/bs.xl.pt\/o-melhor-do-dia\/wp-json\/wp\/v2\/media?parent=2095"}],"wp:term":[{"taxonomy":"category","embeddable":true,"href":"https:\/\/bs.xl.pt\/o-melhor-do-dia\/wp-json\/wp\/v2\/categories?post=2095"},{"taxonomy":"post_tag","embeddable":true,"href":"https:\/\/bs.xl.pt\/o-melhor-do-dia\/wp-json\/wp\/v2\/tags?post=2095"}],"curies":[{"name":"wp","href":"https:\/\/api.w.org\/{rel}","templated":true}]}}