{"id":1267,"date":"2025-04-04T10:31:17","date_gmt":"2025-04-04T10:31:17","guid":{"rendered":"https:\/\/bs.xl.pt\/pensar-o-futuro\/?p=1267"},"modified":"2025-04-08T14:53:57","modified_gmt":"2025-04-08T14:53:57","slug":"pensar-maior-a-longevidade-o-desafio-e-tornar-mais-anos-em-melhores-anos","status":"publish","type":"post","link":"https:\/\/bs.xl.pt\/pensar-o-futuro\/longevidade\/pensar-maior-a-longevidade-o-desafio-e-tornar-mais-anos-em-melhores-anos\/","title":{"rendered":"Pensar Maior a Longevidade: o desafio \u00e9 tornar mais anos em melhores anos"},"content":{"rendered":"\n<p>A esperan\u00e7a de vida m\u00e9dia em Portugal \u00e9 de 82,3 anos, mas apenas 58,3 desses anos s\u00e3o atualmente vividos com sa\u00fade. Com um dos mais altos \u00edndices de envelhecimento da Uni\u00e3o Europeia &#8211; 188 idosos para cada 100 jovens -, Portugal enfrenta a necessidade de repensar pol\u00edticas e de desenvolver solu\u00e7\u00f5es para garantir qualidade de vida e bem-estar ao longo de todo o ciclo de vida de cada pessoa.<\/p>\n\n\n<div class=\"uk-margin-medium\"><iframe width=\"1280\" height=\"720\" src=\"\/\/www.youtube.com\/embed\/gcEEDTl67IY?showinfo=0\" frameborder=\"0\" allowfullscreen data-uk-responsive loading=\"lazy\" referrerpolicy=\"no-referrer-when-downgrade\" title=\"Pensar o Futuro | Pensar Maior Longevidade 2025\"><\/iframe><\/div>\n\n\n\n<p>Desta forma, a longevidade \u00e9 um dos desafios mais significativos do s\u00e9culo, afetando todos os setores da sociedade portuguesa. Para responder a esta realidade, n\u00e3o s\u00f3 \u00e9 essencial adaptar o setor da sa\u00fade e da seguran\u00e7a social \u00e0s novas exig\u00eancias como tamb\u00e9m \u00e9 fundamental considerar o impacto desta realidade nas finan\u00e7as pessoais e na sustentabilidade econ\u00f3mica, al\u00e9m do impacto nos desafios sociais, como o aumento da solid\u00e3o e da depend\u00eancia.<\/p>\n\n\n\n<h3 class=\"wp-block-heading\">Longevidade para dar vida<\/h3>\n\n\n\n<p>Para a Fidelidade, a seguradora l\u00edder de mercado em Portugal, este \u00e9 um tema em que a empresa pode criar impacto positivo e contribuir para garantir que cada fase da vida dos portugueses seja vivida com dignidade, seguran\u00e7a e realiza\u00e7\u00e3o pessoal. Ou seja, a Fidelidade pode ajudar a construir um futuro em que a longevidade seja sin\u00f3nimo de qualidade de vida e de novas possibilidades. Como afirmou Rog\u00e9rio Campos Henriques, CEO da seguradora, na abertura do evento \u201cPensar Maior a Longevidade\u201d, parafraseando John F. Kennedy: \u201cA longevidade n\u00e3o \u00e9 apenas uma quest\u00e3o de acrescentar anos \u00e0 vida, mas sim de acrescentar vida aos anos.\u201d<\/p>\n\n\n\n<p>Este evento, que teve lugar muito recentemente em Azeit\u00e3o, reuniu mais de 300 colaboradores e parceiros da Fidelidade, com outros tr\u00eas mil a acompanhar o programa online, e fez parte do \u201cRoad to Pensar Maior\u201d, um ciclo de eventos da seguradora que tem como objetivo construir e partilhar conhecimento, lan\u00e7ando uma vis\u00e3o estrat\u00e9gica para os pr\u00f3ximos anos. No programa deste evento, a Fidelidade procurou endere\u00e7ar as principais problem\u00e1ticas da longevidade, em todos os ciclos de vida, com uma manh\u00e3 dedicada aos mais de 60, e a tarde dedicada aos adultos, fam\u00edlias, e aos jovens, qual \u201chist\u00f3ria de Benjamin Button\u201d, percorrendo as diferentes gera\u00e7\u00f5es ao longo do dia.<\/p>\n\n\n\n<h3 class=\"wp-block-heading\">Mais e melhores anos<\/h3>\n\n\n\n<p>Efetivamente, se vivemos mais tempo gra\u00e7as aos avan\u00e7os da ci\u00eancia e \u00e0 melhoria das condi\u00e7\u00f5es de vida, isso n\u00e3o significa necessariamente que vivemos melhor. Como afirmou Rog\u00e9rio Campos Henriques, \u201cmais anos n\u00e3o significam necessariamente melhores anos\u201d, assumindo que a Fidelidade \u201ctem a possibilidade \u2013 para n\u00e3o dizer a obriga\u00e7\u00e3o \u2013 de fazer muito mais, pela qualidade da longevidade, em quatro eixos fundamentais: sa\u00fade, assist\u00eancia, poupan\u00e7a e sustentabilidade\u201d. Para o CEO, \u201ca Fidelidade quer ser reconhecida como consultora de longevidade dos portugueses, pelo futuro das gera\u00e7\u00f5es e pelas gera\u00e7\u00f5es do futuro\u201d, concluiu.<\/p>\n\n\n<div data-uk-grid class=\"featured-box uk-card uk-grid-collapse uk-margin\"><div class=\"uk-width-1-1\"><div class=\"uk-card-body\"><span class=\"uk-h3\">82,3 anos<\/span> Esperan\u00e7a m\u00e9dia de vida<\/p>\n<p><span class=\"uk-h3\">58,3 anos<\/span> Esperan\u00e7a m\u00e9dia de vida saud\u00e1vel<\/p>\n<p><span class=\"uk-h3\">47,1 anos<\/span> Idade m\u00e9dia da popula\u00e7\u00e3o<\/div><\/div><\/div>\n\n\n\n<h3 class=\"wp-block-heading\">Portas aborda solu\u00e7\u00f5es<\/h3>\n\n\n\n<p>A manh\u00e3 ficou marcada pela interven\u00e7\u00e3o de Paulo Portas, orador convidado para este evento. O ex-ministro e dirigente pol\u00edtico perspetivou o problema de Portugal como terceiro pa\u00eds mais envelhecido do mundo (s\u00f3 atr\u00e1s do Jap\u00e3o e de It\u00e1lia) em termos geopol\u00edticos, e sublinhou a necessidade de adapta\u00e7\u00e3o das pol\u00edticas p\u00fablicas e da cria\u00e7\u00e3o de consensos para garantir a sustentabilidade da seguran\u00e7a social, com solu\u00e7\u00f5es que levem em conta as mudan\u00e7as demogr\u00e1ficas. Na perspetiva de Portas, \u201cos problemas causados pela crise demogr\u00e1fica s\u00e3o incontorn\u00e1veis, e a falta de a\u00e7\u00e3o apenas agravar\u00e1 o problema todos os dias\u201d, concluiu.<\/p>\n\n\n\n<p>O primeiro painel da manh\u00e3 debateu quest\u00f5es cruciais sobre o envelhecimento da popula\u00e7\u00e3o e as suas implica\u00e7\u00f5es para a sa\u00fade e a sustentabilidade financeira das pessoas. Os tr\u00eas convidados deste primeiro painel foram Ana Rita Gomes, membro da Comiss\u00e3o Executiva da Multicare, Sofia Oliveira, neurologista, e Jos\u00e9 Eduardo Bonito, da dire\u00e7\u00e3o de Neg\u00f3cio Vida Financeiros. Ana Rita Gomes destacou a import\u00e2ncia de promover a longevidade com qualidade, enfatizando que o foco da Multicare n\u00e3o s\u00f3 \u00e9 garantir prote\u00e7\u00e3o, como promover preven\u00e7\u00e3o. Para a respons\u00e1vel, \u201cmais vale prevenir do que remediar\u201d, uma m\u00e1xima que se reflete na prioridade que \u00e9 dada \u00e0 preven\u00e7\u00e3o, nomeadamente das doen\u00e7as cr\u00f3nicas, al\u00e9m do foco na promo\u00e7\u00e3o de h\u00e1bitos saud\u00e1veis e da sa\u00fade mental.<\/p>\n\n\n<div class=\"uk-position-relative uk-visible-toggle uk-light\" tabindex=\"-1\" data-uk-slideshow>\n<ul class=\"uk-slideshow-items\">\n<li>\n<img decoding=\"async\" id=\"1321\" src=\"https:\/\/cdn.xl.pt\/bs\/uploads\/sites\/86\/2025\/04\/Paulo-Portas-2.jpg\" alt=\"\" data-uk-cover \/>\n<\/li>\n<li>\n<img decoding=\"async\" id=\"1291\" src=\"https:\/\/cdn.xl.pt\/bs\/uploads\/sites\/86\/2025\/04\/20250327FP14-copy.jpg\" alt=\"\" data-uk-cover \/>\n<\/li>\n<li>\n<img decoding=\"async\" id=\"1294\" src=\"https:\/\/cdn.xl.pt\/bs\/uploads\/sites\/86\/2025\/04\/20250327FP105-copy-2.jpg\" alt=\"\" data-uk-cover \/>\n<\/li>\n<li>\n<img decoding=\"async\" id=\"1297\" src=\"https:\/\/cdn.xl.pt\/bs\/uploads\/sites\/86\/2025\/04\/20250327FP157-copy.jpg\" alt=\"\" data-uk-cover \/>\n<\/li>\n<li>\n<img decoding=\"async\" id=\"1300\" src=\"https:\/\/cdn.xl.pt\/bs\/uploads\/sites\/86\/2025\/04\/20250327FP199-copy.jpg\" alt=\"\" data-uk-cover \/>\n<\/li>\n<li>\n<img decoding=\"async\" id=\"1303\" src=\"https:\/\/cdn.xl.pt\/bs\/uploads\/sites\/86\/2025\/04\/Antonio-Sousa-Noronha-2.jpg\" alt=\"\" data-uk-cover \/>\n<\/li>\n<li>\n<img decoding=\"async\" id=\"1306\" src=\"https:\/\/cdn.xl.pt\/bs\/uploads\/sites\/86\/2025\/04\/APRENDER-POUPAR-E-INVESTIR-2.jpg\" alt=\"\" data-uk-cover \/>\n<\/li>\n<li>\n<img decoding=\"async\" id=\"1309\" src=\"https:\/\/cdn.xl.pt\/bs\/uploads\/sites\/86\/2025\/04\/CUIDAR-DO-PLANETA-E-PENSAR-MAIOR-O-FUTURO-1.jpg\" alt=\"\" data-uk-cover \/>\n<\/li>\n<li>\n<img decoding=\"async\" id=\"1312\" src=\"https:\/\/cdn.xl.pt\/bs\/uploads\/sites\/86\/2025\/04\/Mafalda-Honorio-Sofia-Oliveira-Jose-Eduado-Bonito-Ana-rita-Gomes.jpg\" alt=\"\" data-uk-cover \/>\n<\/li>\n<li>\n<img decoding=\"async\" id=\"1315\" src=\"https:\/\/cdn.xl.pt\/bs\/uploads\/sites\/86\/2025\/04\/Maria-Joao-Sales-Luis-1.jpg\" alt=\"\" data-uk-cover \/>\n<\/li>\n<li>\n<img decoding=\"async\" id=\"1318\" src=\"https:\/\/cdn.xl.pt\/bs\/uploads\/sites\/86\/2025\/04\/OS-DESAFIOS-NA-SAUDE.jpg\" alt=\"\" data-uk-cover \/>\n<\/li>\n<\/ul>\n<a class=\"uk-position-center-left uk-position-small uk-hidden-hover\" href=\"#\" uk-slidenav-previous uk-slideshow-item=\"previous\"><\/a>\n<a class=\"uk-position-center-right uk-position-small uk-hidden-hover\" href=\"#\" uk-slidenav-next uk-slideshow-item=\"next\"><\/a>\n<div class=\"uk-position-bottom-center uk-position-small uk-text-center\">\n<ul class=\"uk-slideshow-nav uk-dotnav uk-flex-center uk-margin\">\n<\/ul>\n<\/div>\n<\/div>\n\n\n\n\n<h3 class=\"wp-block-heading\">Estilo de vida impacta risco neurol\u00f3gico<\/h3>\n\n\n\n<p>Neste contexto, Sofia Oliveira, m\u00e9dica especializada em neurologia, falou sobre o impacto que um estilo de vida saud\u00e1vel pode ter na redu\u00e7\u00e3o do risco de doen\u00e7as neurol\u00f3gicas. Os estudos mostram que, com um estilo de vida mais ativo e saud\u00e1vel, \u00e9 poss\u00edvel reduzir o risco de doen\u00e7as neurol\u00f3gicas em at\u00e9 40%. Por sua vez, Jos\u00e9 Eduardo Bonito abordou os desafios financeiros das pessoas com mais de 60 anos, com enfoque especial na dificuldade em poupar devido \u00e0s pens\u00f5es baixas, ao endividamento e aos encargos com filhos, que demoram a sair de casa, e com pais idosos. O respons\u00e1vel afirma que \u00e9 necess\u00e1rio que cada um fa\u00e7a, cedo na vida, um diagn\u00f3stico, planeamento e a\u00e7\u00e3o sistematizados para garantir a sustentabilidade financeira mais tarde na vida.<\/p>\n\n\n<blockquote class=\"uk-margin-medium\"><span uk-icon=\"icon: quote-right; ratio: 4.0\"><\/span><h3 class=\"uk-margin-top uk-margin-small-bottom\">A longevidade n\u00e3o \u00e9 apenas uma quest\u00e3o de acrescentar anos \u00e0 vida, mas sim de acrescentar vida aos anos.<\/h3><footer><cite>Rog\u00e9rio Campos Henriques, CEO da Fidelidade<\/cite><\/footer><\/blockquote>\n\n\n\n<h3 class=\"wp-block-heading\">Plataforma Sofia \u00e9 inova\u00e7\u00e3o<\/h3>\n\n\n\n<p>O painel moderado por Laurentina Caldeira, da dire\u00e7\u00e3o de Neg\u00f3cio Vida Risco e Acidentes Pessoais, discutiu o desenvolvimento de solu\u00e7\u00f5es inovadoras para a assist\u00eancia \u00e0 sa\u00fade e \u00e0 vida das pessoas com mais de 60 anos, com \u00eanfase na prote\u00e7\u00e3o, assist\u00eancia domicili\u00e1ria e cobertura de acidentes pessoais. Os intervenientes foram Maria do C\u00e9u Louren\u00e7o, da Loja Fidelidade Cantanhede, Joana Afonso, da CareCeiver, e Daniel Andr\u00e9, do Center for Transformation da Fidelidade. Nesta \u00e1rea, a plataforma \u201cSofia\u201d, que est\u00e1 a ser lan\u00e7ada como um ecossistema de servi\u00e7os personalizados, associado \u00e0 Fidelidade, e focado nas necessidades desta faixa et\u00e1ria, \u00e9 um bom exemplo. \u201cEstamos empenhados em desenvolver produtos e servi\u00e7os que respondem \u00e0s necessidades dos 60+. Queremos garantir que as pessoas envelhecem com qualidade e prote\u00e7\u00e3o\u201d, declarou Laurentina Caldeira.<\/p>\n\n\n\n<h3 class=\"wp-block-heading\">Seguros querem personalizar<\/h3>\n\n\n\n<p>A tarde foi dedicada aos adultos e fam\u00edlias e abriu com uma incisiva interven\u00e7\u00e3o de Maria Jo\u00e3o Sales Lu\u00eds, CEO da Multicare, sobre a evolu\u00e7\u00e3o dos cuidados de sa\u00fade e do setor e oferta de seguros de sa\u00fade que, na sua perspetiva, necessita de evoluir, e vai continuar a evoluir. Por outro lado, a CEO sublinhou a responsabilidade de cada pessoa na sua sa\u00fade: \u201cA gest\u00e3o da sa\u00fade \u00e9 uma responsabilidade individual, e devemos estar todos mais conscientes dessa responsabilidade.\u201d Do lado dos seguros de sa\u00fade, afirmou, \u00e9 preciso \u201cpersonalizar os programas de sa\u00fade e oferecer solu\u00e7\u00f5es de preven\u00e7\u00e3o adaptadas a cada caso\u201d. Neste contexto, a transforma\u00e7\u00e3o digital ir\u00e1 ajudar na antecipa\u00e7\u00e3o das necessidades de sa\u00fade de cada um. Para Maria Jo\u00e3o Sales, \u201ca intelig\u00eancia artificial, a gen\u00e9tica e a automa\u00e7\u00e3o ir\u00e3o transformar o setor de sa\u00fade, permitindo uma interven\u00e7\u00e3o mais r\u00e1pida e eficaz, com foco na preven\u00e7\u00e3o e na personaliza\u00e7\u00e3o do cuidado antes e logo que a doen\u00e7a se manifeste.\u201d<\/p>\n\n\n\n<h3 class=\"wp-block-heading\">Desafios no setor da sa\u00fade<\/h3>\n\n\n\n<p>A acessibilidade da sa\u00fade, com o crescimento da telemedicina, e a inova\u00e7\u00e3o tecnol\u00f3gica, preven\u00e7\u00e3o, financiamento e impactos das doen\u00e7as cr\u00f3nicas na sociedade foram objeto de debate nos pain\u00e9is seguintes. Para Jos\u00e9 Santos, m\u00e9dico e diretor cl\u00ednico da Multicare, o sistema de sa\u00fade enfrenta grandes desafios em termos de capacidade de resposta, o que refor\u00e7a a import\u00e2ncia do acesso digital \u00e0 sa\u00fade. Precisamente a \u00e1rea em que se situa Daniel Maia, da Teladoc, que tem uma parceria com a Fidelidade nesta \u00e1rea da telemedicina, cuja procura tem vindo a crescer muito e cuja oferta de servi\u00e7os se continua a expandir.<\/p>\n\n\n\n<p>Na quest\u00e3o dos desafios para o setor da sa\u00fade, na perspetiva de Isabel Vaz, CEO da Luz Sa\u00fade, \u201ca primeira grande tecnologia da sa\u00fade \u00e9 a disciplina pessoal que evita que fiquemos doentes\u201c. No contexto hospitalar, afirmou, a utiliza\u00e7\u00e3o de \u201cbig data\u201d vai tornar-se crucial, \u201cpermitindo a personaliza\u00e7\u00e3o da medicina e tornando-a mais preditiva\u201d. J\u00e1 Jos\u00e9 Carlos Machado, professor e investigador do instituto i3S, destacou a natureza imprevis\u00edvel de muitas doen\u00e7as e afirmou que \u201c60% dos cancros s\u00e3o resultado do azar\u201d, referindo-se \u00e0 imprevisibilidade da muta\u00e7\u00e3o gen\u00e9tica, que \u00e9 um desafio para a medicina preventiva. No entanto, o respons\u00e1vel reafirmou a import\u00e2ncia da dete\u00e7\u00e3o precoce. Quando diagnosticado nos est\u00e1dios iniciais, o cancro tem atualmente uma taxa de cura muito significativa, assegurou.<\/p>\n\n\n\n<h3 class=\"wp-block-heading\">Cinco gera\u00e7\u00f5es<\/h3>\n\n\n\n<p>Na sua interven\u00e7\u00e3o, que abriu uma parte do evento dedicado \u00e0 vida financeira das fam\u00edlias e dos jovens, Ant\u00f3nio Sousa Noronha, da Comiss\u00e3o Executiva da Fidelidade, come\u00e7ou por destacar que hoje convivem juntas cinco gera\u00e7\u00f5es \u2013 Baby Boomers, X, Y, Z e Alphas \u2013 e que essa diversidade traz tantos desafios quanto oportunidades para o mercado das solu\u00e7\u00f5es financeiras. \u201cCada gera\u00e7\u00e3o tem necessidades e comportamentos financeiros distintos, e precisamos de solu\u00e7\u00f5es adaptadas para todas as gera\u00e7\u00f5es\u201d, afirmou. Sobre o envelhecimento da popula\u00e7\u00e3o, alertou para os desafios da sustentabilidade do sistema de pens\u00f5es. \u201cN\u00e3o podemos depender apenas da pens\u00e3o p\u00fablica. \u00c9 essencial acumular poupan\u00e7as ao longo da vida profissional\u201d, defendeu, sugerindo um modelo que combine o sistema p\u00fablico com a capitaliza\u00e7\u00e3o individual. A educa\u00e7\u00e3o financeira foi outro ponto essencial da sua interven\u00e7\u00e3o. \u201c\u00c9 urgente ensinar finan\u00e7as desde cedo. S\u00f3 assim as novas gera\u00e7\u00f5es poder\u00e3o tomar decis\u00f5es informadas e preparar melhor o futuro\u201d, alertou.<\/p>\n\n\n\n<h3 class=\"wp-block-heading\">Sustentabilidade continua a ser aposta<\/h3>\n\n\n\n<p>Na vertente da sustentabilidade, Jo\u00e3o Mestre, da dire\u00e7\u00e3o de Sustentabilidade e Nuno Gaspar Oliveira, do Impact Center for Climate Change da Fidelidade, iniciaram a sua conversa destacando a import\u00e2ncia de refletirmos sobre a sustentabilidade e o impacto das nossas a\u00e7\u00f5es no futuro. Para Jo\u00e3o Mestre, a Fidelidade vai continuar a fazer parte de um grupo restrito de grandes seguradoras que est\u00e3o a dar o exemplo nas pr\u00e1ticas de sustentabilidade. J\u00e1 Nuno Gaspar Oliveira falou sobre a necessidade de um novo paradigma no investimento \u00e9tico e no consumo respons\u00e1vel, destacando que \u201cn\u00e3o devemos calar o repto clim\u00e1tico das gera\u00e7\u00f5es mais jovens, pois \u00e9 uma oportunidade \u00fanica para alterar padr\u00f5es de comportamento e garantir um futuro mais sustent\u00e1vel\u201c.<\/p>\n\n\n\n<p>Recorde-se que este evento sobre o futuro da Longevidade foi o segundo de um conjunto de encontros tem\u00e1ticos. O primeiro evento, sobre Distribui\u00e7\u00e3o, teve lugar no Porto, em janeiro. O pr\u00f3ximo evento vai incidir sobre a evolu\u00e7\u00e3o das necessidades de pessoas, fam\u00edlias, e empresas (Pensar Maior o Cliente, em Vila Franca de Xira, a 29 de maio). Este ciclo de encontros vai culminar com um grande evento de lan\u00e7amento da estrat\u00e9gia da Fidelidade para os pr\u00f3ximos anos, que ter\u00e1 lugar a 18 de outubro, em Lisboa.<\/p>\n","protected":false},"excerpt":{"rendered":"<p>A longevidade \u00e9 um enorme desafio para Portugal, um dos pa\u00edses mais envelhecidos do mundo. No segundo evento do ciclo de encontros \u201cPensar Maior\u201d, a seguradora Fidelidade discutiu tend\u00eancias e solu\u00e7\u00f5es para tornar mais anos em melhores anos.<\/p>\n","protected":false},"author":29,"featured_media":1324,"comment_status":"closed","ping_status":"closed","sticky":false,"template":"","format":"standard","meta":{"footnotes":""},"categories":[301],"tags":[307,355],"class_list":["post-1267","post","type-post","status-publish","format-standard","has-post-thumbnail","hentry","category-longevidade","tag-307","tag-longevidade"],"_links":{"self":[{"href":"https:\/\/bs.xl.pt\/pensar-o-futuro\/wp-json\/wp\/v2\/posts\/1267","targetHints":{"allow":["GET"]}}],"collection":[{"href":"https:\/\/bs.xl.pt\/pensar-o-futuro\/wp-json\/wp\/v2\/posts"}],"about":[{"href":"https:\/\/bs.xl.pt\/pensar-o-futuro\/wp-json\/wp\/v2\/types\/post"}],"author":[{"embeddable":true,"href":"https:\/\/bs.xl.pt\/pensar-o-futuro\/wp-json\/wp\/v2\/users\/29"}],"replies":[{"embeddable":true,"href":"https:\/\/bs.xl.pt\/pensar-o-futuro\/wp-json\/wp\/v2\/comments?post=1267"}],"version-history":[{"count":9,"href":"https:\/\/bs.xl.pt\/pensar-o-futuro\/wp-json\/wp\/v2\/posts\/1267\/revisions"}],"predecessor-version":[{"id":1342,"href":"https:\/\/bs.xl.pt\/pensar-o-futuro\/wp-json\/wp\/v2\/posts\/1267\/revisions\/1342"}],"wp:featuredmedia":[{"embeddable":true,"href":"https:\/\/bs.xl.pt\/pensar-o-futuro\/wp-json\/wp\/v2\/media\/1324"}],"wp:attachment":[{"href":"https:\/\/bs.xl.pt\/pensar-o-futuro\/wp-json\/wp\/v2\/media?parent=1267"}],"wp:term":[{"taxonomy":"category","embeddable":true,"href":"https:\/\/bs.xl.pt\/pensar-o-futuro\/wp-json\/wp\/v2\/categories?post=1267"},{"taxonomy":"post_tag","embeddable":true,"href":"https:\/\/bs.xl.pt\/pensar-o-futuro\/wp-json\/wp\/v2\/tags?post=1267"}],"curies":[{"name":"wp","href":"https:\/\/api.w.org\/{rel}","templated":true}]}}