{"id":1386,"date":"2025-07-17T10:18:03","date_gmt":"2025-07-17T10:18:03","guid":{"rendered":"https:\/\/bs.xl.pt\/pensar-o-futuro\/?p=1386"},"modified":"2025-11-27T16:14:22","modified_gmt":"2025-11-27T16:14:22","slug":"cuidar-tambem-e-um-ato-de-coragem-e-pode-ser-mais-facil-com-apoio","status":"publish","type":"post","link":"https:\/\/bs.xl.pt\/pensar-o-futuro\/longevidade\/cuidar-tambem-e-um-ato-de-coragem-e-pode-ser-mais-facil-com-apoio\/","title":{"rendered":"Cuidar tamb\u00e9m \u00e9 um ato de coragem \u2013 e pode ser mais f\u00e1cil com apoio"},"content":{"rendered":"\n<p>A Careceiver \u00e9 uma plataforma intuitiva de apoio \u00e0 presta\u00e7\u00e3o de cuidados no domic\u00edlio, oferecendo conte\u00fados de literacia em sa\u00fade, forma\u00e7\u00e3o e orienta\u00e7\u00e3o para cuidadores. <\/p>\n\n\n\n<p>Esta solu\u00e7\u00e3o tecnol\u00f3gica foi criada a partir de um desafio vivido em primeira pessoa e responde a uma realidade social crescente: o envelhecimento da popula\u00e7\u00e3o e a necessidade de cuidados cada vez mais complexos. <\/p>\n\n\n\n<p>Em parceria com institui\u00e7\u00f5es como a Egas Moniz School of Health &amp; Science e com o apoio da Fidelidade, a Careceiver tem vindo a testar e adaptar a plataforma a diferentes realidades, ajudando a transformar a longevidade num caminho mais seguro e mais humano para todos.<\/p>\n\n\n<div class=\"uk-margin-medium\"><iframe width=\"1280\" height=\"720\" src=\"\/\/www.youtube.com\/embed\/RprHX6hg3Go?showinfo=0\" frameborder=\"0\" allowfullscreen data-uk-responsive loading=\"lazy\" referrerpolicy=\"no-referrer-when-downgrade\" title=\"Pensar O Futuro | Case Study - Clientes | Careceiver\"><\/iframe><\/div>\n","protected":false},"excerpt":{"rendered":"<p>Mais de 1,4 milh\u00f5es de portugueses s\u00e3o cuidadores informais dos seus familiares. A Careceiver nasce da experi\u00eancia pessoal e da urg\u00eancia de apoiar quem cuida, oferecendo uma solu\u00e7\u00e3o tecnol\u00f3gica que capacita e acompanha os cuidadores \u2013 formais e informais \u2013 na sua miss\u00e3o di\u00e1ria.<\/p>\n","protected":false},"author":29,"featured_media":1398,"comment_status":"closed","ping_status":"closed","sticky":false,"template":"","format":"standard","meta":{"footnotes":""},"categories":[301],"tags":[307,366,357,363,360,35,122],"class_list":["post-1386","post","type-post","status-publish","format-standard","has-post-thumbnail","hentry","category-longevidade","tag-307","tag-careceiver","tag-clientes","tag-cuidadores","tag-impacto-nas-pessoas","tag-pensar-maior","tag-pensar-maior-fidelidade"],"_links":{"self":[{"href":"https:\/\/bs.xl.pt\/pensar-o-futuro\/wp-json\/wp\/v2\/posts\/1386","targetHints":{"allow":["GET"]}}],"collection":[{"href":"https:\/\/bs.xl.pt\/pensar-o-futuro\/wp-json\/wp\/v2\/posts"}],"about":[{"href":"https:\/\/bs.xl.pt\/pensar-o-futuro\/wp-json\/wp\/v2\/types\/post"}],"author":[{"embeddable":true,"href":"https:\/\/bs.xl.pt\/pensar-o-futuro\/wp-json\/wp\/v2\/users\/29"}],"replies":[{"embeddable":true,"href":"https:\/\/bs.xl.pt\/pensar-o-futuro\/wp-json\/wp\/v2\/comments?post=1386"}],"version-history":[{"count":2,"href":"https:\/\/bs.xl.pt\/pensar-o-futuro\/wp-json\/wp\/v2\/posts\/1386\/revisions"}],"predecessor-version":[{"id":1407,"href":"https:\/\/bs.xl.pt\/pensar-o-futuro\/wp-json\/wp\/v2\/posts\/1386\/revisions\/1407"}],"wp:featuredmedia":[{"embeddable":true,"href":"https:\/\/bs.xl.pt\/pensar-o-futuro\/wp-json\/wp\/v2\/media\/1398"}],"wp:attachment":[{"href":"https:\/\/bs.xl.pt\/pensar-o-futuro\/wp-json\/wp\/v2\/media?parent=1386"}],"wp:term":[{"taxonomy":"category","embeddable":true,"href":"https:\/\/bs.xl.pt\/pensar-o-futuro\/wp-json\/wp\/v2\/categories?post=1386"},{"taxonomy":"post_tag","embeddable":true,"href":"https:\/\/bs.xl.pt\/pensar-o-futuro\/wp-json\/wp\/v2\/tags?post=1386"}],"curies":[{"name":"wp","href":"https:\/\/api.w.org\/{rel}","templated":true}]}}