{"id":1452,"date":"2025-11-28T15:40:04","date_gmt":"2025-11-28T15:40:04","guid":{"rendered":"https:\/\/bs.xl.pt\/pensar-o-futuro\/?p=1452"},"modified":"2025-12-02T12:04:34","modified_gmt":"2025-12-02T12:04:34","slug":"pensaro-futuro-com-os-clientes-no-centro","status":"publish","type":"post","link":"https:\/\/bs.xl.pt\/pensar-o-futuro\/pensar-maior\/pensaro-futuro-com-os-clientes-no-centro\/","title":{"rendered":"Pensar o futuro com os clientes no centro"},"content":{"rendered":"\n<p>Ao longo dos \u00faltimos anos, os ciclos de eventos \u201cPensar Maior\u201d tornaram-se um marco da vida da Fidelidade. S\u00e3o momentos de reflex\u00e3o, alinhamento e partilha \u2013 momentos e espa\u00e7os nos quais a seguradora re\u00fane colaboradores, parceiros e especialistas para pensar e antecipar as mudan\u00e7as que afetam o setor e a sociedade. Para S\u00e9rgio Carvalho, diretor de Marketing e Clientes, esta \u00e9 precisamente a ess\u00eancia deste programa: \u201cO \u2018Pensar Maior\u2019 pretende marcar a forma como a Fidelidade lida com ciclos de transforma\u00e7\u00e3o cada vez mais r\u00e1pidos\u201d, afirma. <\/p>\n\n\n\n<p>Neste contexto, o respons\u00e1vel recorda que o ciclo atual, iniciado no \u201cPensar Maior 2022\u201d e que culmina agora no \u201cPensar Maior 2025\u201d, foi um verdadeiro teste \u00e0 capacidade de adapta\u00e7\u00e3o da organiza\u00e7\u00e3o: \u201cNeste per\u00edodo de tempo, testemunh\u00e1mos momentos-chave da vida da Fidelidade, respondemos a desafios, fizemos mudan\u00e7as, e hoje estamos a falar, precisamente, das transforma\u00e7\u00f5es que antecipamos para o futuro \u2013 na sociedade, no nosso neg\u00f3cio, nos clientes e nos parceiros de distribui\u00e7\u00e3o\u201d, explica.<\/p>\n\n\n\n<h3 class=\"wp-block-heading\">O cliente no centro e no comando<\/h3>\n\n\n\n<p>Entre os v\u00e1rios eixos de atua\u00e7\u00e3o abordados nestes ciclos de eventos, um manteve-se constante: o cliente. \u201cEm todas as edi\u00e7\u00f5es do \u2018Pensar Maior\u2019 \u2013 e j\u00e1 vamos na quinta edi\u00e7\u00e3o \u2013, o cliente esteve sempre no centro\u201d, sublinha S\u00e9rgio Carvalho. \u201cA cada edi\u00e7\u00e3o discutimos repetidamente as transforma\u00e7\u00f5es no comportamento do consumidor e o impacto que t\u00eam no nosso futuro. Este ser\u00e1 sempre um eixo central de reflex\u00e3o\u201d, sublinha o respons\u00e1vel.<\/p>\n\n\n\n<p>Desta forma, nos \u00faltimos anos, a Fidelidade constatou que a transforma\u00e7\u00e3o das necessidades dos clientes acelerou. A digitaliza\u00e7\u00e3o, a sobreposi\u00e7\u00e3o das gera\u00e7\u00f5es, o aumento das expectativas e as novas formas de relacionamento alteraram profundamente a forma como as pessoas se relacionam com as marcas. \u201cJ\u00e1 n\u00e3o lidamos sobretudo com tr\u00eas gera\u00e7\u00f5es de clientes. Temos quatro e vamos a caminho da quinta gera\u00e7\u00e3o em simult\u00e2neo\u201d, explica. \u201cE as gera\u00e7\u00f5es mais recentes j\u00e1 nasceram no mundo digital. Temos de preparar os nossos produtos, o nosso neg\u00f3cio, os nossos parceiros, a distribui\u00e7\u00e3o,<br>e at\u00e9 a comunica\u00e7\u00e3o e a marca, para essa realidade\u201d, diz.<\/p>\n\n\n\n<p>Este \u00e9 um grande desafio: \u201cFalamos muito em omnicanalidade, e com raz\u00e3o. Pensamos que essa \u00e9 a forma de garantir que a Fidelidade acompanha esta mudan\u00e7a, mantendo o equil\u00edbrio entre tecnologia e proximidade.\u201d Ali\u00e1s, a conviv\u00eancia harmoniosa entre o humano e o digital \u00e9, para S\u00e9rgio Carvalho, um objetivo fundamental da marca. Neste particular, \u201cquem define o ritmo s\u00e3o os clientes, e a nossa miss\u00e3o \u00e9 acompanh\u00e1-los nessa mudan\u00e7a, sem nunca perder a empatia e a confian\u00e7a que sempre nos distinguiram\u201d, nota o diretor.<\/p>\n\n\n<blockquote class=\"uk-margin-medium\"><span uk-icon=\"icon: quote-right; ratio: 4.0\"><\/span><h3 class=\"uk-margin-top uk-margin-small-bottom\">O \u2018Pensar Maior\u2019 \u00e9 tamb\u00e9m um investimento em conhecimento partilhado. Criamos alinhamento, envolvemos colaboradores, parceiros e clientes \u2014 e aprendemos com o retorno que recebemos<\/h3><footer><cite>S\u00e9rgio Carvalho, diretor de Marketing e Clientes da Fidelidade<\/cite><\/footer><\/blockquote>\n\n\n\n<h3 class=\"wp-block-heading\">A for\u00e7a de uma vis\u00e3o partilhada<\/h3>\n\n\n\n<p>A transforma\u00e7\u00e3o da Fidelidade, observa o diretor de Marketing e Clientes, n\u00e3o \u00e9 apenas tecnol\u00f3gica \u2013 \u00e9 tamb\u00e9m cultural e organizacional. \u201c\u00c9 provavelmente uma das maiores vantagens do \u2018Pensar Maior\u2019 e uma das raz\u00f5es pelas quais fazemos este investimento em tempo e em recursos: promover o alinhamento interno e criar conhecimento que \u00e9 partilhado.\u201d Neste contexto, S\u00e9rgio Carvalho considera que o impacto do ciclo vai muito al\u00e9m das fronteiras da empresa. \u201cEstamos aqui a partilhar uma vis\u00e3o com uma audi\u00eancia muito alargada \u2013 colaboradores, parceiros de neg\u00f3cio, mediadores e, indiretamente, os pr\u00f3prios clientes, atrav\u00e9s dos meios de comunica\u00e7\u00e3o. Fazemos chegar a nossa vis\u00e3o a todos estes p\u00fablicos, mas tamb\u00e9m aprendemos com o retorno que recebemos\u201d, afirma.<\/p>\n\n\n\n<h3 class=\"wp-block-heading\">Longevidade, prote\u00e7\u00e3o e confian\u00e7a<\/h3>\n\n\n\n<p>O ciclo de eventos \u201cPensar Maior 2025\u201d marca tamb\u00e9m o in\u00edcio de um novo ciclo estrat\u00e9gico para a Fidelidade. Um ciclo que se desenha num contexto de maior volatilidade, novos riscos e novas formas de rela\u00e7\u00e3o. \u201cH\u00e1 uma necessidade crescente de refor\u00e7ar a prote\u00e7\u00e3o num mundo cada vez mais inst\u00e1vel\u201d, afirma o respons\u00e1vel. Entre as prioridades da Fidelidade est\u00e1 o tema da longevidade \u2013 uma transforma\u00e7\u00e3o demogr\u00e1fica que redefine as fronteiras do setor segurador. \u201cA longevidade ser\u00e1 um eixo central do nosso trabalho nos pr\u00f3ximos anos\u201d, sublinha. \u201cQueremos olhar para a poupan\u00e7a, a sa\u00fade e a assist\u00eancia como pilares fundamentais das solu\u00e7\u00f5es que iremos desenvolver. Estes s\u00e3o dom\u00ednios que v\u00e3o impactar profundamente as popula\u00e7\u00f5es, em todos os pa\u00edses, e em particular em Portugal\u201d, assume o respons\u00e1vel.<\/p>\n\n\n\n<h3 class=\"wp-block-heading\">Ambi\u00e7\u00e3o clara<\/h3>\n\n\n\n<p>Neste contexto, a ambi\u00e7\u00e3o \u00e9 clara: ajudar a sociedade a viver mais e melhor, antecipando riscos e criando respostas sustent\u00e1veis. \u201cA Fidelidade quer fazer parte das solu\u00e7\u00f5es que v\u00e3o ser necess\u00e1rias na sociedade da longevidade\u201d, afirma S\u00e9rgio Carvalho. Para o gestor, o sucesso da companhia nos pr\u00f3ximos anos depender\u00e1 da sua capacidade de equilibrar modernidade e humanidade. \u201cVivemos tempos de mudan\u00e7a acelerada, mas o prop\u00f3sito mant\u00e9m-se: proteger pessoas, fam\u00edlias e empresas. Essa \u00e9 a nossa miss\u00e3o \u2013 e continuar\u00e1 a ser o centro do que fazemos\u201d, conclui.<\/p>\n","protected":false},"excerpt":{"rendered":"<p>No encerramento do ciclo \u201cPensar Maior 2025\u201d, S\u00e9rgio Carvalho, diretor de Marketing e Clientes da Fidelidade, reflete sobre o papel do cliente, a transforma\u00e7\u00e3o da empresa e os desafios de um futuro marcado pela longevidade e por novas gera\u00e7\u00f5es que j\u00e1 nasceram no mundo digital. \u201cO cliente tem estado sempre no centro \u2013 e continuar\u00e1 a estar\u201d, afirma.<\/p>\n","protected":false},"author":77,"featured_media":1485,"comment_status":"closed","ping_status":"closed","sticky":false,"template":"","format":"standard","meta":{"footnotes":""},"categories":[268],"tags":[307,35],"class_list":["post-1452","post","type-post","status-publish","format-standard","has-post-thumbnail","hentry","category-pensar-maior","tag-307","tag-pensar-maior"],"_links":{"self":[{"href":"https:\/\/bs.xl.pt\/pensar-o-futuro\/wp-json\/wp\/v2\/posts\/1452","targetHints":{"allow":["GET"]}}],"collection":[{"href":"https:\/\/bs.xl.pt\/pensar-o-futuro\/wp-json\/wp\/v2\/posts"}],"about":[{"href":"https:\/\/bs.xl.pt\/pensar-o-futuro\/wp-json\/wp\/v2\/types\/post"}],"author":[{"embeddable":true,"href":"https:\/\/bs.xl.pt\/pensar-o-futuro\/wp-json\/wp\/v2\/users\/77"}],"replies":[{"embeddable":true,"href":"https:\/\/bs.xl.pt\/pensar-o-futuro\/wp-json\/wp\/v2\/comments?post=1452"}],"version-history":[{"count":4,"href":"https:\/\/bs.xl.pt\/pensar-o-futuro\/wp-json\/wp\/v2\/posts\/1452\/revisions"}],"predecessor-version":[{"id":1497,"href":"https:\/\/bs.xl.pt\/pensar-o-futuro\/wp-json\/wp\/v2\/posts\/1452\/revisions\/1497"}],"wp:featuredmedia":[{"embeddable":true,"href":"https:\/\/bs.xl.pt\/pensar-o-futuro\/wp-json\/wp\/v2\/media\/1485"}],"wp:attachment":[{"href":"https:\/\/bs.xl.pt\/pensar-o-futuro\/wp-json\/wp\/v2\/media?parent=1452"}],"wp:term":[{"taxonomy":"category","embeddable":true,"href":"https:\/\/bs.xl.pt\/pensar-o-futuro\/wp-json\/wp\/v2\/categories?post=1452"},{"taxonomy":"post_tag","embeddable":true,"href":"https:\/\/bs.xl.pt\/pensar-o-futuro\/wp-json\/wp\/v2\/tags?post=1452"}],"curies":[{"name":"wp","href":"https:\/\/api.w.org\/{rel}","templated":true}]}}