{"id":676,"date":"2022-06-09T22:59:03","date_gmt":"2022-06-09T22:59:03","guid":{"rendered":"https:\/\/bs.xl.pt\/pensar-o-futuro\/?p=676"},"modified":"2025-01-21T15:31:05","modified_gmt":"2025-01-21T15:31:05","slug":"pensar-maior-distribuicao-oportunidades-no-digital-e-na-qualificacao-do-presencial","status":"publish","type":"post","link":"https:\/\/bs.xl.pt\/pensar-o-futuro\/distribuicao-2022\/pensar-maior-distribuicao-oportunidades-no-digital-e-na-qualificacao-do-presencial\/","title":{"rendered":"Pensar Maior Distribui\u00e7\u00e3o: oportunidades no digital e na qualifica\u00e7\u00e3o do presencial"},"content":{"rendered":"\n<p>Para Leonardo Rodrigues, diretor de Media\u00e7\u00e3o Centro e Ilhas, no contexto atual de ascens\u00e3o dos canais e da comunica\u00e7\u00e3o digital, a humaniza\u00e7\u00e3o dos contactos vai ganhar import\u00e2ncia, sendo necess\u00e1rio profissionalizar e qualificar a rede de forma a prestar servi\u00e7os de maior valor acrescentado.<\/p>\n\n\n<div class=\"uk-margin-medium\"><iframe width=\"1280\" height=\"720\" src=\"\/\/www.youtube.com\/embed\/fvNDQimmtqU?showinfo=0\" frameborder=\"0\" allowfullscreen data-uk-responsive loading=\"lazy\" referrerpolicy=\"no-referrer-when-downgrade\" title=\"\"><\/iframe><\/div>\n\n\n\n<p>Continuar na linha da frente em termos de inova\u00e7\u00e3o e transforma\u00e7\u00e3o da atividade \u00e9 a voca\u00e7\u00e3o da Fidelidade, afirma Ilda Deodato, diretora de Media\u00e7\u00e3o Sul. Com 200 anos de hist\u00f3ria, a Fidelidade tem o conhecimento no seu ADN e deve continuar a acompanhar e a aconselhar clientes cujas necessidades est\u00e3o em constante evolu\u00e7\u00e3o.<\/p>\n\n\n<div class=\"uk-margin-medium\"><iframe width=\"1280\" height=\"720\" src=\"\/\/www.youtube.com\/embed\/uTiqERuzr1o?showinfo=0\" frameborder=\"0\" allowfullscreen data-uk-responsive loading=\"lazy\" referrerpolicy=\"no-referrer-when-downgrade\" title=\"\"><\/iframe><\/div>\n\n\n\n<p>Ant\u00f3nio Cerqueira, diretor de Media\u00e7\u00e3o Norte, considera que a pandemia acelerou mudan\u00e7as importantes que j\u00e1 estavam a ter lugar nos h\u00e1bitos das pessoas. Os canais digitais est\u00e3o a ganhar import\u00e2ncia, mas a rede \u00e9 fundamental para articular essa comodidade e conveni\u00eancia com a proximidade e o conhecimento. Ser\u00e1 por a\u00ed que a Fidelidade se poder\u00e1 diferenciar e prestar um servi\u00e7o de excel\u00eancia.<\/p>\n\n\n<div class=\"uk-margin-medium\"><iframe width=\"1280\" height=\"720\" src=\"\/\/www.youtube.com\/embed\/ZdFuMId5ews?showinfo=0\" frameborder=\"0\" allowfullscreen data-uk-responsive loading=\"lazy\" referrerpolicy=\"no-referrer-when-downgrade\" title=\"\"><\/iframe><\/div>\n","protected":false},"excerpt":{"rendered":"<p>A tecnologia \u00e9 uma ferramenta essencial para o desenvolvimento de novos modelos de neg\u00f3cio. No entanto, \u00e9 crucial que esta esteja articulada com uma rede qualificada, capaz de acrescentar mais valor aos clientes. Ouvimos o testemunho de alguns respons\u00e1veis pela rede \u00e0 margem do Pensar Maior Fidelidade dedicado ao tema da Distribui\u00e7\u00e3o, que teve lugar em Santa Maria da Feira.<\/p>\n","protected":false},"author":29,"featured_media":679,"comment_status":"open","ping_status":"open","sticky":false,"template":"","format":"standard","meta":{"footnotes":""},"categories":[295],"tags":[310,196,193,205,208,35,122],"class_list":["post-676","post","type-post","status-publish","format-standard","has-post-thumbnail","hentry","category-distribuicao-2022","tag-310","tag-antonio-cerqueira","tag-distribuicao","tag-ilda-deodato","tag-leonardo-rodrigues","tag-pensar-maior","tag-pensar-maior-fidelidade"],"_links":{"self":[{"href":"https:\/\/bs.xl.pt\/pensar-o-futuro\/wp-json\/wp\/v2\/posts\/676","targetHints":{"allow":["GET"]}}],"collection":[{"href":"https:\/\/bs.xl.pt\/pensar-o-futuro\/wp-json\/wp\/v2\/posts"}],"about":[{"href":"https:\/\/bs.xl.pt\/pensar-o-futuro\/wp-json\/wp\/v2\/types\/post"}],"author":[{"embeddable":true,"href":"https:\/\/bs.xl.pt\/pensar-o-futuro\/wp-json\/wp\/v2\/users\/29"}],"replies":[{"embeddable":true,"href":"https:\/\/bs.xl.pt\/pensar-o-futuro\/wp-json\/wp\/v2\/comments?post=676"}],"version-history":[{"count":1,"href":"https:\/\/bs.xl.pt\/pensar-o-futuro\/wp-json\/wp\/v2\/posts\/676\/revisions"}],"predecessor-version":[{"id":682,"href":"https:\/\/bs.xl.pt\/pensar-o-futuro\/wp-json\/wp\/v2\/posts\/676\/revisions\/682"}],"wp:featuredmedia":[{"embeddable":true,"href":"https:\/\/bs.xl.pt\/pensar-o-futuro\/wp-json\/wp\/v2\/media\/679"}],"wp:attachment":[{"href":"https:\/\/bs.xl.pt\/pensar-o-futuro\/wp-json\/wp\/v2\/media?parent=676"}],"wp:term":[{"taxonomy":"category","embeddable":true,"href":"https:\/\/bs.xl.pt\/pensar-o-futuro\/wp-json\/wp\/v2\/categories?post=676"},{"taxonomy":"post_tag","embeddable":true,"href":"https:\/\/bs.xl.pt\/pensar-o-futuro\/wp-json\/wp\/v2\/tags?post=676"}],"curies":[{"name":"wp","href":"https:\/\/api.w.org\/{rel}","templated":true}]}}