{"id":739,"date":"2022-07-18T15:59:46","date_gmt":"2022-07-18T15:59:46","guid":{"rendered":"https:\/\/bs.xl.pt\/pensar-o-futuro\/?p=739"},"modified":"2025-01-21T15:30:45","modified_gmt":"2025-01-21T15:30:45","slug":"pensar-maior-inovar-para-proteger-as-familias-num-mundo-em-mudanca","status":"publish","type":"post","link":"https:\/\/bs.xl.pt\/pensar-o-futuro\/familia\/pensar-maior-inovar-para-proteger-as-familias-num-mundo-em-mudanca\/","title":{"rendered":"Pensar Maior: inovar para proteger as fam\u00edlias num mundo em mudan\u00e7a"},"content":{"rendered":"\n<p>Num mundo em constante muta\u00e7\u00e3o, os desafios multiplicam-se a cada dia, materializados em novas formas de mobilidade, novas rotinas, clientes que exigem respostas na hora e esperam a melhor experi\u00eancia. Foi precisamente para debater o futuro e a resposta da Fidelidade a todos estes desafios que aconteceu o Pensar Maior Fam\u00edlia, que decorreu em Braga, num modelo h\u00edbrido presencial, com transmiss\u00e3o em streaming. Com dois milh\u00f5es de clientes particulares, a Fidelidade tem uma responsabilidade ativa na vida de muitas fam\u00edlias.<\/p>\n\n\n\n<p>O anfitri\u00e3o deste evento foi Jos\u00e9 Villa de Freitas, da dire\u00e7\u00e3o de marketing e clientes, que apresentou Miguel Abecasis, da Comiss\u00e3o Executiva da Fidelidade. Este come\u00e7ou por fazer um paralelismo entre o ano de 2017 e o ano de 2022. \u201cMuita coisa mudou em cinco anos\u201d, disse. Em 2017, numa apresenta\u00e7\u00e3o que fez, na altura como senior partner da consultora BCG, Miguel Abecasis identificou tr\u00eas grandes tend\u00eancias que iriam marcar o futuro da ind\u00fastria autom\u00f3vel, em particular o mercado dos seguros. Em primeiro lugar, a evolu\u00e7\u00e3o da tecnologia autom\u00f3vel, que regista uma progress\u00e3o muito grande nos sistemas de apoio \u00e0 condu\u00e7\u00e3o, bem como na progressiva eletrifica\u00e7\u00e3o e conectividade do parque autom\u00f3vel. Uma outra tend\u00eancia era o crescimento de novas formas e meios de mobilidade, muitas vezes assentes no crescimento da economia partilhada. E, de uma forma relativamente transversal a tudo isto, uma terceira tend\u00eancia, a preocupa\u00e7\u00e3o crescente com as emiss\u00f5es de CO2.<\/p>\n\n\n\n<h2 class=\"wp-block-heading\"><strong>Transforma\u00e7\u00e3o acelerada do mercado autom\u00f3vel<\/strong><\/h2>\n\n\n\n<p>Que impacto \u00e9 que todas estas tend\u00eancias, j\u00e1 identificadas em 2017, est\u00e3o a ter no mercado? Desde logo, o mercado ser\u00e1 mais pequeno. Por um lado, porque o n\u00famero de autom\u00f3veis ser\u00e1 menor, \u00e0 medida que as pessoas delegam em plataformas de mobilidade e gestoras de frota a posse dos ve\u00edculos e as necessidades de mobilidade. Por outro lado, porque haver\u00e1 menos acidentes devido aos sistemas de apoio \u00e0 condu\u00e7\u00e3o. \u201cEm geral, os autom\u00f3veis ter\u00e3o menor propens\u00e3o ao sinistro\u201d, explicou, acrescentando que 98% dos acidentes s\u00e3o causados por erro humano.&nbsp;<\/p>\n\n\n\n<p>Na sua apresenta\u00e7\u00e3o, Miguel Abecasis falou ainda dos novos \u201cplayers\u201d emergentes no mercado: as plataformas de mobilidade e os fabricantes de autom\u00f3veis, os gigantes tecnol\u00f3gicos e os operadores de telecomunica\u00e7\u00f5es, que est\u00e3o a entrar no mercado dos seguros autom\u00f3veis. E falou numa migra\u00e7\u00e3o importante do mercado, do B2C, direto aos clientes finais, para um modelo B2B, justamente \u00e0 medida que as pessoas v\u00e3o entregando \u00e0s plataformas de mobilidade e gestoras de frota a posse dos seus autom\u00f3veis. A \u00faltima transforma\u00e7\u00e3o que Miguel Abecasis abordou foi o conceito de unidade de risco. De forma progressiva, v\u00e3o sendo substitu\u00eddos alguns riscos materiais e corporais \u2013 \u00e0 medida que os acidentes diminuem \u2013 por outro tipo de riscos, nomeadamente riscos tecnol\u00f3gicos e cibern\u00e9ticos.<\/p>\n\n\n\n<h2 class=\"wp-block-heading\"><strong>Tecnologia reduz sinistralidade autom\u00f3vel<\/strong><\/h2>\n\n\n\n<p>Passados cinco anos, e ao que tudo indica, ou melhor, ao que os dados indicam, o mundo vai mesmo na dire\u00e7\u00e3o indicada pelo executivo. As vendas de autom\u00f3veis com n\u00edvel de automa\u00e7\u00e3o 2 e 4 t\u00eam vindo a aumentar, sendo que os ve\u00edculos de n\u00edvel 2 j\u00e1 reduzem a propens\u00e3o \u00e0 sinistralidade em cerca de 30% e os de n\u00edvel 4 \u2013 s\u00e3o poucos ainda em circula\u00e7\u00e3o \u2013 reduzem a sinistralidade em cerca de 70%. Se, em 2017, apenas 7% dos autom\u00f3veis tinham este n\u00edvel de automa\u00e7\u00e3o, hoje 25% s\u00e3o vendidos j\u00e1 com estes n\u00edveis de automa\u00e7\u00e3o. A proje\u00e7\u00e3o para 2035 \u00e9 que 75% dos carros comercializados j\u00e1 tenham n\u00edveis de automa\u00e7\u00e3o 2 e 4.<\/p>\n\n\n\n<p>O mesmo cen\u00e1rio se est\u00e1 a passar nos ve\u00edculos el\u00e9tricos, que hoje j\u00e1 representam 15% das vendas, versus 1% em 2017, e com os ve\u00edculos conectados. Uma \u201ccuriosidade\u201d, que se traduz em tend\u00eancia, \u00e9 que a Tesla j\u00e1 est\u00e1 presente no mercado dos seguros em sete estados norte-americanos e tem planos de entrada neste mercado na Europa em 2023. \u201cPrev\u00ea-se mesmo que, em 2025, seja uma das maiores seguradoras nos EUA. Isto demonstra a realidade da entrada de novos \u2018players\u2019 neste mercado \u00e0 medida que o ecossistema autom\u00f3vel muda a sua natureza\u201d, avisa o administrador.<\/p>\n\n\n<blockquote class=\"uk-margin-medium\"><span uk-icon=\"icon: quote-right; ratio: 4.0\"><\/span><h3 class=\"uk-margin-top uk-margin-small-bottom\">Somos os mais bem posicionados para enfrentar a atual e desafiante conjuntura do mercado da mobilidade<\/h3><footer><cite>Miguel Abecasis, administrador da Fidelidade<\/cite><\/footer><\/blockquote>\n\n\n\n<p>Como lida a Fidelidade com todas estas tend\u00eancias? Enfrentar estes desafios estruturais, sem perder a lideran\u00e7a no mercado, \u201cn\u00e3o \u00e9 f\u00e1cil\u201d, confessa Miguel Abecasis. Para manter a lideran\u00e7a, a seguradora assenta a sua atua\u00e7\u00e3o em tr\u00eas pilares: uma oferta em constante evolu\u00e7\u00e3o, adaptando-se \u00e0s tend\u00eancias de mobilidade; em segundo, uma experi\u00eancia cada vez mais simples, amig\u00e1vel e autom\u00e1tica; e um terceiro pilar, de constru\u00e7\u00e3o de uma constela\u00e7\u00e3o de val\u00eancias pr\u00f3prias e de parcerias que v\u00e3o ajudar a seguradora a posicionar-se como l\u00edder dentro de todo este ecossistema.&nbsp;<\/p>\n\n\n\n<p>Para Miguel Abecasis, \u201csomos os mais bem posicionados para enfrentar a atual e desafiante conjuntura\u201d. Uma afirma\u00e7\u00e3o justificada, segundo este executivo, pelo facto de a Fidelidade ter a melhor oferta do mercado, o processo de venda e subscri\u00e7\u00e3o mais simples e expedito, o servi\u00e7o de assist\u00eancia mais robusto e eficiente, o modelo de gest\u00e3o de sinistros mais amig\u00e1vel para clientes e parceiros, a rede de peritos mais bem cotada e certificada pelo Centro de Zaragoza, e uma rede de oficinas pr\u00f3prias e recomendadas que proporciona um servi\u00e7o de excel\u00eancia, bem como uma rede de distribui\u00e7\u00e3o profissional e de elevada&nbsp; qualidade.<\/p>\n\n\n\n<h2 class=\"wp-block-heading\"><strong>Autom\u00f3vel tem resistido a todo o tipo de crises<\/strong><\/h2>\n\n\n\n<p>O respons\u00e1vel por coordenar um dos pain\u00e9is de debate da manh\u00e3 foi Paulo Figueiredo, da Dire\u00e7\u00e3o de Neg\u00f3cio Autom\u00f3vel da Fidelidade. O painel, que contou com a participa\u00e7\u00e3o de Carlos Miranda (Fidelidade Assist\u00eancia), Marco Rodrigues (Gep), Ricardo Cruz (Fidelidade Car Service) e Susana Sim\u00f5es (Dire\u00e7\u00e3o do Neg\u00f3cio Autom\u00f3vel), focou-se na capacidade de renova\u00e7\u00e3o que o mercado autom\u00f3vel tem vindo a ter desde sempre. A verdade \u00e9 que, nos \u00faltimos 30 anos, \u201co neg\u00f3cio autom\u00f3vel j\u00e1 sobreviveu a v\u00e1rias crises petrol\u00edferas, a v\u00e1rias crises econ\u00f3micas, e est\u00e1 neste momento a sobreviver a uma guerra, a uma violent\u00edssima crise energ\u00e9tica e \u00e0 disrup\u00e7\u00e3o das cadeias log\u00edsticas de produ\u00e7\u00e3o. E sobreviveu a uma pandemia que nos limitou a mobilidade\u201d, referiu Paulo Figueiredo. O moderador sublinhou a import\u00e2ncia da Fidelidade na evolu\u00e7\u00e3o do pr\u00f3prio mercado, com a introdu\u00e7\u00e3o da Prote\u00e7\u00e3o Vital do Condutor, \u201cporventura a cobertura mais importante do neg\u00f3cio autom\u00f3vel\u201d ou o facto de ter \u201cdemocratizado o seguro autom\u00f3vel, tornando-o acess\u00edvel a todas as fam\u00edlias e a todas as bolsas\u201d, referiu.<\/p>\n\n\n<div class=\"uk-position-relative uk-visible-toggle uk-light\" tabindex=\"-1\" data-uk-slideshow>\n<ul class=\"uk-slideshow-items\">\n<li>\n<img decoding=\"async\" id=\"793\" src=\"https:\/\/cdn.xl.pt\/bs\/uploads\/sites\/86\/2022\/07\/Fidelidade-Evento-tema-Familia-scaled.jpg\" alt=\"\" data-uk-cover \/>\n<\/li>\n<li>\n<img decoding=\"async\" id=\"790\" src=\"https:\/\/cdn.xl.pt\/bs\/uploads\/sites\/86\/2022\/07\/Fidelidade-Evento-tema-Familia-10-scaled.jpg\" alt=\"\" data-uk-cover \/>\n<\/li>\n<li>\n<img decoding=\"async\" id=\"787\" src=\"https:\/\/cdn.xl.pt\/bs\/uploads\/sites\/86\/2022\/07\/Fidelidade-Evento-tema-Familia-9-scaled.jpg\" alt=\"\" data-uk-cover \/>\n<\/li>\n<li>\n<img decoding=\"async\" id=\"784\" src=\"https:\/\/cdn.xl.pt\/bs\/uploads\/sites\/86\/2022\/07\/Fidelidade-Evento-tema-Familia-8-scaled.jpg\" alt=\"\" data-uk-cover \/>\n<\/li>\n<li>\n<img decoding=\"async\" id=\"781\" src=\"https:\/\/cdn.xl.pt\/bs\/uploads\/sites\/86\/2022\/07\/Fidelidade-Evento-tema-Familia-7-scaled.jpg\" alt=\"\" data-uk-cover \/>\n<\/li>\n<li>\n<img decoding=\"async\" id=\"778\" src=\"https:\/\/cdn.xl.pt\/bs\/uploads\/sites\/86\/2022\/07\/Fidelidade-Evento-tema-Familia-6-scaled.jpg\" alt=\"\" data-uk-cover \/>\n<\/li>\n<li>\n<img decoding=\"async\" id=\"775\" src=\"https:\/\/cdn.xl.pt\/bs\/uploads\/sites\/86\/2022\/07\/Fidelidade-Evento-tema-Familia-5-scaled.jpg\" alt=\"\" data-uk-cover \/>\n<\/li>\n<li>\n<img decoding=\"async\" id=\"772\" src=\"https:\/\/cdn.xl.pt\/bs\/uploads\/sites\/86\/2022\/07\/Fidelidade-Evento-tema-Familia-4-1-scaled.jpg\" alt=\"\" data-uk-cover \/>\n<\/li>\n<\/ul>\n<a class=\"uk-position-center-left uk-position-small uk-hidden-hover\" href=\"#\" uk-slidenav-previous uk-slideshow-item=\"previous\"><\/a>\n<a class=\"uk-position-center-right uk-position-small uk-hidden-hover\" href=\"#\" uk-slidenav-next uk-slideshow-item=\"next\"><\/a>\n<div class=\"uk-position-bottom-center uk-position-small uk-text-center\">\n<ul class=\"uk-slideshow-nav uk-dotnav uk-flex-center uk-margin\">\n<\/ul>\n<\/div>\n<\/div>\n\n\n\n\n<h2 class=\"wp-block-heading\"><strong>Processo de digitaliza\u00e7\u00e3o precoce foi fundamental na pandemia<\/strong><\/h2>\n\n\n\n<p>Susana Sim\u00f5es, da Dire\u00e7\u00e3o do Neg\u00f3cio Autom\u00f3vel, admite que o per\u00edodo pand\u00e9mico n\u00e3o foi f\u00e1cil, obrigando todos, de um momento para o outro, a ir para casa, come\u00e7ar a trabalhar remotamente e adaptar-se a novas formas de fazer neg\u00f3cio. \u201cMotivar e ensinar os nossos colaboradores a trabalhar \u00e0 dist\u00e2ncia n\u00e3o foi f\u00e1cil\u201d. Mas, diz a gestora, \u201co processo de digitaliza\u00e7\u00e3o da Fidelidade j\u00e1 se tinha iniciado antes da pandemia, permitindo passar a trabalhar de casa sem que essa mudan\u00e7a, t\u00e3o significativa para todos, tivesse impacto na vida dos clientes\u201d. A prova do progresso da digitaliza\u00e7\u00e3o est\u00e1 em que, hoje, 50% das participa\u00e7\u00f5es desta seguradora chegam via plataformas digitais, como a plataforma comercial e a \u00e1rea privada do cliente. Mais: 46% desses processos s\u00e3o abertos de forma totalmente autom\u00e1tica e sem qualquer interven\u00e7\u00e3o humana. \u201cIsto permitiu-nos ganhar um dia no tempo de abertura dos processos.\u201d A automatiza\u00e7\u00e3o da marca\u00e7\u00e3o das peritagens foi ainda outro exemplo dado por Susana Sim\u00f5es, um processo que est\u00e1 a ser (ainda mais) melhorado. Para Carlos Miranda, da Fidelidade Assist\u00eancia, \u00e9 muito importante que, desde 2003, sempre que a Fidelidade encerra um processo, apresente um question\u00e1rio de satisfa\u00e7\u00e3o aos clientes, tendo por isso uma no\u00e7\u00e3o bastante exata do que corre bem e do que tem de ser obviamente melhorado.<\/p>\n\n\n<blockquote class=\"uk-margin-medium\"><span uk-icon=\"icon: quote-right; ratio: 4.0\"><\/span><h3 class=\"uk-margin-top uk-margin-small-bottom\">O neg\u00f3cio autom\u00f3vel j\u00e1 sobreviveu a v\u00e1rias crises petrol\u00edferas, a v\u00e1rias crises econ\u00f3micas, e est\u00e1 neste momento a sobreviver a uma guerra, a uma violent\u00edssima crise energ\u00e9tica e \u00e0 disrup\u00e7\u00e3o das cadeias log\u00edsticas de produ\u00e7\u00e3o. E sobreviveu a uma pandemia que nos limitou a mobilidade.<\/h3><footer><cite>Paulo Figueiredo, da Dire\u00e7\u00e3o de Neg\u00f3cio Autom\u00f3vel da Fidelidade<\/cite><\/footer><\/blockquote>\n\n\n\n<p>No painel, esteve igualmente presente Ricardo Cruz, da Fidelidade Car Service, estrutura que para o ano comemora 50 anos de exist\u00eancia, durante os quais acumulou experi\u00eancia e \u201cknow-how\u201d. Para o gestor \u201c\u00e9 com a humildade de quem amanh\u00e3 quer ser melhor do que fomos hoje que nos pretendemos posicionar como um \u2018player\u2019 de refer\u00eancia dentro da rede de oficinas recomendadas da Fidelidade\u201d. Ou seja, ter o melhor servi\u00e7o, diferenciador, ao melhor pre\u00e7o, especificou Ricardo Cruz. Marco Rodrigues, da Gep, veio ao evento dar o exemplo da jornada de transforma\u00e7\u00e3o digital desta empresa de gest\u00e3o de peritagens, que alargou a todo o territ\u00f3rio nacional as teleperitagens patrimoniais. \u201cHoje, j\u00e1 representam cerca de 12% do total\u201d, refere.<\/p>\n\n\n\n<h2 class=\"wp-block-heading\"><strong>Novos produtos: das viagens \u00e0 mobilidade suave<\/strong><\/h2>\n\n\n\n<p>Antes do almo\u00e7o, houve ainda lugar a uma mesa-redonda que versou o tema da mobilidade, moderada por Susana Costa, da Dire\u00e7\u00e3o de Neg\u00f3cio Autom\u00f3vel, com a participa\u00e7\u00e3o de Cristina Baptista, da Dire\u00e7\u00e3o Vida Riscos e Acidentes Pessoais, Catarina Rocha, do Center of Transformation, Franco Caruso, da Brisa, e Nuno Pimenta, da Dire\u00e7\u00e3o de Marketing e Clientes, onde se falou dos desafios da esfera da mobilidade suave, nomeadamente das bicicletas e trotinetes que v\u00e3o povoando cada vez mais as ruas das cidades. Uma realidade que levou a Fidelidade a criar novas solu\u00e7\u00f5es, nomeadamente produtos que incluem a cobertura de danos pr\u00f3prios para este tipo de ve\u00edculos \u2013 e que at\u00e9 ao momento n\u00e3o existia na oferta da seguradora \u2013, e produtos espec\u00edficos para fabricantes e retalhistas, que v\u00e3o ao encontro das necessidades distintas dos clientes.<\/p>\n\n\n\n<p>Foram ainda mencionadas novas solu\u00e7\u00f5es,&nbsp;vocacionadas para as plataformas de mobilidade partilhada, como empresas de aluguer de bicicletas e trotinetes. \u201cNeste momento, estamos numa fase de estudo das oportunidades de mercado e do desenho de potenciais produtos\u201d, disse Susana Costa. \u201cEstamos a ouvir os nossos clientes para perceber melhor quais as suas necessidades e prefer\u00eancias, para al\u00e9m de termos de acautelar toda a quest\u00e3o regulat\u00f3ria.\u201d Foi ainda apresentada a Just in Case, uma aplica\u00e7\u00e3o (app) que pretende ajudar os viajantes a preparar e a planear as suas viagens, disponibilizando o acesso a funcionalidades de assist\u00eancia e seguro de viagem \u201con demand\u201d, nomeadamente seguro de viagem; checklists personaliz\u00e1veis e de grupo; dicas sobre destinos; apoio gratuito ao viajante 24h e sete dias por semana, e consulta m\u00e9dica do viajante.<\/p>\n\n\n\n<h2 class=\"wp-block-heading\"><strong>As casas e as fam\u00edlias<\/strong><\/h2>\n\n\n\n<p>Ap\u00f3s um retemperador almo\u00e7o, Juan Arsuaga, membro da Comiss\u00e3o Executiva da Fidelidade, falou aos presentes sobre o ecossistema fam\u00edlia, considerando-o o mais importante e o bem mais precioso em sociedade. \u201cEm outros eventos Pensar Maior, fal\u00e1mos sobre seguros de vida, de sa\u00fade, dos carros\u2026 tudo isto pensado para as nossas fam\u00edlias. Agora, temos de explicar como \u00e9 que o grupo Fidelidade v\u00ea a prote\u00e7\u00e3o de um dos maiores ativos das fam\u00edlias: a sua casa\u201d, at\u00e9 porque, provavelmente, \u00e9 o maior investimento que qualquer agregado faz ao longo da sua vida.<\/p>\n\n\n\n<p>Dirigindo-se aos presentes, Juan Arsuaga explicou que a Fidelidade tem todo um ecossistema \u00e0 disposi\u00e7\u00e3o dos seus clientes para proteger este ativo, com um \u00fanico prop\u00f3sito: que os clientes n\u00e3o tenham de se preocupar com os seus incidentes. \u201cDedicamo-nos a ajudar as pessoas a prevenir e a evitar perdas que possam ocorrer no seu patrim\u00f3nio. O objetivo \u00e9 que todos os nossos clientes vivam pacificamente em sua casa com os seus entes queridos.\u201d&nbsp; Juan Arsuaga garante que a Fidelidade \u00e9 l\u00edder nos seguros de habita\u00e7\u00e3o h\u00e1 muitos anos, com uma quota de mercado de cerca de 23%, conquistada \u201cporque conseguimos fornecer a seguran\u00e7a de que os clientes precisam\u201d. No entanto, o executivo garante que a Fidelidade n\u00e3o vai adormecer no topo. \u201cPodemos e devemos fazer mais. Queremos atrair mais clientes e aumentar a linha de prote\u00e7\u00e3o da nossa carteira.\u201d&nbsp;<\/p>\n\n\n<blockquote class=\"uk-margin-medium\"><span uk-icon=\"icon: quote-right; ratio: 4.0\"><\/span><h3 class=\"uk-margin-top uk-margin-small-bottom\">Dedicamo-nos a ajudar as pessoas a prevenir e a evitar perdas que possam ocorrer no seu patrim\u00f3nio. O objetivo \u00e9 que todos os nossos clientes vivam pacificamente em sua casa com os seus entes queridos.<\/h3><footer><cite>Juan Arsuaga, administrador da Fidelidade<\/cite><\/footer><\/blockquote>\n\n\n\n<p>Assim, a seguradora continua a trabalhar para melhorar a sua oferta, tornando o acesso aos produtos mais f\u00e1cil, com formas de subscri\u00e7\u00e3o mais \u00e1geis e digitais, permitindo aos parceiros um alcance mais eficiente dos produtos. \u201cComplet\u00e1mos o nosso produto casa com novas coberturas e novos limites\u201d, numa linha de neg\u00f3cio em que a seguradora lidou, s\u00f3 em 2021, com 70 mil sinistros diretamente relacionados com as casas dos clientes.&nbsp; O membro da Comiss\u00e3o Executiva da Fidelidadesalientou ainda a import\u00e2ncia de os clientes terem as ap\u00f3lices devidamente atualizadas, evitando poss\u00edveis subseguros. \u201cNo contexto de infla\u00e7\u00e3o que estamos a sofrer, este ponto \u00e9 cada vez mais relevante, e por isso devemos fazer um esfor\u00e7o para assegurar que os capitais dos nossos clientes sejam adequados.\u201d&nbsp;<\/p>\n\n\n\n<p>No painel Casa, moderado por Bruno Ferreira, acompanhado por Ana Paula Madeira (Departamento de Produtos e Subscri\u00e7\u00e3o da Dire\u00e7\u00e3o Neg\u00f3cio Particulares), Jo\u00e3o Casimiro (Dire\u00e7\u00e3o Opera\u00e7\u00f5es e Procurement), Vasco d\u2019Orey (Cares) e Daniel Riscado (Center of Transformation), ficou patente que a oferta nesta \u00e1rea est\u00e1 em constante evolu\u00e7\u00e3o, o qu\u00e3o importante o espa\u00e7o casa foi durante a pandemia, e os desafios que da\u00ed vieram para a atividade seguradora.<\/p>\n\n\n<div class=\"uk-margin-medium\"><iframe width=\"1280\" height=\"720\" src=\"\/\/www.youtube.com\/embed\/UO1zxp1X2E8?showinfo=0\" frameborder=\"0\" allowfullscreen data-uk-responsive loading=\"lazy\" referrerpolicy=\"no-referrer-when-downgrade\" title=\"\"><\/iframe><\/div>\n\n\n\n<h2 class=\"wp-block-heading\"><strong>Trusty, o ladr\u00e3o de cora\u00e7\u00f5es<\/strong><\/h2>\n\n\n\n<p>Na sua interven\u00e7\u00e3o, Juan Arsuaga falou ainda sobre o seguro Pets, um tema que teve igualmente direito a um \u00faltimo painel, uma conversa moderada por Joana Afonso (Segmentos e Oferta) e que contou com a participa\u00e7\u00e3o de Maria Miguel Grade (Departamento Oferta Pets), Cristina Tavares (\u00c1rea de Branding e Comunica\u00e7\u00e3o) e Estela Esteban (Dire\u00e7\u00e3o Neg\u00f3cios Particulares Espanha). Este seguro cobre as necessidades dos animais de estima\u00e7\u00e3o que, cada vez mais, s\u00e3o uma extens\u00e3o do agregado familiar. \u201cN\u00e3o nos limitamos a apresentar um produto qualquer. A nossa oferta \u00e9 a mais completa do mercado e isso permite-nos crescer de forma exponencial neste mercado que tem uma capacidade de expans\u00e3o gigante\u201d, comentou Juan Arsuaga. No debate, pareceu consensual que os animais s\u00e3o uma oportunidade \u00fanica de diversifica\u00e7\u00e3o e fortalecimento da carteira da Fidelidade e um importante elemento para a marca, dada a liga\u00e7\u00e3o emocional que os pets t\u00eam com os seus clientes. Que o diga o Trusty, o c\u00e3o-rob\u00f4 da Fidelidade, um animal de estima\u00e7\u00e3o feito com circuitos eletr\u00f3nicos, mas que&nbsp;gosta de festas, e que simboliza o novo posicionamento digital desta companhia de seguros, que procura acompanhar as transforma\u00e7\u00f5es tecnol\u00f3gicas. Presente no debate, o irrequieto Trusty roubou as aten\u00e7\u00f5es e os cora\u00e7\u00f5es de quem esteve no evento, que finalizou com os j\u00e1 habituais \u201ccompromissos\u201d, desta vez de Juan Arsuaga e Miguel Abecasis.<\/p>\n","protected":false},"excerpt":{"rendered":"<p>As fam\u00edlias portuguesas s\u00e3o uma realidade complexa a que a Fidelidade dedica uma enorme parte da sua atividade, incluindo a prote\u00e7\u00e3o de pessoas, carros, casas, animais e atividades. O evento Pensar Maior Fam\u00edlia veio mostrar o dinamismo desta \u00e1rea e a evolu\u00e7\u00e3o de toda uma nova oferta de servi\u00e7os, que se procura adaptar \u00e0 evolu\u00e7\u00e3o das necessidades dos clientes.<\/p>\n","protected":false},"author":5,"featured_media":784,"comment_status":"open","ping_status":"open","sticky":false,"template":"","format":"standard","meta":{"footnotes":""},"categories":[8],"tags":[310,241,80,26,259,35,122],"class_list":["post-739","post","type-post","status-publish","format-standard","has-post-thumbnail","hentry","category-familia","tag-310","tag-familia","tag-fidelidade","tag-juan-arsuaga","tag-miguel-abecasis","tag-pensar-maior","tag-pensar-maior-fidelidade"],"_links":{"self":[{"href":"https:\/\/bs.xl.pt\/pensar-o-futuro\/wp-json\/wp\/v2\/posts\/739","targetHints":{"allow":["GET"]}}],"collection":[{"href":"https:\/\/bs.xl.pt\/pensar-o-futuro\/wp-json\/wp\/v2\/posts"}],"about":[{"href":"https:\/\/bs.xl.pt\/pensar-o-futuro\/wp-json\/wp\/v2\/types\/post"}],"author":[{"embeddable":true,"href":"https:\/\/bs.xl.pt\/pensar-o-futuro\/wp-json\/wp\/v2\/users\/5"}],"replies":[{"embeddable":true,"href":"https:\/\/bs.xl.pt\/pensar-o-futuro\/wp-json\/wp\/v2\/comments?post=739"}],"version-history":[{"count":10,"href":"https:\/\/bs.xl.pt\/pensar-o-futuro\/wp-json\/wp\/v2\/posts\/739\/revisions"}],"predecessor-version":[{"id":826,"href":"https:\/\/bs.xl.pt\/pensar-o-futuro\/wp-json\/wp\/v2\/posts\/739\/revisions\/826"}],"wp:featuredmedia":[{"embeddable":true,"href":"https:\/\/bs.xl.pt\/pensar-o-futuro\/wp-json\/wp\/v2\/media\/784"}],"wp:attachment":[{"href":"https:\/\/bs.xl.pt\/pensar-o-futuro\/wp-json\/wp\/v2\/media?parent=739"}],"wp:term":[{"taxonomy":"category","embeddable":true,"href":"https:\/\/bs.xl.pt\/pensar-o-futuro\/wp-json\/wp\/v2\/categories?post=739"},{"taxonomy":"post_tag","embeddable":true,"href":"https:\/\/bs.xl.pt\/pensar-o-futuro\/wp-json\/wp\/v2\/tags?post=739"}],"curies":[{"name":"wp","href":"https:\/\/api.w.org\/{rel}","templated":true}]}}