{"id":994,"date":"2022-09-27T08:45:00","date_gmt":"2022-09-27T08:45:00","guid":{"rendered":"https:\/\/bs.xl.pt\/pensar-o-futuro\/?p=994"},"modified":"2025-01-21T15:31:29","modified_gmt":"2025-01-21T15:31:29","slug":"em-2022-a-fidelidade-pensou-mesmo-maior","status":"publish","type":"post","link":"https:\/\/bs.xl.pt\/pensar-o-futuro\/pensar-maior-2022\/em-2022-a-fidelidade-pensou-mesmo-maior\/","title":{"rendered":"Em 2022, a Fidelidade pensou mesmo maior"},"content":{"rendered":"\n<p>Desde 2010 que \u201cPensar Maior\u201d d\u00e1 o mote para o evento bienal da Fidelidade. Uma iniciativa que pretende, sobretudo, criar um momento de reflex\u00e3o interna entre colaboradores, parceiros de neg\u00f3cio e institucionais, e alguns clientes. \u00c9 aqui que \u00e9 partilhada a vis\u00e3o estrat\u00e9gica do grupo para os pr\u00f3ximos anos, e as rela\u00e7\u00f5es entre todos s\u00e3o fortalecidas.<\/p>\n\n\n\n<p>Como elemento inovador, este ano, a Fidelidade introduziu um novo formato. Nos meses que antecederam  o grande evento, realizaram-se diversos encontros tem\u00e1ticos nos quais foram debatidas \u00e1reas como as Empresas, a Sa\u00fade, Vida &amp; Poupan\u00e7a, Distribui\u00e7\u00e3o e Fam\u00edlia, temas cada vez mais pertinentes n\u00e3o s\u00f3 para a marca, como para o mundo, numa iniciativa intitulada \u201cRoad to Pensar Maior\u201d. Da mesma forma, e numa parceria com o Jornal de Neg\u00f3cios, a Fidelidade resolveu alargar este f\u00f3rum de reflex\u00e3o a todos os portugueses, promovendo assim o conhecimento e o pensamento sobre temas atuais e acutilantes da sociedade, criando a plataforma \u201c<a rel=\"noreferrer noopener\" href=\"https:\/\/pensarofuturo.negocios.pt\/\" target=\"_blank\">Pensar o Futuro<\/a>\u201d, na qual reuniu artigos, depoimentos e entrevistas com respons\u00e1veis da Fidelidade e especialistas nas diversas \u00e1reas.<\/p>\n\n\n\n<h2 class=\"wp-block-heading\">\u201cPensar o Futuro\u201d<\/h2>\n\n\n\n<p>Os temas dos cinco eventos realizados desde mar\u00e7o foram Empresas, Sa\u00fade, Distribui\u00e7\u00e3o, Vida &amp; Poupan\u00e7a e Fam\u00edlia, reunindo como oradores um conjunto alargado de intervenientes: colaboradores da Fidelidade, parceiros de neg\u00f3cio, e especialistas convidados. \u201cPor isso, quando chegou o grande evento, todos t\u00ednhamos j\u00e1 um enquadramento global sobre os desafios e atua\u00e7\u00f5es da Fidelidade nas v\u00e1rias \u00e1reas e t\u00ednhamos dispon\u00edvel toda a informa\u00e7\u00e3o para entendermos a vis\u00e3o estrat\u00e9gica da empresa\u201d, diz Jos\u00e9 Villa de Freitas, da equipa de Marketing.<\/p>\n\n\n\n<p>Recorde-se que os eventos do \u201croadshow\u201d foram realizados com assist\u00eancia presencial durante seis meses em diversas cidades do pa\u00eds, (Porto, Vilamoura, Coimbra, Santa Maria da Feira e Braga) e tamb\u00e9m transmitidos em streaming e disponibilizados offline para todas as geografias onde a Fidelidade est\u00e1 presente. \u201cUm dos objetivos do \u2018roadshow\u2019 foi tamb\u00e9m dar visibilidade a todas as \u00e1reas, empresas, parceiros e aos v\u00e1rios ecossistemas que a Fidelidade trabalha. No fundo, foi partilhar uma vis\u00e3o muito alargada daquilo que \u00e9 o \u00e2mbito de atua\u00e7\u00e3o da Fidelidade. E achamos que em todos os eventos algu\u00e9m aprendeu alguma coisa. At\u00e9 porque, em algumas \u00e1reas, h\u00e1 por vezes trabalho que n\u00e3o tem muita visibilidade, mas que \u00e9 muito bem feito\u201d, refere Villa de Freitas. Acresce que em todas as cidades estiveram presentes membros da Comiss\u00e3o Executiva.<\/p>\n\n\n<blockquote class=\"uk-margin-medium\"><span uk-icon=\"icon: quote-right; ratio: 4.0\"><\/span><h3 class=\"uk-margin-top uk-margin-small-bottom\">Quando chegou o grande evento, todos t\u00ednhamos j\u00e1 um enquadramento global sobre os desafios e atua\u00e7\u00f5es da Fidelidade nas v\u00e1rias \u00e1reas e t\u00ednhamos dispon\u00edvel toda a informa\u00e7\u00e3o para entendermos a vis\u00e3o estrat\u00e9gica da empresa.<\/h3><footer><cite>Jos\u00e9 Villa de Freitas, da equipa de Marketing<\/cite><\/footer><\/blockquote>\n\n\n\n<h2 class=\"wp-block-heading\">Cinco eventos tem\u00e1ticos<\/h2>\n\n\n\n<p>Em rela\u00e7\u00e3o ao balan\u00e7o do \u201cRoad to Pensar Maior\u201d, em termos globais a ades\u00e3o aos cinco eventos tem\u00e1ticos foi muito elevada, conforme o testemunham os n\u00fameros destes momentos: participaram de forma presencial mais de 2.000 pessoas, e assistiram em live streaming cerca de 12.000 convidados, com uma m\u00e9dia de tempo de visualiza\u00e7\u00e3o superior a 93% do evento. \u201cOs surveys que fizemos mostraram igualmente um elevado grau de agrado das pessoas, com uma nota m\u00e9dia acima de 92%, com algumas apresenta\u00e7\u00f5es com n\u00edveis de satisfa\u00e7\u00e3o de 4,8 e de 4,9 (em 5.0), e com muitos conte\u00fados com n\u00edvel um de agrado de 4,7 e de 4,8 (em 5,0)\u201d, refere o mesmo respons\u00e1vel.<\/p>\n\n\n\n<h2 class=\"wp-block-heading\">Finalmente \u201cPensar Maior\u201d<\/h2>\n\n\n\n<p>No dia 17 de setembro, teve lugar ent\u00e3o o grande evento do \u201cPensar Maior\u201d, que decorreu na Altice Arena, em Lisboa, e que foi um dia de partilha da vis\u00e3o estrat\u00e9gica e de prepara\u00e7\u00e3o do futuro para os pr\u00f3ximos anos. Foi um dia para \u201cPensar Maior\u201d, mas tamb\u00e9m para refor\u00e7ar la\u00e7os e celebrar. O dia esteve dividido em dois momentos distintos para audi\u00eancias diferentes: na parte da manh\u00e3, decorreu uma sess\u00e3o, que de alguma forma complementou as cinco edi\u00e7\u00f5es do \u201cRoad to Pensar Maior\u201d j\u00e1 realizadas, que abordou a tem\u00e1tica das \u201cPessoas\u201d e que foi dedicada exclusivamente aos colaboradores do Grupo Fidelidade, a trabalharem em todas as geografias.<\/p>\n\n\n\n<p>Na parte da tarde, juntaram-se aos colaboradores do Grupo Fidelidade mais 1.400 convidados pertencentes aos v\u00e1rios \u201cstakeholders\u201d: representantes dos acionistas Fosun e CGD, parceiros de neg\u00f3cio (mediadores, corretores, canal banc\u00e1rio, prestadores de sa\u00fade, fornecedores), diversos \u00f3rg\u00e3os de comunica\u00e7\u00e3o social, e alguns convidados institucionais. O \u201cPensar Maior\u201d incluiu, ap\u00f3s a sess\u00e3o de trabalho, um cocktail e jantar, seguidos de um espet\u00e1culo musical e de uma energ\u00e9tica anima\u00e7\u00e3o que permitiu a todos os participantes celebrar, refor\u00e7ar la\u00e7os e testemunhar o prop\u00f3sito da Fidelidade: \u201cPara que a vida n\u00e3o pare.\u201d<\/p>\n","protected":false},"excerpt":{"rendered":"<p>Desde mar\u00e7o que a Fidelidade organizou, em todo o territ\u00f3rio nacional, eventos tem\u00e1ticos para perspetivar o futuro em dimens\u00f5es cruciais para as empresas e para a sociedade, como a fam\u00edlia, a poupan\u00e7a e a sa\u00fade. Uma iniciativa que culminou num grande evento, a 17 de setembro, na Altice Arena.<\/p>\n","protected":false},"author":29,"featured_media":1003,"comment_status":"closed","ping_status":"closed","sticky":false,"template":"","format":"standard","meta":{"footnotes":""},"categories":[298],"tags":[310,80,26,35,122],"class_list":["post-994","post","type-post","status-publish","format-standard","has-post-thumbnail","hentry","category-pensar-maior-2022","tag-310","tag-fidelidade","tag-juan-arsuaga","tag-pensar-maior","tag-pensar-maior-fidelidade"],"_links":{"self":[{"href":"https:\/\/bs.xl.pt\/pensar-o-futuro\/wp-json\/wp\/v2\/posts\/994","targetHints":{"allow":["GET"]}}],"collection":[{"href":"https:\/\/bs.xl.pt\/pensar-o-futuro\/wp-json\/wp\/v2\/posts"}],"about":[{"href":"https:\/\/bs.xl.pt\/pensar-o-futuro\/wp-json\/wp\/v2\/types\/post"}],"author":[{"embeddable":true,"href":"https:\/\/bs.xl.pt\/pensar-o-futuro\/wp-json\/wp\/v2\/users\/29"}],"replies":[{"embeddable":true,"href":"https:\/\/bs.xl.pt\/pensar-o-futuro\/wp-json\/wp\/v2\/comments?post=994"}],"version-history":[{"count":3,"href":"https:\/\/bs.xl.pt\/pensar-o-futuro\/wp-json\/wp\/v2\/posts\/994\/revisions"}],"predecessor-version":[{"id":1006,"href":"https:\/\/bs.xl.pt\/pensar-o-futuro\/wp-json\/wp\/v2\/posts\/994\/revisions\/1006"}],"wp:featuredmedia":[{"embeddable":true,"href":"https:\/\/bs.xl.pt\/pensar-o-futuro\/wp-json\/wp\/v2\/media\/1003"}],"wp:attachment":[{"href":"https:\/\/bs.xl.pt\/pensar-o-futuro\/wp-json\/wp\/v2\/media?parent=994"}],"wp:term":[{"taxonomy":"category","embeddable":true,"href":"https:\/\/bs.xl.pt\/pensar-o-futuro\/wp-json\/wp\/v2\/categories?post=994"},{"taxonomy":"post_tag","embeddable":true,"href":"https:\/\/bs.xl.pt\/pensar-o-futuro\/wp-json\/wp\/v2\/tags?post=994"}],"curies":[{"name":"wp","href":"https:\/\/api.w.org\/{rel}","templated":true}]}}