{"id":57,"date":"2026-03-11T19:09:50","date_gmt":"2026-03-11T19:09:50","guid":{"rendered":"https:\/\/bs.xl.pt\/saude-alteracoes-climaticas\/?p=57"},"modified":"2026-03-11T19:09:50","modified_gmt":"2026-03-11T19:09:50","slug":"o-futuro-da-saude-ligado-ao-clima-dos-mosquitos-a-poluicao-do-ar","status":"publish","type":"post","link":"https:\/\/bs.xl.pt\/saude-alteracoes-climaticas\/cobertura\/o-futuro-da-saude-ligado-ao-clima-dos-mosquitos-a-poluicao-do-ar\/","title":{"rendered":"O futuro da sa\u00fade ligado ao clima: dos mosquitos \u00e0 polui\u00e7\u00e3o do ar"},"content":{"rendered":"\n<p>Cheias, inc\u00eandios de grande dimens\u00e3o, poeiras no ar, tempestades violentas: \u201c\u00c9 a pr\u00f3pria natureza do risco que est\u00e1 a mudar\u201d, como sintetizou Rog\u00e9rio Campos Henriques, CEO da Fidelidade, na sess\u00e3o de boas-vindas da Confer\u00eancia sobre Sa\u00fade e Altera\u00e7\u00f5es Clim\u00e1ticas, organizada pela seguradora de sa\u00fade l\u00edder em Portugal, a Multicare, do Grupo Fidelidade, e que decorreu no TIC \u2013 T\u00e9cnico Innovation Center, powered by Fidelidade, em Lisboa.<\/p>\n\n\n\n<p>O tema n\u00e3o podia ser mais premente em Portugal, com o pa\u00eds ainda devastado pelos efeitos do comboio de tempestades iniciado pela Kristin, em finais de janeiro. Como sublinhou Rog\u00e9rio Campos Henriques, \u00e9 preciso \u201cantecipar a resposta\u201d, apostar mais na \u201cmedicina preventiva\u201d e ter maior articula\u00e7\u00e3o entre as seguradoras, a academia e os setores p\u00fablico e privado da sa\u00fade.<\/p>\n\n\n<\/div><\/section><section class=\"uk-section uk-padding-remove\"><div class=\"uk-container uk-margin-medium\"><iframe width=\"1280\" height=\"720\" src=\"https:\/\/www.youtube.com\/embed\/Yb0nfK1KMqo?showinfo=0\" frameborder=\"0\" allowfullscreen data-uk-responsive loading=\"lazy\" referrerpolicy=\"no-referrer-when-downgrade\" title=\"\"><\/iframe><\/div><\/section><section id=\"article-content\" class=\"uk-section\"><div class=\"uk-container uk-container-small\">\n\n\n\n<p>Na sua interven\u00e7\u00e3o, o cientista brasileiro Paulo Artaxo transportou-nos para um \u201ccen\u00e1rio cr\u00edtico\u201d. \u201cHoje estamos a emitir 57 bili\u00f5es de toneladas de gases de efeito estufa para a atmosfera\u201d, sendo que \u201c85% das emiss\u00f5es de CO2 para a atmosfera \u00e9 pela queima de combust\u00edveis f\u00f3sseis\u201d, alertou o professor do Instituto de F\u00edsica da Universidade de S\u00e3o Paulo.<\/p>\n\n\n\n<p>Os \u00faltimos modelos do IPCC \u2013 Intergovernmental Panel on Climate Change mostram num futuro pr\u00f3ximo \u201cum aumento de 2,8 graus Celsius a n\u00edvel global de temperatura m\u00e9dia\u201d, com impactos que j\u00e1 est\u00e3o \u00e0 vista: \u201cAumento de inc\u00eandios florestais, tempestades e inunda\u00e7\u00f5es.\u201d<\/p>\n\n\n\n<p>Em Portugal, estamos atualmente no aumento de 1,4 graus Celsius para a regi\u00e3o de Lisboa. O cientista recordou que a temperatura m\u00e1xima em Portugal j\u00e1 chegou a 47,7 graus Celsius no ver\u00e3o (em 2003, na Amareleja).<\/p>\n\n\n\n<p>A vulnerabilidade das popula\u00e7\u00f5es \u00e9 evidente. As mudan\u00e7as do clima acentuam a desigualdade social.<\/p>\n\n\n\n<h2 class=\"wp-block-heading\">Expans\u00e3o dos mosquitos<\/h2>\n\n\n\n<p>Na adapta\u00e7\u00e3o \u00e0s altera\u00e7\u00f5es clim\u00e1ticas, h\u00e1 esp\u00e9cies que se propagam num terreno f\u00e9rtil de aumento de calor, da humidade e de \u00e1guas estagnadas, como \u00e9 o caso do mosquito, alertou Lu\u00eds Campos, presidente do Conselho Portugu\u00eas para a Sa\u00fade e Ambiente.<\/p>\n\n\n\n<p>Mais de 5 milh\u00f5es de mortes extras por ano podem ser atribu\u00eddas \u00e0s temperaturas extremas, sendo que nos fatores de risco entram tamb\u00e9m a polui\u00e7\u00e3o do ar, a polui\u00e7\u00e3o qu\u00edmica e os qu\u00edmicos manufaturados, referiu.<\/p>\n\n\n\n<p>\u201cO mosquito \u00e9 o animal que mais mata no mundo. Foi respons\u00e1vel por 716 mil mortes a n\u00edvel global desde 2016\u201d, salientou Lu\u00eds Campos.<\/p>\n\n\n\n<p>Tamb\u00e9m Celso Granato, professor de Doen\u00e7as Infecciosas da Universidade Federal de S\u00e3o Paulo, chamou a aten\u00e7\u00e3o para o problema: \u201cO mosquito est\u00e1 a expandir a sua \u00e1rea de atua\u00e7\u00e3o. Nas regi\u00f5es montanhosas at\u00e9 1000 metros de altitude, n\u00e3o havia doen\u00e7as provocadas por mosquitos e agora h\u00e1, ele est\u00e1 a adaptar-se.\u201d<\/p>\n\n\n<\/div><\/section><section class=\"image-text uk-section uk-padding-remove\"><div class=\"uk-container\"><div class=\"uk-inline\"><img decoding=\"async\" src=\"https:\/\/cdn.xl.pt\/bs\/uploads\/sites\/246\/2026\/03\/Luis-Campos-pag-1-1600x900.jpg\" alt=\"Lu\u00eds Campos referiu que as altera\u00e7\u00f5es clim\u00e1ticas s\u00e3o uma \u201cemerg\u00eancia p\u00fablica\u201d\" loading=\"lazy\" \/><div class=\"uk-visible@s uk-overlay uk-overlay-default uk-position-bottom uk-padding-small uk-text-left\">Lu\u00eds Campos referiu que as altera\u00e7\u00f5es clim\u00e1ticas s\u00e3o uma \u201cemerg\u00eancia p\u00fablica\u201d<\/div><\/div><p class=\"caption uk-hidden@s uk-text-small uk-margin-remove-top uk-margin-medium-bottom uk-text-left\">Lu\u00eds Campos referiu que as altera\u00e7\u00f5es clim\u00e1ticas s\u00e3o uma \u201cemerg\u00eancia p\u00fablica\u201d<\/p><\/div><\/section><section id=\"article-content\" class=\"uk-section uk-section-small uk-padding-small-top\"><div class=\"uk-container uk-container-small\">\n\n\n\n<p>As doen\u00e7as causadas pelo mosquito, como a dengue, t\u00eam propens\u00e3o para aumentar a n\u00edvel global.<\/p>\n\n\n\n<p>O mesmo acontece com outras zoonoses, doen\u00e7as transmitidas de animais para humanos, que \u201cs\u00e3o as causas de 100% das pandemias\u201d e v\u00e3o aparecer mais: \u201cDesde 2003, temos tido duas a quatro amea\u00e7as de zoonoses por ano.\u201d<\/p>\n\n\n\n<p>Com o aumento da temperatura, o continente europeu come\u00e7a a ser \u201cinvadido\u201d por doen\u00e7as que antes eram \u201ctropicais\u201d. \u201cEm 2025, 14 pa\u00edses europeus notificaram 157 casos humanos com a infe\u00e7\u00e3o do v\u00edrus do Nilo Ocidental\u201d, lembrou Lu\u00eds Campos. Mas tamb\u00e9m as alergias causadas pela m\u00e1 qualidade do ar est\u00e3o a escalar. \u201cA polui\u00e7\u00e3o \u00e9 o fator de risco mais importante para a mortalidade a n\u00edvel global.\u201d<\/p>\n\n\n\n<p>\u201cTemos de declarar que as altera\u00e7\u00f5es clim\u00e1ticas s\u00e3o uma emerg\u00eancia de sa\u00fade p\u00fablica\u201d, frisou, apelando aos m\u00e9dicos que usem a sua voz nesse sentido.<\/p>\n\n\n\n<p>O Conselho Portugu\u00eas para a Sa\u00fade e Ambiente, presidido por Lu\u00eds Campos, agrega 110 associados, incluindo a Multicare, a Fidelidade, associa\u00e7\u00f5es de sa\u00fade, grandes hospitais, universidades, consultores.<\/p>\n\n\n\n<h2 class=\"wp-block-heading\">50% n\u00e3o t\u00eam literacia em sa\u00fade<\/h2>\n\n\n\n<p>No painel \u201cImpacto das Altera\u00e7\u00f5es Clim\u00e1ticas na Sa\u00fade\u201d, Cristina Vaz Almeida, presidente da Sociedade Portuguesa de Literacia em Sa\u00fade, frisou que \u201c50% dos portugueses t\u00eam baixa literacia em sa\u00fade\u201d. \u201cCom o incidente da tempestade Kristin houve sete a oito pessoas que morreram porque puseram o gerador dentro de casa\u201d, exemplificou.<\/p>\n\n\n\n<p>Francisco Ferreira, presidente da Associa\u00e7\u00e3o Zero, destacou a necessidade de \u201cmitiga\u00e7\u00e3o e adapta\u00e7\u00e3o\u201d, apontando os t\u00faneis de drenagem das cheias de Lisboa como exemplo.<\/p>\n\n\n<\/div><\/section><section class=\"image-text uk-section uk-padding-remove\"><div class=\"uk-container\"><div class=\"uk-inline\"><img decoding=\"async\" src=\"https:\/\/cdn.xl.pt\/bs\/uploads\/sites\/246\/2026\/03\/painel-doencas-infecciosas-1600x900.jpg\" alt=\"Celso Granato, Sofia N\u00fancio, Cristina B\u00e1rbara e Ant\u00f3nio Larroud\u00e9 debateram as doen\u00e7as infecciosas e respirat\u00f3rias\" loading=\"lazy\" \/><div class=\"uk-visible@s uk-overlay uk-overlay-default uk-position-bottom uk-padding-small uk-text-left\">Celso Granato, Sofia N\u00fancio, Cristina B\u00e1rbara e Ant\u00f3nio Larroud\u00e9 debateram as doen\u00e7as infecciosas e respirat\u00f3rias<\/div><\/div><p class=\"caption uk-hidden@s uk-text-small uk-margin-remove-top uk-margin-medium-bottom uk-text-left\">Celso Granato, Sofia N\u00fancio, Cristina B\u00e1rbara e Ant\u00f3nio Larroud\u00e9 debateram as doen\u00e7as infecciosas e respirat\u00f3rias<\/p><\/div><\/section><section id=\"article-content\" class=\"uk-section uk-section-small uk-padding-small-top\"><div class=\"uk-container uk-container-small\">\n\n\n\n<h2 class=\"wp-block-heading\">Mais doen\u00e7as respirat\u00f3rias e cardiovasculares<\/h2>\n\n\n\n<p>O aquecimento global est\u00e1 a alterar o mapa das doen\u00e7as e a fazer surgir riscos que at\u00e9 h\u00e1 poucos anos estavam associados sobretudo a regi\u00f5es tropicais. \u201cAntes s\u00f3 havia dengue nos turistas, agora h\u00e1 casos de dengue em pessoas que nunca sa\u00edram da Europa\u201d, sublinhou Celso Granato. \u201cAs doen\u00e7as infecciosas s\u00e3o dos maiores indicadores do aquecimento global.\u201d<\/p>\n\n\n\n<p>O especialista destacou o papel dos mosquitos na transmiss\u00e3o destas infe\u00e7\u00f5es. \u201cPreocupem-se com a quest\u00e3o do mosquito. Porque controlar o mosquito \u00e9 como ter uma vacina para o dengue, a mal\u00e1ria, entre outras.\u201d Uma forma de preven\u00e7\u00e3o \u00e9 evitar \u201cter vasos com plantas em casa\u201d por causa da \u00e1gua estagnada, referiu.<\/p>\n\n\n\n<p>A polui\u00e7\u00e3o do ar \u00e9 um dos principais fatores de risco. \u201cAs doen\u00e7as respirat\u00f3rias j\u00e1 est\u00e3o a aumentar por causa das altera\u00e7\u00f5es clim\u00e1ticas\u201d, alertou Ant\u00f3nio Larroud\u00e9, Diretor do Servi\u00e7o de Otorrinolaringologia do Hospital da Luz, lembrando que \u201co sistema respirat\u00f3rio n\u00e3o tem v\u00e1lvulas, entra tudo diretamente\u201d.<\/p>\n\n\n<\/div><\/section><section class=\"image-text uk-section uk-padding-remove\"><div class=\"uk-container\"><div class=\"uk-inline\"><img decoding=\"async\" src=\"https:\/\/cdn.xl.pt\/bs\/uploads\/sites\/246\/2026\/03\/painel-doencas-cardiovasculares-pag-2-1600x900.jpg\" alt=\"Victor Gil, F\u00e1tima Franco e Ant\u00f3nio Vaz Carneiro no painel das Doen\u00e7as Cardiovasculares\" loading=\"lazy\" \/><div class=\"uk-visible@s uk-overlay uk-overlay-default uk-position-bottom uk-padding-small uk-text-left\">Victor Gil, F\u00e1tima Franco e Ant\u00f3nio Vaz Carneiro no painel das Doen\u00e7as Cardiovasculares<\/div><\/div><p class=\"caption uk-hidden@s uk-text-small uk-margin-remove-top uk-margin-medium-bottom uk-text-left\">Victor Gil, F\u00e1tima Franco e Ant\u00f3nio Vaz Carneiro no painel das Doen\u00e7as Cardiovasculares<\/p><\/div><\/section><section id=\"article-content\" class=\"uk-section uk-section-small uk-padding-small-top\"><div class=\"uk-container uk-container-small\">\n\n\n\n<p>Cristina B\u00e1rbara, diretora do Programa para a \u00c1rea das Doen\u00e7as Respirat\u00f3rias da Dire\u00e7\u00e3o-Geral da Sa\u00fade (DGS), explicou que as part\u00edculas finas em suspens\u00e3o, microsc\u00f3picas, \u201centram nos nossos alv\u00e9olos pulmonares e podem provocar inflama\u00e7\u00e3o e doen\u00e7a\u201d. Vemo-las no ar sob o efeito de neblina ou smog.<\/p>\n\n\n\n<p>A polui\u00e7\u00e3o atmosf\u00e9rica tem tamb\u00e9m um grande impacto cardiovascular. Victor Gil, Diretor do Centro de Risco Cardiovascular e Trombose do Hospital da Luz, citou um estudo internacional que analisou mais de 32 milh\u00f5es de mortes cardiovasculares e concluiu que, dessas, \u201c1,2 milh\u00f5es podem estar associadas a temperaturas extremas\u201d. No entanto, \u201cainda se morre mais de frio extremo do que de calor extremo\u201d.<\/p>\n\n\n\n<p>Ant\u00f3nio Vaz Carneiro, presidente do Instituto de Sa\u00fade Baseada na Evid\u00eancia, chamou a aten\u00e7\u00e3o para a vulnerabilidade das popula\u00e7\u00f5es perante eventos clim\u00e1ticos. \u201cAs ondas de frio s\u00e3o muito mais mort\u00edferas\u201d, afirmou, lembrando que \u201co frio mata 18 vezes mais do que o calor\u201d.<\/p>\n\n\n\n<p>J\u00e1 F\u00e1tima Franco, diretora do Programa para as Doen\u00e7as C\u00e9rebro-Cardiovasculares da Dire\u00e7\u00e3o-Geral da Sa\u00fade (DGS), sublinhou a import\u00e2ncia de melhorar o conhecimento sobre estes impactos. \u201cAgora \u00e9 preciso come\u00e7ar a quantificar, mapear a mortalidade, a aflu\u00eancia ao servi\u00e7o de urg\u00eancias\u201d, disse, alertando que \u201c\u00e9 previs\u00edvel que o calor passe a matar mais\u201d.<\/p>\n\n\n\n<p>Como frisou Jorge Magalh\u00e3es Correia, chairman da Fidelidade, no encerramento da confer\u00eancia, \u201ca sa\u00fade p\u00fablica est\u00e1 intimamente ligada \u00e0 estabilidade clim\u00e1tica\u201d. Compreender o impacto das altera\u00e7\u00f5es clim\u00e1ticas na sa\u00fade \u00e9 fundamental para contribuir para cuidados mais sustent\u00e1veis, referiu. O Grupo Fidelidade quer estar \u201cna linha da frente desta transforma\u00e7\u00e3o\u201d.<\/p>\n\n\n<\/div><\/section><section class=\"uk-section uk-padding-remove-top\"><div class=\"uk-container\"><div data-uk-grid class=\"featured-box uk-card uk-grid-collapse uk-margin uk-flex uk-flex-stretch\"><div class=\"featured-box-image uk-width-1-1 uk-width-2-5@s\"><div class=\"featured-box-media uk-card-media-left\"><img decoding=\"async\" id=\"72\" src=\"https:\/\/cdn.xl.pt\/bs\/uploads\/sites\/246\/2026\/03\/Adalberto-Campos-Fernandes-pag2-900x1200.jpg\" alt=\"Adalberto Campos Fernandes, ex-ministro da Sa\u00fade\" loading=\"lazy\"><p class=\"caption uk-position-bottom uk-text-small uk-margin-remove-top uk-margin-medium-bottom\">Adalberto Campos Fernandes, ex-ministro da Sa\u00fade<\/p><\/div><\/div><div class=\"featured-box-content uk-width-1-1 uk-width-expand@s\"><div class=\"uk-card-body\"><h3 class=\"uk-card-title uk-margin-bottom\">\u201cUM PORTUGU\u00caS CHEGA AOS COMPRIMIDOS AOS 59 ANOS\u201d<\/h3>O ex-ministro da Sa\u00fade, Adalberto Campos Fernandes, lembrou que Portugal \u00e9 hoje um dos pa\u00edses com maior longevidade da Europa, que as mulheres portuguesas morrem mais tarde, mas tamb\u00e9m mais doentes. Temos quantidade de vida, falta melhorar a qualidade, referiu na interven\u00e7\u00e3o \u201cO Futuro da Sa\u00fade\u201d. Est\u00e3o reunidas as condi\u00e7\u00f5es para \u201ca tempestade perfeita\u201d. \u201cPortugal j\u00e1 gasta hoje mais do que a m\u00e9dia da Uni\u00e3o Europeia em sa\u00fade\u201d. Uma despesa p\u00fablica em sa\u00fade que ronda os 20 mil milh\u00f5es de euros por ano, o que \u00e9 \u201cinsustent\u00e1vel\u201d. \u201cSomos o segundo pa\u00eds mais envelhecido da UE a seguir a It\u00e1lia\u201d. Em 2060, mais de 35% da popula\u00e7\u00e3o ter\u00e1 mais de 50 anos. Adalberto Campos Fernandes sublinhou \u201co peso enorme da doen\u00e7a cr\u00f3nica: 83% dos portugueses morrem por doen\u00e7as cardiovasculares no agregado por fatores associados como a subnutri\u00e7\u00e3o, a falta de rendimentos\u201d. Depois, segundo o ex-ministro da Sa\u00fade, n\u00e3o h\u00e1 falta de profissionais de sa\u00fade no pa\u00eds, \u201ch\u00e1 \u00e9 uma enorme desorganiza\u00e7\u00e3o\u201d. Para Adalberto Campos Fernandes, \u00e9 preciso \u201cpassar de um sistema de doen\u00e7a para um sistema de sa\u00fade\u201d, uma evolu\u00e7\u00e3o para a qual vai contribuir a intelig\u00eancia artificial.<\/p>\n<p>H\u00e1, antes disso, um patamar de evolu\u00e7\u00e3o a fazer em Portugal. \u201cUm sueco chega aos comprimidos aos 70 anos, um portugu\u00eas chega aos comprimidos aos 59 anos.\u201d A diferen\u00e7a de chegar mais tarde aos comprimidos \u201cser\u00e1 a evolu\u00e7\u00e3o, o objetivo da sa\u00fade p\u00fablica\u201d.<\/div><\/div><\/div><\/div><\/section><section id=\"article-content\" class=\"uk-section uk-section-small\"><div class=\"uk-container uk-container-small\">\n","protected":false},"excerpt":{"rendered":"<p>A polui\u00e7\u00e3o do ar e as temperaturas extremas est\u00e3o a alterar o perfil das doen\u00e7as e a aumentar os riscos para a sa\u00fade p\u00fablica. Especialistas alertaram para o impacto das altera\u00e7\u00f5es clim\u00e1ticas em doen\u00e7as respirat\u00f3rias, infecciosas e cardiovasculares e nos desafios do sistema de sa\u00fade, na Confer\u00eancia Sa\u00fade e Altera\u00e7\u00f5es Clim\u00e1ticas, organizada pela Multicare.<\/p>\n","protected":false},"author":29,"featured_media":60,"comment_status":"closed","ping_status":"closed","sticky":false,"template":"","format":"standard","meta":{"footnotes":""},"categories":[3],"tags":[18,24,21],"class_list":["post-57","post","type-post","status-publish","format-standard","has-post-thumbnail","hentry","category-cobertura","tag-conferencia","tag-multicare","tag-saude-e-alteracoes-climaticas"],"_links":{"self":[{"href":"https:\/\/bs.xl.pt\/saude-alteracoes-climaticas\/wp-json\/wp\/v2\/posts\/57","targetHints":{"allow":["GET"]}}],"collection":[{"href":"https:\/\/bs.xl.pt\/saude-alteracoes-climaticas\/wp-json\/wp\/v2\/posts"}],"about":[{"href":"https:\/\/bs.xl.pt\/saude-alteracoes-climaticas\/wp-json\/wp\/v2\/types\/post"}],"author":[{"embeddable":true,"href":"https:\/\/bs.xl.pt\/saude-alteracoes-climaticas\/wp-json\/wp\/v2\/users\/29"}],"replies":[{"embeddable":true,"href":"https:\/\/bs.xl.pt\/saude-alteracoes-climaticas\/wp-json\/wp\/v2\/comments?post=57"}],"version-history":[{"count":9,"href":"https:\/\/bs.xl.pt\/saude-alteracoes-climaticas\/wp-json\/wp\/v2\/posts\/57\/revisions"}],"predecessor-version":[{"id":126,"href":"https:\/\/bs.xl.pt\/saude-alteracoes-climaticas\/wp-json\/wp\/v2\/posts\/57\/revisions\/126"}],"wp:featuredmedia":[{"embeddable":true,"href":"https:\/\/bs.xl.pt\/saude-alteracoes-climaticas\/wp-json\/wp\/v2\/media\/60"}],"wp:attachment":[{"href":"https:\/\/bs.xl.pt\/saude-alteracoes-climaticas\/wp-json\/wp\/v2\/media?parent=57"}],"wp:term":[{"taxonomy":"category","embeddable":true,"href":"https:\/\/bs.xl.pt\/saude-alteracoes-climaticas\/wp-json\/wp\/v2\/categories?post=57"},{"taxonomy":"post_tag","embeddable":true,"href":"https:\/\/bs.xl.pt\/saude-alteracoes-climaticas\/wp-json\/wp\/v2\/tags?post=57"}],"curies":[{"name":"wp","href":"https:\/\/api.w.org\/{rel}","templated":true}]}}