{"id":12457,"date":"2021-04-22T16:38:37","date_gmt":"2021-04-22T15:38:37","guid":{"rendered":"https:\/\/bs.xl.pt\/sustentabilidade-2030\/?p=12457"},"modified":"2023-05-11T15:48:13","modified_gmt":"2023-05-11T14:48:13","slug":"biden-quer-cortar-emissoes-de-gases-poluentes-para-metade-ate-2030","status":"publish","type":"post","link":"https:\/\/bs.xl.pt\/sustentabilidade-2030\/cobertura\/biden-quer-cortar-emissoes-de-gases-poluentes-para-metade-ate-2030\/","title":{"rendered":"Biden quer cortar emiss\u00f5es de gases poluentes para metade at\u00e9 2030"},"content":{"rendered":"<p>Numa cimeira clim\u00e1tica virtual promovida pelos Estados Unidos, o presidente norte-americano confirmou a ambi\u00e7\u00e3o renovada no combate \u00e0s altera\u00e7\u00f5es clim\u00e1ticas com a defini\u00e7\u00e3o do objetivo de cortar pelo menos metade das emiss\u00f5es at\u00e9 2030. &#8220;O custo da ina\u00e7\u00e3o continua a aumentar&#8221;, alertou Joe Biden.<\/p>\n","protected":false},"excerpt":{"rendered":"<p>Numa cimeira clim\u00e1tica virtual promovida pelos Estados Unidos, o presidente norte-americano confirmou a ambi\u00e7\u00e3o renovada no combate \u00e0s altera\u00e7\u00f5es clim\u00e1ticas com a defini\u00e7\u00e3o do objetivo de cortar pelo menos metade das emiss\u00f5es at\u00e9 2030. &#8220;O custo da ina\u00e7\u00e3o continua a aumentar&#8221;, alertou Joe Biden.<\/p>\n","protected":false},"author":61,"featured_media":12460,"comment_status":"closed","ping_status":"closed","sticky":false,"template":"","format":"standard","meta":{"footnotes":""},"categories":[202,46],"tags":[151],"class_list":["post-12457","post","type-post","status-publish","format-standard","has-post-thumbnail","hentry","category-ambiente-descarbonizacao","category-cobertura","tag-jornal-de-negocios-imported"],"_links":{"self":[{"href":"https:\/\/bs.xl.pt\/sustentabilidade-2030\/wp-json\/wp\/v2\/posts\/12457","targetHints":{"allow":["GET"]}}],"collection":[{"href":"https:\/\/bs.xl.pt\/sustentabilidade-2030\/wp-json\/wp\/v2\/posts"}],"about":[{"href":"https:\/\/bs.xl.pt\/sustentabilidade-2030\/wp-json\/wp\/v2\/types\/post"}],"author":[{"embeddable":true,"href":"https:\/\/bs.xl.pt\/sustentabilidade-2030\/wp-json\/wp\/v2\/users\/61"}],"replies":[{"embeddable":true,"href":"https:\/\/bs.xl.pt\/sustentabilidade-2030\/wp-json\/wp\/v2\/comments?post=12457"}],"version-history":[{"count":1,"href":"https:\/\/bs.xl.pt\/sustentabilidade-2030\/wp-json\/wp\/v2\/posts\/12457\/revisions"}],"predecessor-version":[{"id":12793,"href":"https:\/\/bs.xl.pt\/sustentabilidade-2030\/wp-json\/wp\/v2\/posts\/12457\/revisions\/12793"}],"wp:featuredmedia":[{"embeddable":true,"href":"https:\/\/bs.xl.pt\/sustentabilidade-2030\/wp-json\/wp\/v2\/media\/12460"}],"wp:attachment":[{"href":"https:\/\/bs.xl.pt\/sustentabilidade-2030\/wp-json\/wp\/v2\/media?parent=12457"}],"wp:term":[{"taxonomy":"category","embeddable":true,"href":"https:\/\/bs.xl.pt\/sustentabilidade-2030\/wp-json\/wp\/v2\/categories?post=12457"},{"taxonomy":"post_tag","embeddable":true,"href":"https:\/\/bs.xl.pt\/sustentabilidade-2030\/wp-json\/wp\/v2\/tags?post=12457"}],"curies":[{"name":"wp","href":"https:\/\/api.w.org\/{rel}","templated":true}]}}