{"id":13000,"date":"2020-12-30T12:00:00","date_gmt":"2020-12-30T12:00:00","guid":{"rendered":"https:\/\/bs.xl.pt\/sustentabilidade-2030\/?p=13000"},"modified":"2023-05-11T15:54:07","modified_gmt":"2023-05-11T14:54:07","slug":"como-o-retalho-corta-no-plastico","status":"publish","type":"post","link":"https:\/\/bs.xl.pt\/sustentabilidade-2030\/cobertura\/como-o-retalho-corta-no-plastico\/","title":{"rendered":"Como o retalho corta no pl\u00e1stico"},"content":{"rendered":"<p>A redu\u00e7\u00e3o do pl\u00e1stico, principalmente de uso \u00fanico, \u00e9 um objetivo mundial j\u00e1 com alguns progressos. Entre os retalhistas portugueses h\u00e1 quem j\u00e1 tenha duplicado a poupan\u00e7a de pl\u00e1stico virgem, quem recolha 45 mil garrafas por m\u00eas em m\u00e1quinas autom\u00e1ticas e quem tenha acabado de vez com os descart\u00e1veis.<\/p>\n","protected":false},"excerpt":{"rendered":"<p>A redu\u00e7\u00e3o do pl\u00e1stico, principalmente de uso \u00fanico, \u00e9 um objetivo mundial j\u00e1 com alguns progressos. Entre os retalhistas portugueses h\u00e1 quem j\u00e1 tenha duplicado a poupan\u00e7a de pl\u00e1stico virgem, quem recolha 45 mil garrafas por m\u00eas em m\u00e1quinas autom\u00e1ticas e quem tenha acabado de vez com os descart\u00e1veis.<\/p>\n","protected":false},"author":61,"featured_media":13003,"comment_status":"closed","ping_status":"closed","sticky":false,"template":"","format":"standard","meta":{"footnotes":""},"categories":[46,163],"tags":[151],"class_list":["post-13000","post","type-post","status-publish","format-standard","has-post-thumbnail","hentry","category-cobertura","category-sustentabilidade-cobertura","tag-jornal-de-negocios-imported"],"_links":{"self":[{"href":"https:\/\/bs.xl.pt\/sustentabilidade-2030\/wp-json\/wp\/v2\/posts\/13000","targetHints":{"allow":["GET"]}}],"collection":[{"href":"https:\/\/bs.xl.pt\/sustentabilidade-2030\/wp-json\/wp\/v2\/posts"}],"about":[{"href":"https:\/\/bs.xl.pt\/sustentabilidade-2030\/wp-json\/wp\/v2\/types\/post"}],"author":[{"embeddable":true,"href":"https:\/\/bs.xl.pt\/sustentabilidade-2030\/wp-json\/wp\/v2\/users\/61"}],"replies":[{"embeddable":true,"href":"https:\/\/bs.xl.pt\/sustentabilidade-2030\/wp-json\/wp\/v2\/comments?post=13000"}],"version-history":[{"count":1,"href":"https:\/\/bs.xl.pt\/sustentabilidade-2030\/wp-json\/wp\/v2\/posts\/13000\/revisions"}],"predecessor-version":[{"id":13495,"href":"https:\/\/bs.xl.pt\/sustentabilidade-2030\/wp-json\/wp\/v2\/posts\/13000\/revisions\/13495"}],"wp:featuredmedia":[{"embeddable":true,"href":"https:\/\/bs.xl.pt\/sustentabilidade-2030\/wp-json\/wp\/v2\/media\/13003"}],"wp:attachment":[{"href":"https:\/\/bs.xl.pt\/sustentabilidade-2030\/wp-json\/wp\/v2\/media?parent=13000"}],"wp:term":[{"taxonomy":"category","embeddable":true,"href":"https:\/\/bs.xl.pt\/sustentabilidade-2030\/wp-json\/wp\/v2\/categories?post=13000"},{"taxonomy":"post_tag","embeddable":true,"href":"https:\/\/bs.xl.pt\/sustentabilidade-2030\/wp-json\/wp\/v2\/tags?post=13000"}],"curies":[{"name":"wp","href":"https:\/\/api.w.org\/{rel}","templated":true}]}}