{"id":14410,"date":"2020-06-21T14:00:00","date_gmt":"2020-06-21T13:00:00","guid":{"rendered":"https:\/\/bs.xl.pt\/sustentabilidade-2030\/sem-categoria\/fundo-da-lego-investe-em-empresa-que-converte-plastico-em-energia\/"},"modified":"2020-06-21T14:00:00","modified_gmt":"2020-06-21T13:00:00","slug":"fundo-da-lego-investe-em-empresa-que-converte-plastico-em-energia","status":"publish","type":"post","link":"https:\/\/bs.xl.pt\/sustentabilidade-2030\/cobertura\/fundo-da-lego-investe-em-empresa-que-converte-plastico-em-energia\/","title":{"rendered":"Fundo da Lego investe em empresa que converte pl\u00e1stico em energia"},"content":{"rendered":"<p>O fundo, chamado Kirkbi , afirmou contudo que n\u00e3o h\u00e1 para j\u00e1 planos para converter tijolos de pl\u00e1stico antigos da Lego em energia.<\/p>\n","protected":false},"excerpt":{"rendered":"<p>O fundo, chamado Kirkbi , afirmou contudo que n\u00e3o h\u00e1 para j\u00e1 planos para converter tijolos de pl\u00e1stico antigos da Lego em energia.<\/p>\n","protected":false},"author":29,"featured_media":14413,"comment_status":"closed","ping_status":"closed","sticky":false,"template":"","format":"standard","meta":{"footnotes":""},"categories":[202,46],"tags":[151],"class_list":["post-14410","post","type-post","status-publish","format-standard","has-post-thumbnail","hentry","category-ambiente-descarbonizacao","category-cobertura","tag-jornal-de-negocios-imported"],"_links":{"self":[{"href":"https:\/\/bs.xl.pt\/sustentabilidade-2030\/wp-json\/wp\/v2\/posts\/14410","targetHints":{"allow":["GET"]}}],"collection":[{"href":"https:\/\/bs.xl.pt\/sustentabilidade-2030\/wp-json\/wp\/v2\/posts"}],"about":[{"href":"https:\/\/bs.xl.pt\/sustentabilidade-2030\/wp-json\/wp\/v2\/types\/post"}],"author":[{"embeddable":true,"href":"https:\/\/bs.xl.pt\/sustentabilidade-2030\/wp-json\/wp\/v2\/users\/29"}],"replies":[{"embeddable":true,"href":"https:\/\/bs.xl.pt\/sustentabilidade-2030\/wp-json\/wp\/v2\/comments?post=14410"}],"version-history":[{"count":0,"href":"https:\/\/bs.xl.pt\/sustentabilidade-2030\/wp-json\/wp\/v2\/posts\/14410\/revisions"}],"wp:featuredmedia":[{"embeddable":true,"href":"https:\/\/bs.xl.pt\/sustentabilidade-2030\/wp-json\/wp\/v2\/media\/14413"}],"wp:attachment":[{"href":"https:\/\/bs.xl.pt\/sustentabilidade-2030\/wp-json\/wp\/v2\/media?parent=14410"}],"wp:term":[{"taxonomy":"category","embeddable":true,"href":"https:\/\/bs.xl.pt\/sustentabilidade-2030\/wp-json\/wp\/v2\/categories?post=14410"},{"taxonomy":"post_tag","embeddable":true,"href":"https:\/\/bs.xl.pt\/sustentabilidade-2030\/wp-json\/wp\/v2\/tags?post=14410"}],"curies":[{"name":"wp","href":"https:\/\/api.w.org\/{rel}","templated":true}]}}