{"id":14491,"date":"2020-06-08T08:33:15","date_gmt":"2020-06-08T07:33:15","guid":{"rendered":"https:\/\/bs.xl.pt\/sustentabilidade-2030\/sem-categoria\/dia-mundial-dos-oceanos-assinala-importancia-da-inovacao-para-a-sustentabilidade\/"},"modified":"2020-06-08T08:33:15","modified_gmt":"2020-06-08T07:33:15","slug":"dia-mundial-dos-oceanos-assinala-importancia-da-inovacao-para-a-sustentabilidade","status":"publish","type":"post","link":"https:\/\/bs.xl.pt\/sustentabilidade-2030\/cobertura\/dia-mundial-dos-oceanos-assinala-importancia-da-inovacao-para-a-sustentabilidade\/","title":{"rendered":"Dia Mundial dos Oceanos assinala import\u00e2ncia da inova\u00e7\u00e3o para a sustentabilidade"},"content":{"rendered":"<p>O Dia Mundial dos Oceanos assinala-se hoje sob o lema &#8220;inova\u00e7\u00e3o para um oceano sustent\u00e1vel&#8221; e pretende lembrar a import\u00e2ncia dos oceanos na vida dos cidad\u00e3os e na preserva\u00e7\u00e3o do planeta.<\/p>\n","protected":false},"excerpt":{"rendered":"<p>O Dia Mundial dos Oceanos assinala-se hoje sob o lema &#8220;inova\u00e7\u00e3o para um oceano sustent\u00e1vel&#8221; e pretende lembrar a import\u00e2ncia dos oceanos na vida dos cidad\u00e3os e na preserva\u00e7\u00e3o do planeta.<\/p>\n","protected":false},"author":29,"featured_media":11182,"comment_status":"closed","ping_status":"closed","sticky":false,"template":"","format":"standard","meta":{"footnotes":""},"categories":[202,46],"tags":[151],"class_list":["post-14491","post","type-post","status-publish","format-standard","has-post-thumbnail","hentry","category-ambiente-descarbonizacao","category-cobertura","tag-jornal-de-negocios-imported"],"_links":{"self":[{"href":"https:\/\/bs.xl.pt\/sustentabilidade-2030\/wp-json\/wp\/v2\/posts\/14491","targetHints":{"allow":["GET"]}}],"collection":[{"href":"https:\/\/bs.xl.pt\/sustentabilidade-2030\/wp-json\/wp\/v2\/posts"}],"about":[{"href":"https:\/\/bs.xl.pt\/sustentabilidade-2030\/wp-json\/wp\/v2\/types\/post"}],"author":[{"embeddable":true,"href":"https:\/\/bs.xl.pt\/sustentabilidade-2030\/wp-json\/wp\/v2\/users\/29"}],"replies":[{"embeddable":true,"href":"https:\/\/bs.xl.pt\/sustentabilidade-2030\/wp-json\/wp\/v2\/comments?post=14491"}],"version-history":[{"count":0,"href":"https:\/\/bs.xl.pt\/sustentabilidade-2030\/wp-json\/wp\/v2\/posts\/14491\/revisions"}],"wp:featuredmedia":[{"embeddable":true,"href":"https:\/\/bs.xl.pt\/sustentabilidade-2030\/wp-json\/wp\/v2\/media\/11182"}],"wp:attachment":[{"href":"https:\/\/bs.xl.pt\/sustentabilidade-2030\/wp-json\/wp\/v2\/media?parent=14491"}],"wp:term":[{"taxonomy":"category","embeddable":true,"href":"https:\/\/bs.xl.pt\/sustentabilidade-2030\/wp-json\/wp\/v2\/categories?post=14491"},{"taxonomy":"post_tag","embeddable":true,"href":"https:\/\/bs.xl.pt\/sustentabilidade-2030\/wp-json\/wp\/v2\/tags?post=14491"}],"curies":[{"name":"wp","href":"https:\/\/api.w.org\/{rel}","templated":true}]}}