{"id":1038,"date":"2025-06-12T09:37:40","date_gmt":"2025-06-12T08:37:40","guid":{"rendered":"https:\/\/bs.xl.pt\/talentos-do-bairro\/?p=1038"},"modified":"2025-06-12T09:37:41","modified_gmt":"2025-06-12T08:37:41","slug":"o-talentos-do-bairro-real-valioso-e-com-palco-para-crescer","status":"publish","type":"post","link":"https:\/\/bs.xl.pt\/talentos-do-bairro\/conteudos\/o-talentos-do-bairro-real-valioso-e-com-palco-para-crescer\/","title":{"rendered":"O Talentos do Bairro: real, valioso e com palco para crescer"},"content":{"rendered":"\n<p>Mais do que um concurso, o Talentos do Bairro rapidamente se afirmou como uma verdadeira celebra\u00e7\u00e3o da criatividade e da identidade cultural dos bairros municipais de Lisboa. Lan\u00e7ado pela Gebalis em parceria com a Medialivre, o projeto nasceu com um prop\u00f3sito claro: dar palco ao talento muitas vezes invis\u00edvel que vive nas comunidades locais.<\/p>\n\n\n\n<p>A primeira edi\u00e7\u00e3o, em 2024, superou todas as expectativas. Com dezenas de candidatos e centenas de moradores mobilizados, revelou hist\u00f3rias que comoveram o p\u00fablico e deram visibilidade a artistas com percursos \u00fanicos. Foi o caso de In\u00eas Coito, a vencedora, que conquistou o j\u00fari com a sua voz profunda e interpretativa; do rapper Francisco Jesus, conhecido como Don Fran, que prepara agora o seu primeiro \u00e1lbum de originais; e ainda do grupo Projeto Dan\u00e7a, que ficou em segundo lugar com uma performance coreogr\u00e1fica de grande impacto, coordenada pela professora Ana Rodrigues. O evento abrangeu toda a cidade e, acima de tudo, elevou o orgulho de perten\u00e7a nos bairros participantes.<\/p>\n\n\n\n<p>Agora, com a segunda edi\u00e7\u00e3o quase a arrancar, o Talentos do Bairro regressa com novas ambi\u00e7\u00f5es, novas etapas e a mesma miss\u00e3o de sempre: mostrar que o talento n\u00e3o escolhe morada. Na abertura desta nova fase, ouvimos Fernando Angleu, presidente do conselho de administra\u00e7\u00e3o da Gebalis, que nos fala sobre o impacto do projeto, as novidades que est\u00e3o por vir e a import\u00e2ncia de continuar a dar voz \u00e0s comunidades.<\/p>\n\n\n<\/div><\/section><section class=\"image-text uk-section uk-padding-remove\"><div class=\"uk-container\"><div class=\"uk-inline\"><img decoding=\"async\" src=\"https:\/\/cdn.xl.pt\/bs\/uploads\/sites\/190\/2025\/06\/Fernando-Angleu-1600x900.jpg\" alt=\"Fernando Angleu, presidente do conselho de administra\u00e7\u00e3o da Gebalis\" loading=\"lazy\" \/><div class=\"uk-visible@s uk-overlay uk-overlay-default uk-position-bottom uk-padding-small uk-text-left\">Fernando Angleu, presidente do conselho de administra\u00e7\u00e3o da Gebalis<\/div><\/div><p class=\"uk-hidden@s uk-text-small uk-text-muted uk-margin-small-top uk-margin-medium-bottom uk-text-left\">Fernando Angleu, presidente do conselho de administra\u00e7\u00e3o da Gebalis<\/p><\/div><\/section><section class=\"article-content uk-section uk-section-small uk-padding-small-top\"><div class=\"uk-container uk-container-small\">\n\n\n\n<p><strong>O que representa, para a Gebalis, o arranque da segunda edi\u00e7\u00e3o do Talentos do Bairro?<\/strong><\/p>\n\n\n\n<p>O in\u00edcio da segunda edi\u00e7\u00e3o do Talentos do Bairro representa, para a Gebalis, a consolida\u00e7\u00e3o de um projeto transformador que vai muito al\u00e9m de um concurso de talentos. \u00c9 um momento de afirma\u00e7\u00e3o do potencial criativo existente nos bairros municipais e da nossa miss\u00e3o de o valorizar. Esta nova fase simboliza tamb\u00e9m a continuidade de um compromisso com a inclus\u00e3o, a coes\u00e3o social e a promo\u00e7\u00e3o da autoestima nas comunidades que servimos.<\/p>\n\n\n\n<p><strong>Que balan\u00e7o faz da primeira edi\u00e7\u00e3o e de que forma esses resultados influenciaram a prepara\u00e7\u00e3o desta nova fase?<\/strong><\/p>\n\n\n\n<p>O balan\u00e7o da primeira edi\u00e7\u00e3o foi extremamente positivo. Cont\u00e1mos com uma ades\u00e3o surpreendente, n\u00e3o s\u00f3 em n\u00famero de participantes, mas tamb\u00e9m em qualidade art\u00edstica, envolvimento comunit\u00e1rio e entusiasmo coletivo. Foi um verdadeiro movimento cultural e comunit\u00e1rio proveniente dos bairros. Esses resultados serviram de inspira\u00e7\u00e3o e de base concreta para aperfei\u00e7oarmos esta segunda edi\u00e7\u00e3o.<\/p>\n\n\n<\/div><\/section><section class=\"blockquote uk-section uk-padding-remove\"><div class=\"uk-container\"><blockquote class=\"uk-margin-medium\"><span uk-icon=\"icon: quote-right; ratio: 8.0\"><\/span><h3 class=\"uk-margin-xlarge-left uk-margin-top uk-margin-small-bottom\">O Talentos do Bairro contribui para uma nova imagem \u2014 mais justa, mais positiva, mais real \u2014 dos nossos bairros.<\/h3><footer class=\"uk-margin-xlarge-left \"><cite>Fernando Angleu, presidente do conselho de administra\u00e7\u00e3o da Gebalis<\/cite><\/footer><\/blockquote><\/div><\/section><section class=\"article-content uk-section\"><div class=\"uk-container uk-container-small\">\n\n\n\n<p><strong>Houve alguma aprendizagem espec\u00edfica da edi\u00e7\u00e3o anterior que tenha sido incorporada nesta nova?<\/strong><\/p>\n\n\n\n<p>Sim, sem d\u00favida. Uma das grandes aprendizagens foi a import\u00e2ncia de um acompanhamento mais cont\u00ednuo aos participantes, durante e ap\u00f3s as apresenta\u00e7\u00f5es. Tamb\u00e9m queremos melhorar a divulga\u00e7\u00e3o nos bairros e por esse motivo diversific\u00e1mos os canais de comunica\u00e7\u00e3o com as comunidades, para que o n\u00famero potencial de candidatos seja o mais abrangente poss\u00edvel.<\/p>\n\n\n\n<p><strong>Quais s\u00e3o as expectativas em termos de impacto social e comunit\u00e1rio com esta nova edi\u00e7\u00e3o?<\/strong><\/p>\n\n\n\n<p>Esperamos refor\u00e7ar ainda mais o sentimento de perten\u00e7a, empoderar os jovens talentos e contribuir para a cria\u00e7\u00e3o de redes de solidariedade e coopera\u00e7\u00e3o dentro e entre os bairros. O Talentos do Bairro tem um enorme potencial enquanto catalisador de autoestima coletiva, e queremos que cada participante sinta que o seu talento \u00e9 uma ferramenta de mudan\u00e7a \u2014 para si e para a sua comunidade.<\/p>\n\n\n<\/div><\/section><section class=\"uk-section uk-padding-remove\"><div class=\"uk-container\"><div data-uk-grid class=\"featured-box uk-card uk-grid-collapse uk-margin uk-flex uk-flex-middle\"><div class=\"uk-width-1-1 uk-padding-small\"><div class=\"uk-card-body\"><h3 class=\"uk-card-title uk-margin-bottom\">O que muda na segunda edi\u00e7\u00e3o<\/h3><\/p>\n<p>Depois do sucesso da estreia, o Talentos do Bairro regressa com novos desafios, mais palcos e ainda mais ambi\u00e7\u00e3o.<\/p>\n<h3>Mais uma eliminat\u00f3ria<\/h3>\n<p>Este ano, ser\u00e3o cinco pr\u00e9-eliminat\u00f3rias, em vez de quatro, permitindo maior representatividade geogr\u00e1fica e mais oportunidades para talentos emergentes.<\/p>\n<h3>Mais proximidade com os bairros<\/h3>\n<p>A articula\u00e7\u00e3o com associa\u00e7\u00f5es locais e equipas de proximidade da Gebalis foi refor\u00e7ada. O objetivo? Que cada comunidade sinta verdadeiramente que este projeto lhe pertence.<\/p>\n<h3>Comunidade mais alargada<\/h3>\n<p>A divulga\u00e7\u00e3o foi intensificada com novos canais, formatos e din\u00e2micas nos pr\u00f3prios bairros, para garantir que ningu\u00e9m com talento fique de fora.<\/p>\n<h3>Final com mais visibilidade<\/h3>\n<p>A grande final no Capit\u00f3lio, em Lisboa, a 6 de dezembro, est\u00e1 a ser preparada com ainda maior dimens\u00e3o e exposi\u00e7\u00e3o medi\u00e1tica. A promessa \u00e9 clara: surpreender e emocionar. Outra vez.<\/p>\n<p><\/div><\/div><\/div><\/div><\/section><section class=\"article-content uk-section uk-section-small\"><div class=\"uk-container uk-container-small\">\n\n\n\n<p><strong>Que tipo de talentos espera ver emergir desta vez? A aposta continua nas mesmas \u00e1reas art\u00edsticas?<\/strong><\/p>\n\n\n\n<p>Mantemos a aposta nas \u00e1reas art\u00edsticas com maior express\u00e3o, m\u00fasica, dan\u00e7a e artes performativas, mas estamos tamb\u00e9m abertos a novas formas de express\u00e3o. Sabemos que o talento n\u00e3o se encaixa em categorias r\u00edgidas e, por isso, gost\u00e1vamos de ver surgir propostas originais. A criatividade dos bairros \u00e9 imensa e surpreendente. Estamos prontos para acolher essa diversidade.<\/p>\n\n\n\n<p><strong>Como est\u00e1 a ser preparada a articula\u00e7\u00e3o com os bairros participantes e as comunidades locais?<\/strong><\/p>\n\n\n\n<p>Temos uma equipa dedicada no terreno, em articula\u00e7\u00e3o com as gest\u00f5es locais da Gebalis, associa\u00e7\u00f5es, e outros agentes comunit\u00e1rios. Apostamos numa escuta ativa e num trabalho pr\u00f3ximo. A ideia \u00e9 que cada bairro sinta este projeto como seu e que isso se reflita na participa\u00e7\u00e3o e no entusiasmo dos moradores.<\/p>\n\n\n\n<p>Al\u00e9m disso, contamos com os participantes da primeira edi\u00e7\u00e3o, que s\u00e3o os melhores promotores desta iniciativa e ter\u00e3o um papel fundamental na mobiliza\u00e7\u00e3o e divulga\u00e7\u00e3o junto das suas comunidades.<\/p>\n\n\n\n<p><strong>Acredita que o concurso Talentos do Bairro j\u00e1 est\u00e1 a criar uma mudan\u00e7a na forma como os bairros municipais s\u00e3o vistos na cidade?<\/strong><\/p>\n\n\n\n<p>Acredito que sim. Que, conjuntamente com muitas outras iniciativas da Gebalis e n\u00e3o s\u00f3, esse resultado tem sido concretizado, e essa \u00e9 uma das maiores vit\u00f3rias do projeto. Estamos a expor uma narrativa que \u00e9 real e positiva, a mostrar que os bairros municipais n\u00e3o s\u00e3o apenas espa\u00e7os de habita\u00e7\u00e3o, mas tamb\u00e9m de cria\u00e7\u00e3o, cultura e inova\u00e7\u00e3o. O Talentos do Bairro contribui para uma nova imagem \u2014 mais justa, mais positiva, mais real \u2014 dos nossos bairros, e isso \u00e9 fundamental para combater estigmas e preconceitos.<\/p>\n\n\n<\/div><\/section><section class=\"blockquote uk-section uk-padding-remove\"><div class=\"uk-container\"><blockquote class=\"uk-margin-medium\"><span uk-icon=\"icon: quote-right; ratio: 8.0\"><\/span><h3 class=\"uk-margin-xlarge-left uk-margin-top uk-margin-small-bottom\">Queremos que cada participante sinta que o seu talento \u00e9 uma ferramenta de mudan\u00e7a, para si e para a sua comunidade.<\/h3><footer class=\"uk-margin-xlarge-left \"><cite>Fernando Angleu, presidente do conselho de administra\u00e7\u00e3o da Gebalis<\/cite><\/footer><\/blockquote><\/div><\/section><section class=\"article-content uk-section\"><div class=\"uk-container uk-container-small\">\n\n\n\n<p><strong>Que papel desempenham parceiros como a Medialivre nesta continuidade?<\/strong><\/p>\n\n\n\n<p>Parceiros como a Medialivre s\u00e3o absolutamente essenciais. Trazem uma experi\u00eancia t\u00e9cnica, uma sensibilidade art\u00edstica e uma capacidade de mobiliza\u00e7\u00e3o fundamentais para o sucesso do projeto. S\u00e3o eles que ajudam a garantir a qualidade e a visibilidade do concurso, aspetos essenciais para os resultados pretendidos. Esta continuidade n\u00e3o seria poss\u00edvel sem um trabalho conjunto s\u00f3lido e comprometido.<\/p>\n\n\n\n<p><strong>A C\u00e2mara Municipal de Lisboa j\u00e1 confirmou o apoio para esta edi\u00e7\u00e3o. Como descreve a import\u00e2ncia desse suporte institucional?<\/strong><\/p>\n\n\n\n<p>O apoio da C\u00e2mara Municipal de Lisboa e da EGEAC \u2013 Lisboa Cultura \u00e9 estrat\u00e9gico e muito bem-vindo. Demonstra um alinhamento institucional com os valores do projeto e um reconhecimento da import\u00e2ncia da cultura enquanto motor de transforma\u00e7\u00e3o social. Esse suporte permite-nos ampliar o alcance da iniciativa, dar-lhe maior sustentabilidade e refor\u00e7ar a sua legitimidade junto da cidade. Agradecemos ao presidente da C\u00e2mara Municipal de Lisboa, Carlos Moedas, pelo seu apoio cont\u00ednuo a iniciativas que promovem a coes\u00e3o social e o desenvolvimento das comunidades, particularmente a este projeto.<\/p>\n\n\n\n<p><strong>Pode revelar algumas novidades que est\u00e3o previstas para esta nova edi\u00e7\u00e3o?<\/strong><\/p>\n\n\n\n<p>Este ano teremos cinco pr\u00e9-eliminat\u00f3rias, face \u00e0s quatro da primeira edi\u00e7\u00e3o. \u00c9 uma aposta clara no alargamento da participa\u00e7\u00e3o e no envolvimento de mais talentos. E quanto \u00e0 final no Capit\u00f3lio a 6 de dezembro\u2026 prometemos um momento com ainda mais visibilidade, preparado para surpreender todos.<\/p>\n\n\n\n<p><strong>Uma mensagem para os jovens talentos que ponderam participar este ano: o que gostava de lhes dizer?<\/strong><\/p>\n\n\n\n<p>Gostava de lhes dizer que este \u00e9 o momento. Que n\u00e3o h\u00e1 talento pequeno, nem sonho imposs\u00edvel. O Talentos do Bairro \u00e9 uma oportunidade real de serem vistos, ouvidos e valorizados. Confiem no que t\u00eam para dar e n\u00e3o tenham medo de se mostrar. Os bairros precisam de voc\u00eas, e a cidade tamb\u00e9m. Inscrevam-se!<\/p>\n\n\n<\/div><\/section><section class=\"uk-section uk-padding-remove\"><div class=\"uk-container\"><div data-uk-grid class=\"featured-box uk-card uk-grid-collapse uk-margin uk-flex uk-flex-middle\"><div class=\"uk-width-1-1 uk-padding-small\"><div class=\"uk-card-body\"><h3 class=\"uk-card-title uk-margin-bottom\">Quer subir ao palco?<\/h3><\/p>\n<p>Est\u00e1 oficialmente lan\u00e7ada a segunda edi\u00e7\u00e3o do Talentos do Bairro, a iniciativa da Gebalis que d\u00e1 palco aos artistas emergentes dos bairros municipais de Lisboa.<\/p>\n<h3>Inscri\u00e7\u00f5es abertas de 9 de junho a 22 de setembro<\/h3>\n<p>\u00c9 cantor, dan\u00e7arino, poeta, performer ou tem um talento \u00fanico para partilhar? Esta \u00e9 a sua oportunidade de mostrar do que \u00e9 capaz e representar com orgulho o seu bairro.<\/p>\n<h3>Cinco pr\u00e9-eliminat\u00f3rias<\/h3>\n<p>Com datas e locais a anunciar brevemente, cada pr\u00e9-eliminat\u00f3ria premiar\u00e1 3 finalistas e ser\u00e1 uma festa aberta \u00e0 comunidade.<\/p>\n<h3>Grande final no Capit\u00f3lio (6 de dezembro)<\/h3>\n<p>Os finalistas disputar\u00e3o o t\u00edtulo de Talento do Bairro 2025 num dos palcos mais emblem\u00e1ticos da cidade. Ser\u00e3o atribu\u00eddos pr\u00e9mios aos tr\u00eas primeiros lugares.<\/p>\n<p><\/div><\/div><\/div><\/div><\/section><section class=\"article-content uk-section uk-section-small\"><div class=\"uk-container uk-container-small\">\n","protected":false},"excerpt":{"rendered":"<p>Na primeira edi\u00e7\u00e3o, o Talentos do Bairro mostrou que os bairros municipais de Lisboa n\u00e3o s\u00e3o apenas territ\u00f3rios de habita\u00e7\u00e3o, s\u00e3o tamb\u00e9m viveiros de arte, cultura e esperan\u00e7a. Em 2025, a aposta renova-se com mais ambi\u00e7\u00e3o. Com as inscri\u00e7\u00f5es j\u00e1 abertas para a nova edi\u00e7\u00e3o, o palco volta a erguer-se para receber novos sonhos<\/p>\n","protected":false},"author":58,"featured_media":673,"comment_status":"closed","ping_status":"closed","sticky":false,"template":"","format":"standard","meta":{"footnotes":""},"categories":[25],"tags":[81,46,84,66,60,43,63,49,31],"class_list":["post-1038","post","type-post","status-publish","format-standard","has-post-thumbnail","hentry","category-conteudos","tag-2a-edicao","tag-don-fran","tag-enquadramento","tag-fernando-angleu","tag-gebalis","tag-ines-coito","tag-medialivre","tag-projeto-danca","tag-talentos-do-bairro"],"_links":{"self":[{"href":"https:\/\/bs.xl.pt\/talentos-do-bairro\/wp-json\/wp\/v2\/posts\/1038","targetHints":{"allow":["GET"]}}],"collection":[{"href":"https:\/\/bs.xl.pt\/talentos-do-bairro\/wp-json\/wp\/v2\/posts"}],"about":[{"href":"https:\/\/bs.xl.pt\/talentos-do-bairro\/wp-json\/wp\/v2\/types\/post"}],"author":[{"embeddable":true,"href":"https:\/\/bs.xl.pt\/talentos-do-bairro\/wp-json\/wp\/v2\/users\/58"}],"replies":[{"embeddable":true,"href":"https:\/\/bs.xl.pt\/talentos-do-bairro\/wp-json\/wp\/v2\/comments?post=1038"}],"version-history":[{"count":16,"href":"https:\/\/bs.xl.pt\/talentos-do-bairro\/wp-json\/wp\/v2\/posts\/1038\/revisions"}],"predecessor-version":[{"id":1176,"href":"https:\/\/bs.xl.pt\/talentos-do-bairro\/wp-json\/wp\/v2\/posts\/1038\/revisions\/1176"}],"wp:featuredmedia":[{"embeddable":true,"href":"https:\/\/bs.xl.pt\/talentos-do-bairro\/wp-json\/wp\/v2\/media\/673"}],"wp:attachment":[{"href":"https:\/\/bs.xl.pt\/talentos-do-bairro\/wp-json\/wp\/v2\/media?parent=1038"}],"wp:term":[{"taxonomy":"category","embeddable":true,"href":"https:\/\/bs.xl.pt\/talentos-do-bairro\/wp-json\/wp\/v2\/categories?post=1038"},{"taxonomy":"post_tag","embeddable":true,"href":"https:\/\/bs.xl.pt\/talentos-do-bairro\/wp-json\/wp\/v2\/tags?post=1038"}],"curies":[{"name":"wp","href":"https:\/\/api.w.org\/{rel}","templated":true}]}}