{"id":895,"date":"2024-12-12T08:30:00","date_gmt":"2024-12-12T08:30:00","guid":{"rendered":"https:\/\/bs.xl.pt\/talentos-do-bairro\/?p=895"},"modified":"2025-06-06T17:12:18","modified_gmt":"2025-06-06T16:12:18","slug":"e-na-final-venceu-a-voz-que-ecoa-dos-bairros","status":"publish","type":"post","link":"https:\/\/bs.xl.pt\/talentos-do-bairro\/conteudos\/e-na-final-venceu-a-voz-que-ecoa-dos-bairros\/","title":{"rendered":"E na final venceu a voz que ecoa dos bairros"},"content":{"rendered":"\n<p>Na tarde m\u00e1gica do Capit\u00f3lio, Lisboa foi palco de um evento transformador: a final do \u201cTalentos do Bairro\u201d. Este projeto, promovido pela Gebalis, consagrou In\u00eas Coito, de 19 anos, como a grande vencedora. A jovem, oriunda do bairro dos Alfinetes, em Marvila, emocionou a plateia com uma interpreta\u00e7\u00e3o carregada de alma e t\u00e9cnica de um cl\u00e1ssico portugu\u00eas \u2013 o fado \u2013, refletindo a for\u00e7a das suas ra\u00edzes e a profundidade da sua liga\u00e7\u00e3o com a m\u00fasica.<\/p>\n\n\n<\/div><div class=\"uk-container uk-margin-medium\"><iframe width=\"1280\" height=\"720\" src=\"\/\/www.youtube.com\/embed\/fhDMSUhWpkA?showinfo=0\" frameborder=\"0\" allowfullscreen data-uk-responsive referrerpolicy=\"no-referrer-when-downgrade\" loading=\"lazy\"><\/iframe><\/div><div class=\"uk-container uk-container-small\">\n\n\n\n<p>In\u00eas come\u00e7ou a cantar ainda em crian\u00e7a, inspirada pelas tradi\u00e7\u00f5es musicais que ouviu na fam\u00edlia e pela vontade de partilhar a sua voz com o mundo. Ao longo da competi\u00e7\u00e3o, foi destacada n\u00e3o apenas pelo talento vocal, mas tamb\u00e9m pela autenticidade e capacidade de emocionar quem a ouvia.<\/p>\n\n\n\n<p>\u201cFoi uma surpresa. Eu n\u00e3o estava \u00e0 espera, mas sinto-me completamente feliz e orgulhosa de mim\u201d, disse In\u00eas, emocionada, depois de receber o pr\u00e9mio. A vit\u00f3ria, nas palavras da artista, n\u00e3o \u00e9 apenas pessoal, mas tamb\u00e9m um reflexo do potencial e da riqueza cultural da sua comunidade. \u201cPassar pelo bairro e ouvir as pessoas dizerem \u2018uau, parab\u00e9ns!\u2019 mostra que estamos a quebrar barreiras. Quero levar a minha voz cada vez mais longe\u201d, afirmou.<\/p>\n\n\n<\/div><\/section><section class=\"lightbox-gallery uk-section uk-section-small\"><div class=\"uk-container\"><div class=\"uk-position-relative uk-visible-toggle custom-slider\" tabindex=\"-1\" data-uk-slider=\"sets: true\">\n<ul class=\"uk-slider-items uk-child-width-1-2@s uk-child-width-1-3@m uk-grid uk-flex uk-flex-middle\" data-uk-grid data-uk-lightbox=\"animation: slide\">\n<li>\n<div class=\"uk-panel\">\n<a href=\"https:\/\/cdn.xl.pt\/bs\/uploads\/sites\/190\/2024\/12\/Ines-Coito.jpg\" data-caption=\"\" data-type=\"image\"><img decoding=\"async\" id=\"934\" src=\"https:\/\/cdn.xl.pt\/bs\/uploads\/sites\/190\/2024\/12\/Ines-Coito.jpg\" alt=\"\" \/><\/a><\/div>\n<\/li>\n<li>\n<div class=\"uk-panel\">\n<a href=\"https:\/\/cdn.xl.pt\/bs\/uploads\/sites\/190\/2024\/12\/MN_07972.jpg\" data-caption=\"\" data-type=\"image\"><img decoding=\"async\" id=\"901\" src=\"https:\/\/cdn.xl.pt\/bs\/uploads\/sites\/190\/2024\/12\/MN_07972.jpg\" alt=\"\" \/><\/a><\/div>\n<\/li>\n<li>\n<div class=\"uk-panel\">\n<a href=\"https:\/\/cdn.xl.pt\/bs\/uploads\/sites\/190\/2024\/12\/MN_07980.jpg\" data-caption=\"\" data-type=\"image\"><img decoding=\"async\" id=\"898\" src=\"https:\/\/cdn.xl.pt\/bs\/uploads\/sites\/190\/2024\/12\/MN_07980.jpg\" alt=\"\" \/><\/a><\/div>\n<\/li>\n<li>\n<div class=\"uk-panel\">\n<a href=\"https:\/\/cdn.xl.pt\/bs\/uploads\/sites\/190\/2024\/12\/MN_07470.jpg\" data-caption=\"\" data-type=\"image\"><img decoding=\"async\" id=\"904\" src=\"https:\/\/cdn.xl.pt\/bs\/uploads\/sites\/190\/2024\/12\/MN_07470.jpg\" alt=\"\" \/><\/a><\/div>\n<\/li>\n<li>\n<div class=\"uk-panel\">\n<a href=\"https:\/\/cdn.xl.pt\/bs\/uploads\/sites\/190\/2024\/12\/MN_07987.jpg\" data-caption=\"\" data-type=\"image\"><img decoding=\"async\" id=\"916\" src=\"https:\/\/cdn.xl.pt\/bs\/uploads\/sites\/190\/2024\/12\/MN_07987.jpg\" alt=\"\" \/><\/a><\/div>\n<\/li>\n<li>\n<div class=\"uk-panel\">\n<a href=\"https:\/\/cdn.xl.pt\/bs\/uploads\/sites\/190\/2024\/12\/MN_08098.jpg\" data-caption=\"\" data-type=\"image\"><img decoding=\"async\" id=\"892\" src=\"https:\/\/cdn.xl.pt\/bs\/uploads\/sites\/190\/2024\/12\/MN_08098.jpg\" alt=\"\" \/><\/a><\/div>\n<\/li>\n<\/ul>\n<a class=\"slidenav-previous uk-position-small uk-position-center-left uk-slidenav-large\" href=\"#\" uk-slidenav-previous uk-slider-item=\"previous\"><\/a>\n<a class=\"slidenav-next uk-position-small uk-position-center-right uk-slidenav-large\" href=\"#\" uk-slidenav-next uk-slider-item=\"next\"><\/a>\n<ul class=\"uk-slider-nav uk-dotnav uk-flex-center uk-margin\"><\/ul><\/div>\n<\/div><\/section><section class=\"article-content uk-section\"><div class=\"uk-container uk-container-small\">\n\n\n<\/div><\/section><section class=\"blockquote uk-section uk-padding-remove\"><div class=\"uk-container\"><blockquote class=\"uk-margin-medium\"><span uk-icon=\"icon: quote-right; ratio: 8.0\"><\/span><h3 class=\"uk-margin-xlarge-left uk-margin-top uk-margin-small-bottom\">Passar pelo bairro e ouvir as pessoas dizerem &#8216;Uau, parab\u00e9ns!&#8217; mostra que estamos a quebrar barreiras. Quero levar a minha voz cada vez mais longe.<\/h3><footer class=\"uk-margin-xlarge-left \"><cite>In\u00eas Coito, vencedora da final do \u201cTalentos do Bairro\u201d<\/cite><\/footer><\/blockquote><\/div><\/section><section class=\"article-content uk-section\"><div class=\"uk-container uk-container-small\">\n\n\n\n<p>O pr\u00f3ximo passo? \u201cTalvez gravar um CD\u201d, revelou com um sorriso t\u00edmido. In\u00eas v\u00ea esta vit\u00f3ria como o primeiro passo de um caminho que deseja percorrer com orgulho e dedica\u00e7\u00e3o. A jovem representa, para muitos, um exemplo do impacto transformador que a cultura pode ter nos bairros de Lisboa.<\/p>\n\n\n\n<h3 class=\"wp-block-heading\">A dan\u00e7a e o rap em destaque<\/h3>\n\n\n\n<p>Al\u00e9m do p\u00f3dio conquistado por In\u00eas Coito, a tarde ficou ainda marcada pela distin\u00e7\u00e3o de tr\u00eas outras atua\u00e7\u00f5es. O segundo lugar foi conquistado pelo Projeto Dan\u00e7a, um grupo de jovens core\u00f3grafas e dan\u00e7arinas do bairro da Bela Vista, com idades entre os 11 e os 20 anos, que apresentou uma performance arrebatadora, fundindo dan\u00e7a cl\u00e1ssica com a contempor\u00e2nea e criativa. \u201cFic\u00e1mos muito felizes. Viemos numa desportiva e sair daqui reconhecidas \u00e9 muito gratificante\u201d, partilharam. O sonho do grupo? Continuar a dan\u00e7ar em grandes palcos, como o Capit\u00f3lio, e inspirar outros jovens com a sua paix\u00e3o. <\/p>\n\n\n<\/div><\/section><section class=\"lightbox-gallery uk-section uk-section-small\"><div class=\"uk-container\"><div class=\"uk-position-relative uk-visible-toggle custom-slider\" tabindex=\"-1\" data-uk-slider=\"sets: true\">\n<ul class=\"uk-slider-items uk-child-width-1-2@s uk-child-width-1-3@m uk-grid uk-flex uk-flex-middle\" data-uk-grid data-uk-lightbox=\"animation: slide\">\n<li>\n<div class=\"uk-panel\">\n<a href=\"https:\/\/cdn.xl.pt\/bs\/uploads\/sites\/190\/2024\/12\/MN_07617.jpg\" data-caption=\"\" data-type=\"image\"><img decoding=\"async\" id=\"871\" src=\"https:\/\/cdn.xl.pt\/bs\/uploads\/sites\/190\/2024\/12\/MN_07617.jpg\" alt=\"\" \/><\/a><\/div>\n<\/li>\n<li>\n<div class=\"uk-panel\">\n<a href=\"https:\/\/cdn.xl.pt\/bs\/uploads\/sites\/190\/2024\/12\/MN_07546.jpg\" data-caption=\"\" data-type=\"image\"><img decoding=\"async\" id=\"874\" src=\"https:\/\/cdn.xl.pt\/bs\/uploads\/sites\/190\/2024\/12\/MN_07546.jpg\" alt=\"\" \/><\/a><\/div>\n<\/li>\n<li>\n<div class=\"uk-panel\">\n<a href=\"https:\/\/cdn.xl.pt\/bs\/uploads\/sites\/190\/2024\/12\/MN_07949.jpg\" data-caption=\"\" data-type=\"image\"><img decoding=\"async\" id=\"877\" src=\"https:\/\/cdn.xl.pt\/bs\/uploads\/sites\/190\/2024\/12\/MN_07949.jpg\" alt=\"\" \/><\/a><\/div>\n<\/li>\n<li>\n<div class=\"uk-panel\">\n<a href=\"https:\/\/cdn.xl.pt\/bs\/uploads\/sites\/190\/2024\/12\/MN_08074.jpg\" data-caption=\"\" data-type=\"image\"><img decoding=\"async\" id=\"868\" src=\"https:\/\/cdn.xl.pt\/bs\/uploads\/sites\/190\/2024\/12\/MN_08074.jpg\" alt=\"\" \/><\/a><\/div>\n<\/li>\n<\/ul>\n<a class=\"slidenav-previous uk-position-small uk-position-center-left uk-slidenav-large\" href=\"#\" uk-slidenav-previous uk-slider-item=\"previous\"><\/a>\n<a class=\"slidenav-next uk-position-small uk-position-center-right uk-slidenav-large\" href=\"#\" uk-slidenav-next uk-slider-item=\"next\"><\/a>\n<ul class=\"uk-slider-nav uk-dotnav uk-flex-center uk-margin\"><\/ul><\/div>\n<\/div><\/section><section class=\"article-content uk-section\"><div class=\"uk-container uk-container-small\">\n\n\n\n<p>J\u00e1 a terceira posi\u00e7\u00e3o foi para Don Fran, um rapper do bairro da Quinta Grande que trouxe o poder das suas palavras e batidas ao palco. \u201cAinda n\u00e3o acredito. Represento o meu bairro e um grupo de pessoas incr\u00edveis que me apoiam. Este pr\u00e9mio \u00e9 para todos eles\u201d, disse. Para ele, a participa\u00e7\u00e3o no concurso j\u00e1 abriu portas e trouxe notoriedade, tanto no meio musical como na sua comunidade. O objetivo de Don Fran? Ouvir as suas m\u00fasicas na r\u00e1dio e continuar a lutar pelos seus sonhos.<\/p>\n\n\n<\/div><\/section><section class=\"lightbox-gallery uk-section uk-section-small\"><div class=\"uk-container\"><div class=\"uk-position-relative uk-visible-toggle custom-slider\" tabindex=\"-1\" data-uk-slider=\"sets: true\">\n<ul class=\"uk-slider-items uk-child-width-1-2@s uk-child-width-1-3@m uk-grid uk-flex uk-flex-middle\" data-uk-grid data-uk-lightbox=\"animation: slide\">\n<li>\n<div class=\"uk-panel\">\n<a href=\"https:\/\/cdn.xl.pt\/bs\/uploads\/sites\/190\/2024\/12\/MN_06564.jpg\" data-caption=\"\" data-type=\"image\"><img decoding=\"async\" id=\"883\" src=\"https:\/\/cdn.xl.pt\/bs\/uploads\/sites\/190\/2024\/12\/MN_06564.jpg\" alt=\"\" \/><\/a><\/div>\n<\/li>\n<li>\n<div class=\"uk-panel\">\n<a href=\"https:\/\/cdn.xl.pt\/bs\/uploads\/sites\/190\/2024\/12\/MN_06533.jpg\" data-caption=\"\" data-type=\"image\"><img decoding=\"async\" id=\"886\" src=\"https:\/\/cdn.xl.pt\/bs\/uploads\/sites\/190\/2024\/12\/MN_06533.jpg\" alt=\"\" \/><\/a><\/div>\n<\/li>\n<li>\n<div class=\"uk-panel\">\n<a href=\"https:\/\/cdn.xl.pt\/bs\/uploads\/sites\/190\/2024\/12\/MN_06592.jpg\" data-caption=\"\" data-type=\"image\"><img decoding=\"async\" id=\"889\" src=\"https:\/\/cdn.xl.pt\/bs\/uploads\/sites\/190\/2024\/12\/MN_06592.jpg\" alt=\"\" \/><\/a><\/div>\n<\/li>\n<li>\n<div class=\"uk-panel\">\n<a href=\"https:\/\/cdn.xl.pt\/bs\/uploads\/sites\/190\/2024\/12\/MN_08080.jpg\" data-caption=\"\" data-type=\"image\"><img decoding=\"async\" id=\"880\" src=\"https:\/\/cdn.xl.pt\/bs\/uploads\/sites\/190\/2024\/12\/MN_08080.jpg\" alt=\"\" \/><\/a><\/div>\n<\/li>\n<\/ul>\n<a class=\"slidenav-previous uk-position-small uk-position-center-left uk-slidenav-large\" href=\"#\" uk-slidenav-previous uk-slider-item=\"previous\"><\/a>\n<a class=\"slidenav-next uk-position-small uk-position-center-right uk-slidenav-large\" href=\"#\" uk-slidenav-next uk-slider-item=\"next\"><\/a>\n<ul class=\"uk-slider-nav uk-dotnav uk-flex-center uk-margin\"><\/ul><\/div>\n<\/div><\/section><section class=\"article-content uk-section\"><div class=\"uk-container uk-container-small\">\n\n\n\n<p>Houve ainda lugar para a atribui\u00e7\u00e3o de uma men\u00e7\u00e3o honrosa ao grupo L &amp; L Groove, formado por duas pequenas artistas cheias de criatividade e muita energia: a Let\u00edcia de 10 anos e a Lia de 12. Apesar de uma ponta de desilus\u00e3o por n\u00e3o terem subido ao p\u00f3dio, prometeram continuar a evoluir e a dan\u00e7ar. \u201cFoi um reconhecimento importante e vamos usar isso para crescer ainda mais\u201d, afirmaram as jovens dan\u00e7arinas.<\/p>\n\n\n<\/div><\/section><section class=\"lightbox-gallery uk-section uk-section-small\"><div class=\"uk-container\"><div class=\"uk-position-relative uk-visible-toggle custom-slider\" tabindex=\"-1\" data-uk-slider=\"sets: true\">\n<ul class=\"uk-slider-items uk-child-width-1-2@s uk-child-width-1-3@m uk-grid uk-flex uk-flex-middle\" data-uk-grid data-uk-lightbox=\"animation: slide\">\n<li>\n<div class=\"uk-panel\">\n<a href=\"https:\/\/cdn.xl.pt\/bs\/uploads\/sites\/190\/2024\/12\/MN_06440.jpg\" data-caption=\"\" data-type=\"image\"><img decoding=\"async\" id=\"865\" src=\"https:\/\/cdn.xl.pt\/bs\/uploads\/sites\/190\/2024\/12\/MN_06440.jpg\" alt=\"\" \/><\/a><\/div>\n<\/li>\n<li>\n<div class=\"uk-panel\">\n<a href=\"https:\/\/cdn.xl.pt\/bs\/uploads\/sites\/190\/2024\/12\/MN_06443.jpg\" data-caption=\"\" data-type=\"image\"><img decoding=\"async\" id=\"862\" src=\"https:\/\/cdn.xl.pt\/bs\/uploads\/sites\/190\/2024\/12\/MN_06443.jpg\" alt=\"\" \/><\/a><\/div>\n<\/li>\n<li>\n<div class=\"uk-panel\">\n<a href=\"https:\/\/cdn.xl.pt\/bs\/uploads\/sites\/190\/2024\/12\/LL-Groove.jpg\" data-caption=\"\" data-type=\"image\"><img decoding=\"async\" id=\"937\" src=\"https:\/\/cdn.xl.pt\/bs\/uploads\/sites\/190\/2024\/12\/LL-Groove.jpg\" alt=\"\" \/><\/a><\/div>\n<\/li>\n<li>\n<div class=\"uk-panel\">\n<a href=\"https:\/\/cdn.xl.pt\/bs\/uploads\/sites\/190\/2024\/12\/MN_08089.jpg\" data-caption=\"\" data-type=\"image\"><img decoding=\"async\" id=\"859\" src=\"https:\/\/cdn.xl.pt\/bs\/uploads\/sites\/190\/2024\/12\/MN_08089.jpg\" alt=\"\" \/><\/a><\/div>\n<\/li>\n<\/ul>\n<a class=\"slidenav-previous uk-position-small uk-position-center-left uk-slidenav-large\" href=\"#\" uk-slidenav-previous uk-slider-item=\"previous\"><\/a>\n<a class=\"slidenav-next uk-position-small uk-position-center-right uk-slidenav-large\" href=\"#\" uk-slidenav-next uk-slider-item=\"next\"><\/a>\n<ul class=\"uk-slider-nav uk-dotnav uk-flex-center uk-margin\"><\/ul><\/div>\n<\/div><\/section><section class=\"article-content uk-section\"><div class=\"uk-container uk-container-small\">\n\n\n\n<h3 class=\"wp-block-heading\">Para o ano h\u00e1 mais<\/h3>\n\n\n\n<p>Foi a garantia dada pelo presidente da C\u00e2mara Municipal de Lisboa, Carlos Moedas, que sublinhou o impacto social do projeto, anunciando, em tom otimista, que o \u201cTalentos do Bairro\u201d continuar\u00e1 no pr\u00f3ximo ano. \u201c\u00c9 preciso libertar os nossos talentos. Este evento mostrou que todos podem sonhar, venham de onde vierem. Vamos dar-lhes ainda mais oportunidades\u201d, garantiu, sendo aplaudido de p\u00e9.<\/p>\n\n\n<\/div><\/section><section class=\"image-text uk-section uk-padding-remove\"><div class=\"uk-container\"><div class=\"uk-inline\"><img decoding=\"async\" src=\"https:\/\/cdn.xl.pt\/bs\/uploads\/sites\/190\/2024\/12\/Carlos-Moedas-1600x900.jpg\" alt=\"E na final venceu a voz que ecoa dos bairros\" loading=\"lazy\" \/><div class=\"uk-visible@s uk-overlay uk-overlay-default uk-position-bottom uk-padding-small uk-text-left\">Carlos Moedas, presidente da autarquia de Lisboa, esteve presente no Capit\u00f3lio<\/div><\/div><p class=\"uk-hidden@s uk-text-small uk-text-muted uk-margin-small-top uk-margin-medium-bottom uk-text-left\">Carlos Moedas, presidente da autarquia de Lisboa, esteve presente no Capit\u00f3lio<\/p><\/div><\/section><section class=\"article-content uk-section uk-section-small uk-padding-small-top\"><div class=\"uk-container uk-container-small\">\n\n\n<\/div><\/section><section class=\"blockquote uk-section uk-padding-remove\"><div class=\"uk-container\"><blockquote class=\"uk-margin-medium\"><span uk-icon=\"icon: quote-right; ratio: 8.0\"><\/span><h3 class=\"uk-margin-xlarge-left uk-margin-top uk-margin-small-bottom\">\u00c9 preciso libertar os nossos talentos. Este evento mostrou que todos podem sonhar, venham de onde vierem. Vamos dar-lhes ainda mais oportunidades.<\/h3><footer class=\"uk-margin-xlarge-left \"><cite>Carlos Moedas, presidente da C\u00e2mara Municipal de Lisboa<\/cite><\/footer><\/blockquote><\/div><\/section><section class=\"article-content uk-section\"><div class=\"uk-container uk-container-small\">\n\n\n\n<p>J\u00e1 Miguel Silva Pereira, vogal do conselho de administra\u00e7\u00e3o da Gebalis, destacou o papel do projeto na valoriza\u00e7\u00e3o dos bairros: \u201cFoi uma iniciativa \u00fanica, com performances brilhantes. \u00c9 um orgulho para a Gebalis poder apoiar e incentivar estes talentos.\u201d<\/p>\n\n\n\n<h3 class=\"wp-block-heading\">Uma tarde, muitos sonhos<\/h3>\n\n\n\n<p>O \u201cTalentos do Bairro\u201d n\u00e3o foi apenas um concurso, mas uma plataforma para mostrar que a arte pode mudar vidas e unir comunidades. Num pa\u00eds onde o talento muitas vezes permanece oculto, esta iniciativa deu voz a jovens que, com paix\u00e3o e determina\u00e7\u00e3o, provaram que os sonhos n\u00e3o t\u00eam fronteiras. A promessa de continuidade para 2025 deixa um sentimento de esperan\u00e7a: o talento, afinal, \u00e9 o maior patrim\u00f3nio dos bairros sociais de Lisboa.<\/p>\n\n\n\n<hr>\n\n\n<\/div><\/section><section class=\"image-text uk-section uk-padding-remove\"><div class=\"uk-container\"><div class=\"uk-inline\"><img decoding=\"async\" src=\"https:\/\/cdn.xl.pt\/bs\/uploads\/sites\/190\/2024\/12\/Fernando-Angleu-1600x900.jpg\" alt=\"E na final venceu a voz que ecoa dos bairros\" loading=\"lazy\" \/><div class=\"uk-visible@s uk-overlay uk-overlay-default uk-position-bottom uk-padding-small uk-text-left\">Fernando Angeleu acredita que \u00e9 essencial combater a vergonha associada a algumas localidades<\/div><\/div><p class=\"uk-hidden@s uk-text-small uk-text-muted uk-margin-small-top uk-margin-medium-bottom uk-text-left\">Fernando Angeleu acredita que \u00e9 essencial combater a vergonha associada a algumas localidades<\/p><\/div><\/section><section class=\"article-content uk-section uk-section-small uk-padding-small-top\"><div class=\"uk-container uk-container-small\">\n\n\n\n<h2 class=\"wp-block-heading\">O compromisso da Gebalis com os bairros<\/h2>\n\n\n\n<p class=\"uk-text-lead\">Fernando Angleu, presidente do conselho de administra\u00e7\u00e3o da Gebalis, diz que os bairros lisboetas merecem reconhecimento e valoriza\u00e7\u00e3o.<\/p>\n\n\n\n<p>Fernando Angleu, presidente do conselho de administra\u00e7\u00e3o da Gebalis, destacou que a principal motiva\u00e7\u00e3o para apoiar o \u201cTalentos do Bairro\u201d foi o foco nas pessoas, a base do trabalho di\u00e1rio da organiza\u00e7\u00e3o. Para Fernando Angleu, os bairros de Lisboa s\u00e3o repletos de talentos, n\u00e3o apenas art\u00edsticos, mas tamb\u00e9m humanos, que merecem reconhecimento e valoriza\u00e7\u00e3o. O projeto, realizado em parceria com a Medialivre, permitiu amplificar essas compet\u00eancias e refor\u00e7ar o orgulho das comunidades.<\/p>\n\n\n\n<p>O presidente do conselho de administra\u00e7\u00e3o da Gebalis sublinhou que a iniciativa gerou um sentimento de perten\u00e7a, ajudando a acabar com preconceitos e a mostrar que os bairros t\u00eam muito valor. Fernando Angleu acredita que \u00e9 essencial combater a vergonha associada a algumas localidades, transformando-as em lugares de celebra\u00e7\u00e3o e identidade cultural.<\/p>\n\n\n\n<p>Para Fernando Angleu, um dos momentos mais marcantes desta edi\u00e7\u00e3o foi presenciar, logo na primeira eliminat\u00f3ria, a alegria e o entusiasmo das pessoas. Este foi, para este respons\u00e1vel, um sinal claro do sucesso e da import\u00e2ncia do \u201cTalentos do Bairro\u201d na valoriza\u00e7\u00e3o dos bairros municipais.<\/p>\n\n\n\n<p>Sobre os planos futuros, revelou que a Gebalis continuar\u00e1 a investir em iniciativas culturais e comunit\u00e1rias, fortalecida pelo apoio anunciado pelo autarca Carlos Moedas durante a final. Um facto que foi recebido com entusiasmo. Para Angleu, esta garantia \u00e9 fundamental para dar continuidade ao trabalho iniciado. \u201cTer o apoio do presidente da C\u00e2mara refor\u00e7a a import\u00e2ncia deste projeto e motiva-nos a continuar a investir nas pessoas e nos seus talentos\u201d, afirmou.<\/p>\n\n\n<\/div><\/section><section class=\"image-text uk-section uk-padding-remove\"><div class=\"uk-container\"><div class=\"uk-inline\"><img decoding=\"async\" src=\"https:\/\/cdn.xl.pt\/bs\/uploads\/sites\/190\/2024\/12\/Final-TODOS-1600x900.jpg\" alt=\"A alegria e o entusiasmo na final da 1\u00aa edi\u00e7\u00e3o do Talentos do Bairro, no Capit\u00f3lio, em Lisboa, no ano passado\" loading=\"lazy\" \/><div class=\"uk-visible@s uk-overlay uk-overlay-default uk-position-bottom uk-padding-small uk-text-left\">A alegria e o entusiasmo na final da 1\u00aa edi\u00e7\u00e3o do Talentos do Bairro, no Capit\u00f3lio, em Lisboa, no ano passado<\/div><\/div><p class=\"uk-hidden@s uk-text-small uk-text-muted uk-margin-small-top uk-margin-medium-bottom uk-text-left\">A alegria e o entusiasmo na final da 1\u00aa edi\u00e7\u00e3o do Talentos do Bairro, no Capit\u00f3lio, em Lisboa, no ano passado<\/p><\/div><\/section><section class=\"article-content uk-section uk-section-small uk-padding-small-top\"><div class=\"uk-container uk-container-small\">\n\n\n\n<p>Al\u00e9m do sucesso alcan\u00e7ado em Lisboa, Fernando Angleu acredita que o \u201cTalentos do Bairro\u201d tem o potencial de servir de inspira\u00e7\u00e3o para outras cidades do pa\u00eds. Apesar de reconhecer que os bairros de Lisboa t\u00eam uma dimens\u00e3o \u00fanica, defende que iniciativas semelhantes podem ser adaptadas a outras realidades urbanas. \u201cCada cidade tem as suas particularidades, mas o talento e a vontade de supera\u00e7\u00e3o existem em todo o lado. Projetos como este mostram que \u00e9 poss\u00edvel transformar vidas atrav\u00e9s da cultura\u201d, declarou.<\/p>\n\n\n\n<p>O impacto do \u201cTalentos do Bairro\u201d tamb\u00e9m \u00e9 vis\u00edvel na forma como os moradores passaram a olhar para as suas pr\u00f3prias comunidades. Para o presidente do Conselho de Administra\u00e7\u00e3o da Gebalis, um dos maiores legados da iniciativa \u00e9 a forma como ajudou a combater estigmas e a promover o orgulho de ser de um bairro municipal. \u201cMuitas vezes, os bairros s\u00e3o vistos como lugares de car\u00eancia, mas eles tamb\u00e9m s\u00e3o lugares de talento, resili\u00eancia e criatividade. Este projeto veio mostrar isso ao mundo e, mais importante, \u00e0s pr\u00f3prias comunidades\u201d, concluiu.<\/p>\n\n\n\n<p>Com um aumento significativo nos \u00faltimos tr\u00eas anos nos investimentos para projetos deste tipo, a administra\u00e7\u00e3o promete dar continuidade ao trabalho que tem impactado positivamente a vida das pessoas e das comunidades.<\/p>\n","protected":false},"excerpt":{"rendered":"<p>In\u00eas Coito, com o seu fado, arrecadou o ouro do projeto \u201cTalentos do Bairro\u201d. Nos segundo e terceiro lugares do p\u00f3dio, ficaram o grupo de jovens Projeto Dan\u00e7a e o rapper Don Fran, respetivamente.<\/p>\n","protected":false},"author":29,"featured_media":907,"comment_status":"closed","ping_status":"closed","sticky":false,"template":"","format":"standard","meta":{"footnotes":""},"categories":[25],"tags":[78,40,46,58,37,43,52,49,55,31],"class_list":["post-895","post","type-post","status-publish","format-standard","has-post-thumbnail","hentry","category-conteudos","tag-1a-edicao","tag-carlos-moedas","tag-don-fran","tag-fernando-angeleu","tag-final","tag-ines-coito","tag-ll-groove","tag-projeto-danca","tag-sara-santos","tag-talentos-do-bairro"],"_links":{"self":[{"href":"https:\/\/bs.xl.pt\/talentos-do-bairro\/wp-json\/wp\/v2\/posts\/895","targetHints":{"allow":["GET"]}}],"collection":[{"href":"https:\/\/bs.xl.pt\/talentos-do-bairro\/wp-json\/wp\/v2\/posts"}],"about":[{"href":"https:\/\/bs.xl.pt\/talentos-do-bairro\/wp-json\/wp\/v2\/types\/post"}],"author":[{"embeddable":true,"href":"https:\/\/bs.xl.pt\/talentos-do-bairro\/wp-json\/wp\/v2\/users\/29"}],"replies":[{"embeddable":true,"href":"https:\/\/bs.xl.pt\/talentos-do-bairro\/wp-json\/wp\/v2\/comments?post=895"}],"version-history":[{"count":16,"href":"https:\/\/bs.xl.pt\/talentos-do-bairro\/wp-json\/wp\/v2\/posts\/895\/revisions"}],"predecessor-version":[{"id":976,"href":"https:\/\/bs.xl.pt\/talentos-do-bairro\/wp-json\/wp\/v2\/posts\/895\/revisions\/976"}],"wp:featuredmedia":[{"embeddable":true,"href":"https:\/\/bs.xl.pt\/talentos-do-bairro\/wp-json\/wp\/v2\/media\/907"}],"wp:attachment":[{"href":"https:\/\/bs.xl.pt\/talentos-do-bairro\/wp-json\/wp\/v2\/media?parent=895"}],"wp:term":[{"taxonomy":"category","embeddable":true,"href":"https:\/\/bs.xl.pt\/talentos-do-bairro\/wp-json\/wp\/v2\/categories?post=895"},{"taxonomy":"post_tag","embeddable":true,"href":"https:\/\/bs.xl.pt\/talentos-do-bairro\/wp-json\/wp\/v2\/tags?post=895"}],"curies":[{"name":"wp","href":"https:\/\/api.w.org\/{rel}","templated":true}]}}