{"id":2604,"date":"2025-06-06T10:28:39","date_gmt":"2025-06-06T09:28:39","guid":{"rendered":"https:\/\/bs.xl.pt\/tranquilidade-pme-sustentavel\/?p=2604"},"modified":"2025-06-09T11:29:40","modified_gmt":"2025-06-09T10:29:40","slug":"video-encerrou-a-3a-edicao-do-sme-enterprize","status":"publish","type":"post","link":"https:\/\/bs.xl.pt\/tranquilidade-pme-sustentavel\/cobertura\/video-encerrou-a-3a-edicao-do-sme-enterprize\/","title":{"rendered":"V\u00eddeo: Encerrou a 3\u00aa edi\u00e7\u00e3o do SME EnterPRIZE"},"content":{"rendered":"\n<p>Reveja a rubrica especial no Manh\u00e3 CM, que contou com a presen\u00e7a de Nazar\u00e9 Carvalho, da Comunica\u00e7\u00e3o Corporativa da Generali Tranquilidade, e de C\u00e9sar Henriques, CEO da EcoX \u2013 a PME vencedora desta edi\u00e7\u00e3o. Em conjunto, fizeram o balan\u00e7o desta 3.\u00aa edi\u00e7\u00e3o e sublinharam a import\u00e2ncia do SME EnterPRIZE na valoriza\u00e7\u00e3o de pr\u00e1ticas sustent\u00e1veis e no reconhecimento do impacto positivo das PME no mundo empresarial.<\/p>\n\n\n<div class=\"uk-margin-medium\"><iframe width=\"1280\" height=\"720\" src=\"\/\/www.youtube.com\/embed\/M3WCbUrPXHM?showinfo=0\" frameborder=\"0\" allowfullscreen data-uk-responsive loading=\"lazy\" referrerpolicy=\"no-referrer-when-downgrade\" title=\"\"><\/iframe><\/div>\n","protected":false},"excerpt":{"rendered":"<p>C\u00e9sar Henriques e Nazar\u00e9 Carvalho foram convidados do Manh\u00e3 CM para fazer o balan\u00e7o da ida a Bruxelas.<\/p>\n","protected":false},"author":29,"featured_media":2607,"comment_status":"closed","ping_status":"closed","sticky":false,"template":"","format":"standard","meta":{"footnotes":""},"categories":[38,4],"tags":[40],"class_list":["post-2604","post","type-post","status-publish","format-standard","has-post-thumbnail","hentry","category-3a-edicao","category-cobertura","tag-3a-edicao"],"_links":{"self":[{"href":"https:\/\/bs.xl.pt\/tranquilidade-pme-sustentavel\/wp-json\/wp\/v2\/posts\/2604","targetHints":{"allow":["GET"]}}],"collection":[{"href":"https:\/\/bs.xl.pt\/tranquilidade-pme-sustentavel\/wp-json\/wp\/v2\/posts"}],"about":[{"href":"https:\/\/bs.xl.pt\/tranquilidade-pme-sustentavel\/wp-json\/wp\/v2\/types\/post"}],"author":[{"embeddable":true,"href":"https:\/\/bs.xl.pt\/tranquilidade-pme-sustentavel\/wp-json\/wp\/v2\/users\/29"}],"replies":[{"embeddable":true,"href":"https:\/\/bs.xl.pt\/tranquilidade-pme-sustentavel\/wp-json\/wp\/v2\/comments?post=2604"}],"version-history":[{"count":1,"href":"https:\/\/bs.xl.pt\/tranquilidade-pme-sustentavel\/wp-json\/wp\/v2\/posts\/2604\/revisions"}],"predecessor-version":[{"id":2610,"href":"https:\/\/bs.xl.pt\/tranquilidade-pme-sustentavel\/wp-json\/wp\/v2\/posts\/2604\/revisions\/2610"}],"wp:featuredmedia":[{"embeddable":true,"href":"https:\/\/bs.xl.pt\/tranquilidade-pme-sustentavel\/wp-json\/wp\/v2\/media\/2607"}],"wp:attachment":[{"href":"https:\/\/bs.xl.pt\/tranquilidade-pme-sustentavel\/wp-json\/wp\/v2\/media?parent=2604"}],"wp:term":[{"taxonomy":"category","embeddable":true,"href":"https:\/\/bs.xl.pt\/tranquilidade-pme-sustentavel\/wp-json\/wp\/v2\/categories?post=2604"},{"taxonomy":"post_tag","embeddable":true,"href":"https:\/\/bs.xl.pt\/tranquilidade-pme-sustentavel\/wp-json\/wp\/v2\/tags?post=2604"}],"curies":[{"name":"wp","href":"https:\/\/api.w.org\/{rel}","templated":true}]}}