{"id":535,"date":"2023-03-15T09:52:01","date_gmt":"2023-03-15T09:52:01","guid":{"rendered":"https:\/\/bs.xl.pt\/transformar-vidas\/?p=535"},"modified":"2023-03-15T09:52:01","modified_gmt":"2023-03-15T09:52:01","slug":"o-cafe-da-alegria-transforma-vidas","status":"publish","type":"post","link":"https:\/\/bs.xl.pt\/transformar-vidas\/inclusao-social\/o-cafe-da-alegria-transforma-vidas\/","title":{"rendered":"&#8220;O caf\u00e9 da alegria transforma vidas&#8221;"},"content":{"rendered":"\n<p>Na Cal\u00e7ada da Estrela n\u00famero 26, em Lisboa, encontramos o Caf\u00e9 Joyeux, que abriu portas em 2021 a defender a \u201ctroca de olhares com a diferen\u00e7a\u201d. Importado de Fran\u00e7a, o conceito rapidamente se tornou um sucesso em Portugal. \u00c9 um espa\u00e7o onde colaboradores com trissomia 21 e outras perturba\u00e7\u00f5es cognitivas t\u00eam a oportunidade de trabalhar e ser valorizados.<\/p>\n\n\n\n<p>Dois anos depois, o Caf\u00e9 Joyeux est\u00e1 quase a inaugurar o terceiro estabelecimento e continua a formar e a empregar talentosos colaboradores, enquanto promove a inclus\u00e3o social.<\/p>\n\n\n<div class=\"uk-margin-medium\"><iframe width=\"1280\" height=\"720\" src=\"\/\/www.youtube.com\/embed\/QeXSCDJqUr4?showinfo=0\" frameborder=\"0\" allowfullscreen data-uk-responsive loading=\"lazy\" referrerpolicy=\"no-referrer-when-downgrade\" title=\"\"><\/iframe><\/div>\n\n\n\n<h3 class=\"wp-block-heading\"><strong>Caf\u00e9 Joyeux \u201ccom todos\u201d<\/strong><strong><\/strong><\/h3>\n\n\n\n<p>Este projeto inclusivo e aberto ao p\u00fablico, em geral, chegou a Portugal com a miss\u00e3o de aumentar a forma\u00e7\u00e3o e a empregabilidade de pessoas com dificuldades intelectuais e de desenvolvimento, como a trissomia 21 e perturba\u00e7\u00f5es do espectro do autismo, entre outras. Como nos diz Filipa Pinto Coelho, \u201co conceito de qualidade, centralidade e inclus\u00e3o tornam-no um projeto \u00fanico no nosso pa\u00eds\u201d.<\/p>\n\n\n\n<p>Desde a abertura do caf\u00e9, a resposta do p\u00fablico tem sido muito positiva. \u201cO feedback tem sido fant\u00e1stico a todos os n\u00edveis, porque \u00e9 uma porta aberta para um espa\u00e7o muito agrad\u00e1vel que proporciona um servi\u00e7o com o cora\u00e7\u00e3o, produtos de qualidade e uma simpatia natural\u201d.<\/p>\n\n\n<div class=\"uk-inline\"><img decoding=\"async\" src=\"https:\/\/cdn.xl.pt\/bs\/uploads\/sites\/127\/2023\/03\/filipapintocoelho-1200x630.jpg\" alt=\"&#8220;O caf\u00e9 da alegria transforma vidas&#8221; | Transformar Vidas\" loading=\"lazy\" \/><\/div><p class=\"uk-hidden@s uk-text-small uk-text-muted uk-margin-small-top uk-margin-medium-bottom uk-text-left\"><\/p>\n\n\n\n<p>Para levar a sua miss\u00e3o ainda mais longe, o projeto oferece servi\u00e7os complementares como os caterings para empresas ou as op\u00e7\u00f5es de produtos de oferta. Atualmente, tem tamb\u00e9m um servi\u00e7o de gr\u00e3os e c\u00e1psulas de caf\u00e9 solid\u00e1rias.<\/p>\n\n\n\n<p>Tudo o que se vende no Caf\u00e9 Joyeux vai contribuir para abrir mais estabelecimentos da marca e criar mais postos de trabalho. Esta \u00e9, sem d\u00favida, uma iniciativa <em>win-win<\/em>: para os colaboradores, para as empresas e para todos os clientes \u2013 ou convivas, como s\u00e3o carinhosamente apelidados \u2013 que vivem ali bons momentos e se sentem protagonistas desta mudan\u00e7a positiva de paradigma.<\/p>\n\n\n\n<h3 class=\"wp-block-heading\"><strong>Uma energia contagiante<\/strong><\/h3>\n\n\n\n<p>A alegria da equipa reflete o esp\u00edrito e a miss\u00e3o do Caf\u00e9 Joyeux, representados pela luminosa cor amarela que \u00e9 a sua imagem de marca. Al\u00e9m de uma boa equipa, formou-se uma esp\u00e9cie de fam\u00edlia, onde todos se ajudam uns aos outros. Uma energia \u00fanica que \u00e9 transmitida para quem visita o espa\u00e7o.<\/p>\n\n\n<div class=\"uk-inline\"><img decoding=\"async\" src=\"https:\/\/cdn.xl.pt\/bs\/uploads\/sites\/127\/2023\/03\/cafealegria-1200x630.jpg\" alt=\"&#8220;O caf\u00e9 da alegria transforma vidas&#8221; | Transformar Vidas\" loading=\"lazy\" \/><\/div><p class=\"uk-hidden@s uk-text-small uk-text-muted uk-margin-small-top uk-margin-medium-bottom uk-text-left\"><\/p>\n\n\n\n<p>David, um dos colaboradores, com 28 anos e mestre no atendimento ao cliente, explica a sua motiva\u00e7\u00e3o: \u201cA minha maior satisfa\u00e7\u00e3o \u00e9 que os clientes se sintam em casa, voltem e que os colegas gostem do meu trabalho\u201d. E prossegue: \u201cEspero trabalhar no Caf\u00e9 Joyeux durante muitos anos. Sou mais feliz agora. Estamos aqui para servir com o cora\u00e7\u00e3o.\u201d<\/p>\n\n\n\n<p>Jos\u00e9, outro colaborador do Caf\u00e9 Joyeux, com 25 anos, passou da cozinha para a sala e tamb\u00e9m gosta de trabalhar nos eventos e no catering. Sorridente, enaltece a alegria e a import\u00e2ncia deste projeto para a sua vida: \u201cNas fases boas e m\u00e1s eles ajudaram-me sempre e puxaram por mim. Vim para aqui ser \u201cjoyeux\u201d, que \u00e9 fazer os clientes sentirem-se bem, felizes e em casa. Consigo fazer o meu trabalho com alegria.\u201d<\/p>\n\n\n\n<h3 class=\"wp-block-heading\"><strong>\u201cSomos empres\u00e1rios em nome de uma miss\u00e3o\u201d<\/strong><\/h3>\n\n\n\n<p>Muitos dos obst\u00e1culos \u00e0 integra\u00e7\u00e3o destes jovens est\u00e3o relacionados com a falta de oportunidades. A verdade \u00e9 que contrat\u00e1-los \u201cn\u00e3o se trata de um sinal de solidariedade social, mas um sinal de intelig\u00eancia\u201d, observa Filipa Pinto Coelho.<\/p>\n\n\n\n<p>Estamos a falar de pessoas que, vivendo com uma perturba\u00e7\u00e3o do desenvolvimento intelectual, t\u00eam uma capacidade real para trabalhar e podem ser \u00fateis a v\u00e1rios n\u00edveis, numa equipa e nas empresas. Nesse sentido, \u201cem vez de falar das dificuldades que existem, estamos a falar de capacidades, estamos a falar de talentos\u201d.<\/p>\n\n\n\n<p>A integra\u00e7\u00e3o dessas pessoas valoriza as suas capacidades e a sua import\u00e2ncia na sociedade, acrescentando mais valor \u00e0s empresas que as contratam. Essa \u00e9 a for\u00e7a inspiradora do projeto, que tem como objetivo responder a um espa\u00e7o deixado vazio pela sociedade.<\/p>\n\n\n\n<p>\u201cLan\u00e7ar um Caf\u00e9 Joyeux \u00e9 um desafio porque temos de investir, mas \u00e9 uma boa resposta e d\u00e1 o exemplo. Temos esperan\u00e7a que apare\u00e7am mais e mais projetos a beber desta experi\u00eancia e a fazer dela uma realidade de n\u00e3o exclus\u00e3o &#8211; em vez de inclus\u00e3o. N\u00f3s queremos que n\u00e3o se exclua, ao come\u00e7armos a falar de n\u00e3o exclus\u00e3o estamos no caminho certo\u201d.<\/p>\n\n\n\n<h3 class=\"wp-block-heading\"><strong>Caf\u00e9 Joyeux &amp; Funda\u00e7\u00e3o Santander<\/strong><\/h3>\n\n\n\n<p>A Funda\u00e7\u00e3o Santander Portugal esteve presente no Caf\u00e9 Joyeux desde o projeto piloto Caf\u00e9 com Vida. \u201cFoi a Funda\u00e7\u00e3o Santander Portugal que nos atribuiu o nosso primeiro pr\u00e9mio. Desde o in\u00edcio at\u00e9 hoje, continua ao nosso lado. \u00c9 muito bom para n\u00f3s ter um parceiro que acredita connosco e nos faz crescer\u201d, destaca a presidente da Dire\u00e7\u00e3o da Associa\u00e7\u00e3o VilacomVida.<\/p>\n\n\n\n<h3 class=\"wp-block-heading\"><strong>A expans\u00e3o do Caf\u00e9 Joyeux<\/strong><\/h3>\n\n\n\n<p>O projeto tem vindo a multiplicar-se e com ele os postos de trabalho. Al\u00e9m do caf\u00e9 de S\u00e3o Bento, que emprega seis colaboradores, outros em forma\u00e7\u00e3o e v\u00e1rios potenciais, j\u00e1 existe outro Caf\u00e9 Joyeux no Edif\u00edcio da Ageas Seguros Portugal, em Lisboa, onde est\u00e3o sete colaboradores \u2013 e, em breve ser\u00e3o oito. Num curto espa\u00e7o de tempo, ser\u00e3o contratados entre 12 a 14 jovens para o novo espa\u00e7o que vai abrir em Cascais.<\/p>\n\n\n\n<p>O modelo de forma\u00e7\u00e3o inclusiva, com processos criados para facilitar a aprendizagem e o processo de autoestima, \u00e9 uma das raz\u00f5es para o Caf\u00e9 Joyeux estar mais preparado para contratar um maior n\u00famero de pessoas com dificuldades intelectuais do que outros estabelecimentos. Todavia, \u201cse cada caf\u00e9, restaurante ou empresa deste pa\u00eds tivesse pelo menos uma pessoa contratada com estas dificuldades a mostrar que \u00e9 capaz, j\u00e1 ter\u00edamos feito um caminho excecional\u201d, afirma Filipa Pinto Coelho. \u201cQuanto a n\u00f3s, temos essa miss\u00e3o e vamos atr\u00e1s dela at\u00e9 ao fim.\u201d<\/p>\n\n\n\n<p>O futuro ser\u00e1 a expans\u00e3o da rede Joyeux em Portugal. \u201cRecebemos cada vez mais pedidos de fam\u00edlias \u2013 as pessoas sentem-se mais desafiadas a dizer \u2018sim, eu sou capaz\u2019, \u2018o meu filho pode ter um trabalho\u2019, \u2018aqui vai fazer um caminho\u2019 \u2013 e dos pr\u00f3prios parceiros que trabalham connosco\u201d, afirma a l\u00edder do projeto.<\/p>\n\n\n<\/div><div class=\"featured-box-container uk-container uk-margin-medium\"><div data-uk-grid class=\"featured-box uk-card uk-grid-collapse uk-margin\"><div class=\"uk-width-1-1\"><div class=\"uk-card-body\"><h3 class=\"uk-card-title\">Um projeto inovador e sustent\u00e1vel<\/h3>\u201cO nosso objetivo \u00e9 conseguir pagar os custos desta opera\u00e7\u00e3o atrav\u00e9s da venda dos nossos produtos e servi\u00e7os: catering, merchandising, refei\u00e7\u00f5es, caf\u00e9 solid\u00e1rio em gr\u00e3os e c\u00e1psulas. Todavia, existe a componente de forma\u00e7\u00e3o, porque apostamos em pessoas que saem da escola e que precisam de adquirir uma s\u00e9rie de conhecimentos, soft skills e compet\u00eancias t\u00e9cnicas para poderem ser colaboradores polivalentes no setor da restaura\u00e7\u00e3o\u201d, afirma Filipa Pinto Coelho. <\/p>\n<p>\u201cEste \u00e9 um modelo que exige expertise t\u00e9cnico, para que possam fazer aulas te\u00f3ricas, al\u00e9m da forma\u00e7\u00e3o pr\u00e1tica em contexto de trabalho\u201d, acrescenta. O projeto \u00e9 sustent\u00e1vel: \u201cO investimento social que angariamos ajuda-nos a fazer face a esta componente da forma\u00e7\u00e3o, enquanto o lado operacional paga a renda, os sal\u00e1rios, as m\u00e1quinas, as mat\u00e9rias-primas dos produtos que compramos, \u00e1gua e eletricidade\u201d.<\/p>\n<p>Uma gest\u00e3o que est\u00e1 no bom caminho. \u201cNo Caf\u00e9 de S\u00e3o Bento, j\u00e1 houve muitos meses em que n\u00e3o precis\u00e1mos de apoio do investimento social da associa\u00e7\u00e3o Vila comVida, que \u00e9 quem det\u00e9m este neg\u00f3cio\u201d, conclui.<\/div><\/div><\/div><\/div><div class=\"uk-container uk-container-small\">\n\n\n<\/div><div class=\"featured-box-container uk-container uk-margin-medium\"><div data-uk-grid class=\"featured-box uk-card uk-grid-collapse uk-margin\"><div class=\"uk-width-1-1\"><div class=\"uk-card-body\"><h3 class=\"uk-card-title\">Um caf\u00e9 como nenhum outro<\/h3>A marca Caf\u00e9 Joyeux est\u00e1 dispon\u00edvel em gr\u00e3os e c\u00e1psulas no espa\u00e7o de S\u00e3o Bento. Produzido nacionalmente, conta com cinco combina\u00e7\u00f5es diferentes e em breve ser\u00e1 lan\u00e7ado o biol\u00f3gico. Para ajudar a tornar este projeto (ainda) mais sustent\u00e1vel e para o fazer crescer, fica o alerta para as empresas no sentido de aderirem a este caf\u00e9 de sabor incompar\u00e1vel. <\/div><\/div><\/div><\/div><div class=\"uk-container uk-container-small\">\n\n\n<\/div><div class=\"featured-box-container uk-container uk-margin-medium\"><div data-uk-grid class=\"featured-box uk-card uk-grid-collapse uk-margin\"><div class=\"uk-width-1-1\"><div class=\"uk-card-body\"><h3 class=\"uk-card-title\">A Funda\u00e7\u00e3o<\/h3>Ao apoiar diversas iniciativas e programas que promovem a cultura, a equidade social e a educa\u00e7\u00e3o como ferramenta de desenvolvimento social, a Funda\u00e7\u00e3o Santander Portugal investe no futuro de Portugal, promovendo uma sociedade mais desenvolvida, justa, inclusiva e sustent\u00e1vel. <\/div><\/div><\/div><\/div><div class=\"uk-container uk-container-small\">\n\n\n<\/div><div class=\"featured-box-container uk-container uk-margin-medium\"><div data-uk-grid class=\"featured-box uk-card uk-grid-collapse uk-margin\"><div class=\"uk-width-1-1\"><div class=\"uk-card-body\"><h3 class=\"uk-card-title\">O projeto<\/h3>No \u00e2mbito do projeto Transformar Vidas, em parceria com o Correio da Manh\u00e3, Sara Santos vai ao encontro de pessoas que mudaram as suas vidas gra\u00e7as ao contributo da Funda\u00e7\u00e3o Santander Portugal. <\/div><\/div><\/div><\/div><div class=\"uk-container uk-container-small\">\n\n\n\n<p><\/p>\n\n\n\n<p><\/p>\n\n\n\n<p><\/p>\n\n\n\n<p><\/p>\n","protected":false},"excerpt":{"rendered":"<p>O Caf\u00e9 Joyeux \u00e9 um espa\u00e7o \u00fanico no Pa\u00eds que emprega colaboradores com dificuldades cognitivas. Liderado por Filipa Pinto Coelho, presidente da Dire\u00e7\u00e3o da Associa\u00e7\u00e3o VilacomVida, conta com o apoio da Funda\u00e7\u00e3o Santander Portugal. Durante a nossa visita, conhecemos David e Jos\u00e9, dois colaboradores que se sentem realizados por fazer parte do projeto.<\/p>\n","protected":false},"author":29,"featured_media":553,"comment_status":"closed","ping_status":"closed","sticky":false,"template":"","format":"standard","meta":{"footnotes":""},"categories":[13],"tags":[40,34,43,37,16,19],"class_list":["post-535","post","type-post","status-publish","format-standard","has-post-thumbnail","hentry","category-inclusao-social","tag-associacao-vilacomvida","tag-cafe-joyeux","tag-filipa-pinto-coelho","tag-fundacao-santander-portugal","tag-santander","tag-transformar-vidas"],"_links":{"self":[{"href":"https:\/\/bs.xl.pt\/transformar-vidas\/wp-json\/wp\/v2\/posts\/535","targetHints":{"allow":["GET"]}}],"collection":[{"href":"https:\/\/bs.xl.pt\/transformar-vidas\/wp-json\/wp\/v2\/posts"}],"about":[{"href":"https:\/\/bs.xl.pt\/transformar-vidas\/wp-json\/wp\/v2\/types\/post"}],"author":[{"embeddable":true,"href":"https:\/\/bs.xl.pt\/transformar-vidas\/wp-json\/wp\/v2\/users\/29"}],"replies":[{"embeddable":true,"href":"https:\/\/bs.xl.pt\/transformar-vidas\/wp-json\/wp\/v2\/comments?post=535"}],"version-history":[{"count":11,"href":"https:\/\/bs.xl.pt\/transformar-vidas\/wp-json\/wp\/v2\/posts\/535\/revisions"}],"predecessor-version":[{"id":586,"href":"https:\/\/bs.xl.pt\/transformar-vidas\/wp-json\/wp\/v2\/posts\/535\/revisions\/586"}],"wp:featuredmedia":[{"embeddable":true,"href":"https:\/\/bs.xl.pt\/transformar-vidas\/wp-json\/wp\/v2\/media\/553"}],"wp:attachment":[{"href":"https:\/\/bs.xl.pt\/transformar-vidas\/wp-json\/wp\/v2\/media?parent=535"}],"wp:term":[{"taxonomy":"category","embeddable":true,"href":"https:\/\/bs.xl.pt\/transformar-vidas\/wp-json\/wp\/v2\/categories?post=535"},{"taxonomy":"post_tag","embeddable":true,"href":"https:\/\/bs.xl.pt\/transformar-vidas\/wp-json\/wp\/v2\/tags?post=535"}],"curies":[{"name":"wp","href":"https:\/\/api.w.org\/{rel}","templated":true}]}}