{"id":1,"date":"2025-02-28T11:22:04","date_gmt":"2025-02-28T11:22:04","guid":{"rendered":"https:\/\/bs.xl.pt\/uma-casa-um-futuro\/?p=1"},"modified":"2025-03-09T11:10:36","modified_gmt":"2025-03-09T11:10:36","slug":"trinta-anos-a-cuidar-dos-bairros-municipais-de-lisboa","status":"publish","type":"post","link":"https:\/\/bs.xl.pt\/uma-casa-um-futuro\/cobertura\/trinta-anos-a-cuidar-dos-bairros-municipais-de-lisboa\/","title":{"rendered":"Trinta anos a cuidar dos bairros municipais de Lisboa"},"content":{"rendered":"\n<p>A <strong>GEBALIS \u2013 Gest\u00e3o do Arrendamento da Habita\u00e7\u00e3o Municipal de Lisboa<\/strong> \u00e9 a empresa municipal respons\u00e1vel pela administra\u00e7\u00e3o e dinamiza\u00e7\u00e3o dos bairros municipais da cidade. Desde a sua cria\u00e7\u00e3o, em 1995, tem desempenhado um papel essencial na melhoria da qualidade de vida dos moradores, promovendo a reabilita\u00e7\u00e3o do parque habitacional, a inclus\u00e3o social e a proximidade com as comunidades locais.<\/p>\n\n\n\n<p>Em <strong>2025, a GEBALIS celebra 30 anos de exist\u00eancia<\/strong>, um marco que reflete tr\u00eas d\u00e9cadas de compromisso com a habita\u00e7\u00e3o p\u00fablica e a gest\u00e3o sustent\u00e1vel dos bairros municipais. Ao longo dos anos, a empresa tem evolu\u00eddo, adaptando-se aos desafios urbanos e sociais da cidade, sempre com o objetivo de garantir habita\u00e7\u00e3o digna e acess\u00edvel para milhares de lisboetas.<\/p>\n\n\n\n<p>Mais do que gerir edif\u00edcios, a empresa municipal aposta na <strong>dinamiza\u00e7\u00e3o social e comunit\u00e1ria<\/strong>, promovendo iniciativas que fortalecem o sentimento de perten\u00e7a e estimulam a participa\u00e7\u00e3o ativa dos moradores. Projetos de reabilita\u00e7\u00e3o urbana, efici\u00eancia energ\u00e9tica, inova\u00e7\u00e3o digital e inclus\u00e3o social s\u00e3o algumas das \u00e1reas estrat\u00e9gicas em que tem investido para tornar os bairros municipais mais sustent\u00e1veis e resilientes.<\/p>\n\n\n\n<p>No ano em que comemora o seu 30.\u00ba anivers\u00e1rio, a GEBALIS reafirma o seu compromisso com o futuro da habita\u00e7\u00e3o municipal em Lisboa. Com uma vis\u00e3o focada na sustentabilidade e na inova\u00e7\u00e3o, continuar\u00e1 a trabalhar para transformar os bairros municipais em espa\u00e7os cada vez mais inclusivos, modernos e preparados para os desafios das pr\u00f3ximas d\u00e9cadas.<\/p>\n","protected":false},"excerpt":{"rendered":"<p>A GEBALIS \u2013 Gest\u00e3o do Arrendamento da Habita\u00e7\u00e3o Municipal de Lisboa \u00e9 a empresa municipal respons\u00e1vel pela administra\u00e7\u00e3o e dinamiza\u00e7\u00e3o dos bairros municipais da cidade. Desde a sua cria\u00e7\u00e3o, em 1995, tem desempenhado um papel essencial na melhoria da qualidade de vida dos moradores, promovendo a reabilita\u00e7\u00e3o do parque habitacional, a inclus\u00e3o social e a [&hellip;]<\/p>\n","protected":false},"author":5,"featured_media":118,"comment_status":"closed","ping_status":"closed","sticky":false,"template":"","format":"standard","meta":{"footnotes":""},"categories":[10],"tags":[],"class_list":["post-1","post","type-post","status-publish","format-standard","has-post-thumbnail","hentry","category-cobertura"],"_links":{"self":[{"href":"https:\/\/bs.xl.pt\/uma-casa-um-futuro\/wp-json\/wp\/v2\/posts\/1","targetHints":{"allow":["GET"]}}],"collection":[{"href":"https:\/\/bs.xl.pt\/uma-casa-um-futuro\/wp-json\/wp\/v2\/posts"}],"about":[{"href":"https:\/\/bs.xl.pt\/uma-casa-um-futuro\/wp-json\/wp\/v2\/types\/post"}],"author":[{"embeddable":true,"href":"https:\/\/bs.xl.pt\/uma-casa-um-futuro\/wp-json\/wp\/v2\/users\/5"}],"replies":[{"embeddable":true,"href":"https:\/\/bs.xl.pt\/uma-casa-um-futuro\/wp-json\/wp\/v2\/comments?post=1"}],"version-history":[{"count":1,"href":"https:\/\/bs.xl.pt\/uma-casa-um-futuro\/wp-json\/wp\/v2\/posts\/1\/revisions"}],"predecessor-version":[{"id":115,"href":"https:\/\/bs.xl.pt\/uma-casa-um-futuro\/wp-json\/wp\/v2\/posts\/1\/revisions\/115"}],"wp:featuredmedia":[{"embeddable":true,"href":"https:\/\/bs.xl.pt\/uma-casa-um-futuro\/wp-json\/wp\/v2\/media\/118"}],"wp:attachment":[{"href":"https:\/\/bs.xl.pt\/uma-casa-um-futuro\/wp-json\/wp\/v2\/media?parent=1"}],"wp:term":[{"taxonomy":"category","embeddable":true,"href":"https:\/\/bs.xl.pt\/uma-casa-um-futuro\/wp-json\/wp\/v2\/categories?post=1"},{"taxonomy":"post_tag","embeddable":true,"href":"https:\/\/bs.xl.pt\/uma-casa-um-futuro\/wp-json\/wp\/v2\/tags?post=1"}],"curies":[{"name":"wp","href":"https:\/\/api.w.org\/{rel}","templated":true}]}}