{"id":256,"date":"2025-04-17T11:18:52","date_gmt":"2025-04-17T10:18:52","guid":{"rendered":"https:\/\/bs.xl.pt\/uma-casa-um-futuro\/?p=256"},"modified":"2025-04-17T11:18:53","modified_gmt":"2025-04-17T10:18:53","slug":"ha-um-grande-investimento-da-camara-na-reabilitacao-dos-bairros","status":"publish","type":"post","link":"https:\/\/bs.xl.pt\/uma-casa-um-futuro\/cobertura\/ha-um-grande-investimento-da-camara-na-reabilitacao-dos-bairros\/","title":{"rendered":"H\u00e1 um grande investimento da C\u00e2mara na reabilita\u00e7\u00e3o dos bairros"},"content":{"rendered":"\n<p>Os 150 milh\u00f5es de euros investidos na reabilita\u00e7\u00e3o da habita\u00e7\u00e3o municipal na capital foi o valor mais elevado, desde o Programa Especial de Realojamento (PER), que comemorou 30 anos em 2023. Al\u00e9m de constru\u00e7\u00e3o e reabilita\u00e7\u00e3o, os projetos comunit\u00e1rios nos bairros \u201ccresceram 700%\u201d. Os n\u00fameros s\u00e3o avan\u00e7ados por Fernando Angleu, presidente do Conselho de Administra\u00e7\u00e3o da Gebalis, no \u00faltimo epis\u00f3dio de \u201cUma Casa, um Futuro\u201d, no qual assegura tamb\u00e9m que a habita\u00e7\u00e3o \u201c\u00e9 um projeto inacabado\u201d porque \u201ch\u00e1 sempre coisas que s\u00e3o necess\u00e1rias fazer\u201d.<\/p>\n\n\n\n<p><strong>Nestes 30 anos<\/strong><strong>, de que forma<\/strong><strong> a empresa evoluiu e quais foram os grandes desafios pelos quais passou?<\/strong><strong><\/strong><\/p>\n\n\n\n<p>Hoje, a empresa est\u00e1 muito diferente. Neste momento, temos 270 colaboradores ativos, gerimos mais de 23 mil fra\u00e7\u00f5es, 12% da popula\u00e7\u00e3o de Lisboa vive nos bairros municipais e temos dez gabinetes de proximidade. Temos duas lojas de cidad\u00e3o, uma nova sede, investimos bastante na comunica\u00e7\u00e3o e melhor\u00e1mos as condi\u00e7\u00f5es de trabalho. Quem trabalha hoje na Gebalis tem condi\u00e7\u00f5es muito melhores para poder dar uma resposta mais eficiente a quem necessita, que s\u00e3o os moradores dos bairros municipais.<\/p>\n\n\n\n<p><strong>Que marcos destacaria nestas tr\u00ea<\/strong><strong>s d\u00e9<\/strong><strong>cadas? E quais foram os maiores obst\u00e1<\/strong><strong>culos? <\/strong><strong><\/strong><\/p>\n\n\n\n<p>Desde logo, n\u00e3o h\u00e1 habita\u00e7\u00e3o sem investimento. Houve algum tempo sem esse investimento, nomeadamente na recupera\u00e7\u00e3o do edificado, muito dele antigo. Felizmente, hoje temos um executivo em que a aposta municipal foi a habita\u00e7\u00e3o. Esse investimento \u00e9 superior a 150 milh\u00f5es de euros em tr\u00eas anos. Desde o PER [Programa Especial de Realojamento] &#8211; que comemorou 30 anos em 2023 &#8211; que n\u00e3o havia um investimento t\u00e3o grande na cidade de Lisboa.<\/p>\n\n\n\n<p><strong>Os programas de reabilita\u00e7\u00e3o urbana t\u00eam sido um dos pilares de atua\u00e7\u00e3o da Gebalis. Quantos fogos e lotes foram requalificados nos \u00faltimos anos e que impacto este investimento tem na qualidade de vida dos moradores?<\/strong><strong><\/strong><\/p>\n\n\n\n<p>A Gebalis tem uma gest\u00e3o de cerca de 2500 edif\u00edcios. Nestes \u00faltimos tr\u00eas anos, o programa Morar Melhor recuperou mais de 400 edif\u00edcios, mais de 7 mil fra\u00e7\u00f5es de forma indireta. E vamos recuperar 1810 casas, fogos devolutos, diretamente. Estamos a falar de uma interven\u00e7\u00e3o em cerca de duas casas por dia \u00fatil, nos \u00faltimos tr\u00eas anos. A ideia \u00e9 reabilitar o parque edificado que estava muito degradado.<\/p>\n\n\n\n<p>T\u00ednhamos decidido tr\u00eas grandes eixos para este mandato: a recupera\u00e7\u00e3o das casas devolutas \u2013 as tais 1800, que esperamos terminar em 2025 \u2013; a repara\u00e7\u00e3o de edificado que estava muito estragado; e a quest\u00e3o dos elevadores que \u00e9 um problema muito grande. Temos 1.210 elevadores com uma manuten\u00e7\u00e3o dif\u00edcil porque estiveram muitos anos sem investimento. Neste mandato, estamos a investir cerca de 14 milh\u00f5es de euros em elevadores \u2013 o dobro do \u00faltimo mandato \u2013 e mesmo assim temos problemas. Tamb\u00e9m temos muitos casos de vandalismo e isso causa-nos um transtorno maior. H\u00e1 necessidades que tentamos suprimir, mas nem sempre conseguimos porque a dimens\u00e3o \u00e9 muito grande. Entre 2013 e 2022, criaram-se cerca de 12 elevadores novos nos bairros municipais. N\u00f3s, nestes tr\u00eas anos, j\u00e1 cri\u00e1mos 40 elevadores novos, al\u00e9m da recupera\u00e7\u00e3o de todo o parque dos elevadores que existe no edificado de Lisboa.<\/p>\n\n\n\n<p><strong>De que maneira estes atos de vandalismo bloqueiam o vosso trabalho?<\/strong><strong><\/strong><\/p>\n\n\n\n<p>\u00c9 sobretudo o transtorno para quem l\u00e1 vive. Muitas vezes, s\u00e3o pessoas com grande dificuldade de mobilidade, pessoas mais velhas\u2026 E n\u00f3s somos incapazes, por vezes, de dar resposta a tudo em tempo \u00fatil, porque se estamos a arranjar hoje e s\u00e3o estragados amanh\u00e3, n\u00e3o h\u00e1 manuten\u00e7\u00e3o que resista. Temos mais de 500 queixas-crime entregues \u00e0s autoridades e estamos a fazer esse trabalho com as for\u00e7as de seguran\u00e7a, a quem agrade\u00e7o todo o trabalho que t\u00eam desenvolvido junto da Gebalis.<\/p>\n\n\n\n<p><strong>E o que <\/strong><strong>\u00e9 <\/strong><strong>que est<\/strong><strong>\u00e1 por fazer?<\/strong><strong><\/strong><\/p>\n\n\n\n<p>O projeto da Gebalis \u00e9 um projeto inacabado. 65 mil pessoas e 23 mil casas \u2013 h\u00e1 sempre coisas que s\u00e3o necess\u00e1rias fazer. Neste programa \u201cMorar Melhor\u201d, fizemos uma recupera\u00e7\u00e3o grande do edificado no seu todo. Depois teremos uma segunda fase com a reabilita\u00e7\u00e3o dos fogos titulados. Temos planeado um grande investimento na habita\u00e7\u00e3o em Lisboa at\u00e9 2030 e, seguramente, que o acionista C\u00e2mara Municipal vai acompanhar-nos.<\/p>\n\n\n\n<p><strong>Al<\/strong><strong>\u00e9<\/strong><strong>m da gest\u00e3<\/strong><strong>o habitacional, a <\/strong><strong>Gebalis <\/strong><strong>tamb<\/strong><strong>\u00e9<\/strong><strong>m tem uma forte componente social. Que projetos foram implementados para promover a inclus\u00e3o e o desenvolvimento comunita<\/strong><strong>rio?<\/strong><strong><\/strong><\/p>\n\n\n\n<p>O nosso foco s\u00e3o \u2013 e sempre foram \u2013 as pessoas. Crescemos nos projetos comunit\u00e1rios mais 700% do que no passado recente. A casa digna \u00e9 o mais importante para come\u00e7ar uma vida, mas n\u00e3o \u00e9 o suficiente. Muitas vezes basta um telefonema: o combate \u00e0 solid\u00e3o, \u00e0 literacia financeira, \u00e0 literacia energ\u00e9tica\u2026 Valorizar o que tanto existe nos bairros e que \u00e9 t\u00e3o bom.<\/p>\n\n\n<blockquote class=\"uk-margin-medium\"><span uk-icon=\"icon: quote-right; ratio: 4.0\"><\/span><h3 class=\"uk-margin-top uk-margin-small-bottom\">Como o engenheiro Carlos Moedas disse, em tr\u00eas anos j\u00e1 ajudamos mais de 3500 fam\u00edlias, ou com casas que foram constru\u00eddas e reabilitadas ou com a ajuda \u00e0s fam\u00edlias no pagamento das rendas.<\/h3><footer><cite>Fernando Angleu, presidente do Conselho de Administra\u00e7\u00e3o da Gebalis<\/cite><\/footer><\/blockquote>\n\n\n\n<p><strong>H\u00e1 casos de sucesso de programas vossos? <\/strong><strong><\/strong><\/p>\n\n\n\n<p>H\u00e1 v\u00e1rios, felizmente. No ano passado, lan\u00e7\u00e1mos os \u201cTalentos do Bairro\u201d em que tivemos 130 participantes formid\u00e1veis. A segunda edi\u00e7\u00e3o foi apresentada recentemente pelo engenheiro Carlos Moedas, que tem um carinho muito grande pelos bairros municipais. \u00c9 uma parceria que tamb\u00e9m temos com a Medialivre. Esperamos que seja o mesmo sucesso que foi no ano passado, com mais de 130 participantes, quatro sess\u00f5es preparat\u00f3rias, uma grande final no Capit\u00f3lio e, este ano, ser\u00e1 no dia 6 de dezembro com uma transmiss\u00e3o em direto na CMTV.<\/p>\n\n\n\n<p>A vencedora do ano passado, a In\u00eas Coito, que \u00e9 de Marvila, n\u00e3o queria inscrever-se. Fadista, com uma voz extraordin\u00e1ria. Daqui a uns anos, vamos ver estes cantores de sucesso que nasceram dos \u201cTalentos do Bairro\u201d da Gebalis. Quem quiser vir participar com o seu talento, seja ele qual for, venha at\u00e9 n\u00f3s. N\u00e3o tenham problemas, estamos c\u00e1 para o abra\u00e7ar, seja quem for! Dos oito aos 80, tem a porta aberta nos \u201cTalentos do Bairro\u201d.<\/p>\n\n\n\n<p>Este ano, tamb\u00e9m j\u00e1 come\u00e7ou a segunda edi\u00e7\u00e3o do \u201cBora Mexer\u201d, que \u00e9 um projeto em parceria com o Record, para combater a falta de desporto, o isolamento e dar voz \u00e0s pessoas nessa \u00e1rea do exerc\u00edcio f\u00edsico, com grandes embaixadores conhecidos e oriundos dos bairros. No ano passado, tivemos 1200 participantes em dez bairros. Queremos dar igualdade de oportunidades a estas pessoas. Virem combater a solid\u00e3o, o isolamento, fazer exerc\u00edcio f\u00edsico, conviver. E, no meio desta conviv\u00eancia e deste exerc\u00edcio, fazem as suas queixas, dizem-nos os seus problemas. N\u00e3o \u00e9 preciso ser morador dos bairros, todos os lisboetas est\u00e3o convidados a participar no \u201cBora Mexer\u201d.<\/p>\n\n\n\n<p><strong>C<\/strong><strong>omo <\/strong><strong>\u00e9 <\/strong><strong>que a Gebalis trabalha a seguran\u00e7<\/strong><strong>a e a conviv<\/strong><strong>\u00eancia nos bairros municipais?<\/strong><strong><\/strong><\/p>\n\n\n\n<p>A inseguran\u00e7a nos bairros \u00e9 igual \u00e0 inseguran\u00e7a no resto da cidade. N\u00e3o h\u00e1 mais inseguran\u00e7a nos bairros municipais. Tamb\u00e9m h\u00e1 vandalismo, tamb\u00e9m h\u00e1 problemas de criminalidade nos outros lados da cidade.<\/p>\n\n\n\n<p>Trabalhamos de perto com as for\u00e7as de seguran\u00e7a, com as juntas de freguesia, com a Santa Casa da Miseric\u00f3rdia, com a Prote\u00e7\u00e3o Civil e sobretudo com as pessoas, com as associa\u00e7\u00f5es do bairro, com os GABIP [Gabinete de Apoio a Bairro de Interven\u00e7\u00e3o Priorit\u00e1ria] que cri\u00e1mos\u2026 Tudo isto s\u00e3o fontes de trabalho comunit\u00e1rio que evitam esse problema da seguran\u00e7a. A recupera\u00e7\u00e3o do edificado tamb\u00e9m. Quando se fala da seguran\u00e7a n\u00e3o se pode falar s\u00f3 da seguran\u00e7a per se, h\u00e1 um conjunto de atividades que \u00e9 preciso desenvolver.<\/p>\n\n\n\n<p><strong>De que modo articulam esse trabalho com as outras entidades, desde as for\u00e7as de seguran\u00e7a e organiza\u00e7\u00f5es da sociedade civil?<\/strong><strong><\/strong><\/p>\n\n\n\n<p>O estigma de que os bairros s\u00e3o inseguros combate-se com a verdade. E a verdade \u00e9 dizer que n\u00e3o s\u00e3o. A grande maioria das pessoas que mora nos bairros sociais s\u00e3o pessoas de bem. \u00c9 preciso olhar para estes bairros com outros olhos.<\/p>\n\n\n\n<p>Temos, por exemplo, os \u201cLotes ComVida\u201d, que \u00e9 um projeto em que ajudamos as pessoas dos lotes a recuperarem o pr\u00f3prio lote. S\u00e3o mais de 300 lotes, mais de 25 bairros e h\u00e1 uma inclus\u00e3o, uma participa\u00e7\u00e3o de todos. \u00c0s vezes, pode haver m\u00e1 comunica\u00e7\u00e3o, mas estamos a melhorar tamb\u00e9m esse ponto e esperamos que brevemente estes 300 sejam 500.<\/p>\n\n\n\n<p><strong>F<\/strong><strong>alando<\/strong><strong> da digitaliza\u00e7\u00e3<\/strong><strong>o, h<\/strong><strong>\u00e1 planos para modernizar os processos administrativos? <\/strong><strong><\/strong><\/p>\n\n\n\n<p>N\u00f3s investimos muito na comunica\u00e7\u00e3o, na proximidade. Porqu\u00ea? Porque o tempo das pessoas n\u00e3o \u00e9 o tempo dos procedimentos. Um procedimento, um concurso p\u00fablico, demora uma eternidade e o tempo das pessoas \u00e9 para hoje, \u00e9 para amanh\u00e3. Cri\u00e1mos um call centerpara estar mais pr\u00f3ximo, um portal de morador e, sobretudo, investimos muito em ferramentas inform\u00e1ticas, dentro da empresa, para dar mais qualidade a quem trabalha e responder com maior efici\u00eancia a quem necessita.<\/p>\n\n\n\n<p>Hoje h\u00e1 novas tecnologias que os pr\u00f3prios moradores acompanham. Temos uma parte de moradores mais idosos que n\u00e3o t\u00eam essa facilidade, mas tentamos tamb\u00e9m melhorar isso. E damos forma\u00e7\u00e3o a quem nos procura.<\/p>\n\n\n\n<p><strong>H\u00e1 projetos de efici\u00ea<\/strong><strong>ncia energ<\/strong><strong>\u00e9<\/strong><strong>tica ou sustentabilidade em curso nos bairros?<\/strong><strong><\/strong><\/p>\n\n\n\n<p>Existem. N\u00f3s procuramos construir com as novas tecnologias e com uma economia circular. Neste momento estamos a trabalhar num projeto inovador no \u201cLisboa Inova\u201d, o \u201cHelena\u201d, que vai trazer grandes benef\u00edcios energ\u00e9ticos, sobretudo aos nossos moradores. O combate \u00e0 pobreza energ\u00e9tica \u00e9 outra das nossas preocupa\u00e7\u00f5es.<\/p>\n\n\n<div class=\"uk-inline\"><img decoding=\"async\" src=\"https:\/\/cdn.xl.pt\/bs\/uploads\/sites\/214\/2025\/04\/PEC_3317-1200x630.jpg\" alt=\"Fernando Angleu, presidente do Conselho de Administra\u00e7\u00e3o da Gebalis\" loading=\"lazy\" \/><div class=\"uk-visible@s uk-overlay uk-overlay-default uk-position-bottom uk-padding-small uk-margin-bottom uk-text-left\">Fernando Angleu, presidente do Conselho de Administra\u00e7\u00e3o da Gebalis<\/div><\/div><p class=\"uk-hidden@s uk-text-small uk-text-muted uk-margin-small-top uk-margin-medium-bottom uk-text-left\">Fernando Angleu, presidente do Conselho de Administra\u00e7\u00e3o da Gebalis<\/p>\n\n\n<blockquote class=\"uk-margin-medium\"><span uk-icon=\"icon: quote-right; ratio: 4.0\"><\/span><h3 class=\"uk-margin-top uk-margin-small-bottom\">O vandalismo nos elevadores \u00e9 sobretudo um transtorno para quem vive nos bairros municipais. Muitas vezes, s\u00e3o pessoas com grande dificuldade de mobilidade, pessoas mais velhas\u2026 E n\u00f3s somos incapazes, por vezes, de dar resposta a tudo em tempo \u00fatil, porque se estamos a arranjar hoje e s\u00e3o estragados amanh\u00e3, n\u00e3o h\u00e1 manuten\u00e7\u00e3o que resista.<\/h3><footer><cite>Fernando Angleu, presidente do Conselho de Administra\u00e7\u00e3o da Gebalis<\/cite><\/footer><\/blockquote>\n\n\n\n<p><strong>A Gebalis tem estabelecido parcerias estrat\u00e9gicas com outras entidades p\u00fablico-privadas. Que papel podem ter essas parcerias no futuro da habita\u00e7\u00e3<\/strong><strong>o?<\/strong><strong><\/strong><\/p>\n\n\n\n<p>Temos as mais diversas parcerias. Por exemplo, temos com a Funda\u00e7\u00e3o Benfica, a \u201cCommunity Champions League\u201d, que \u00e9 mais do que um projeto de futebol, \u00e9 um projeto comunit\u00e1rio: tem mais pontos quem ajudar a comunidade do que o pr\u00f3prio jogo em si. Temos outros projetos com a Santa Casa de Miseric\u00f3rdia de Lisboa; lan\u00e7\u00e1mos duas Cl\u00ednicas do Bairro, este ano, com m\u00e9dicos, nutricionistas, enfermagem, nas quais j\u00e1 tivemos mais de 5 mil atos m\u00e9dicos e de enfermagem, em cerca de um ano, o que \u00e9 um sucesso.<\/p>\n\n\n\n<p><strong>Q<\/strong><strong>ue estrat<\/strong><strong>\u00e9<\/strong><strong>gias est\u00e3o a ser pensadas para responder \u00e0s necessidades habitacionais dos mais jovens?<\/strong><strong><\/strong><\/p>\n\n\n\n<p>A C\u00e2mara aprovou agora a nova Carta Municipal. Um dos desafios da Gebalis \u00e9 acompanhar o desenvolvimento dessa Carta Municipal: s\u00e3o mais de 7 mil fogos que v\u00e3o ser constru\u00eddos em Lisboa, uns p\u00fablicos, outros privados. Como o engenheiro Carlos Moedas disse, em tr\u00eas anos j\u00e1 ajudamos mais de 3500 fam\u00edlias, ou com casas que foram constru\u00eddas e reabilitadas ou com a ajuda \u00e0s fam\u00edlias no pagamento das rendas. Sabemos que o pre\u00e7o elevado da habita\u00e7\u00e3o \u00e9 incomport\u00e1vel para muitos e o papel p\u00fablico, quer da C\u00e2mara, quer da Gebalis, \u00e9 ajudar estas pessoas mais necessitadas. Queremos que muitos jovens fiquem em Lisboa e fazemos um apelo a que todos concorram \u00e0s rendas acess\u00edveis ou a outro tipo de projetos que a C\u00e2mara tem.<\/p>\n\n\n\n<p><strong>Que prioridades a Gebalis tem para os pr<\/strong><strong>\u00f3<\/strong><strong>ximos anos? <\/strong><strong><\/strong><\/p>\n\n\n\n<p>\u00c9 manter o ritmo de recupera\u00e7\u00e3o. Como \u00e9 \u00f3bvio, n\u00e3o \u00e9 necess\u00e1rio haver um investimento t\u00e3o grande nos pr\u00f3ximos anos nem de maneira t\u00e3o c\u00e9lere, mas n\u00e3o pode deixar de haver investimento.<\/p>\n\n\n\n<p><strong>C<\/strong><strong>omo<\/strong><strong> se garante que os investimentos feitos hoje v\u00e3o permitir uma gest\u00e3o sustent\u00e1vel no futuro?<\/strong><strong><\/strong><\/p>\n\n\n\n<p>Quando fazemos um planeamento para o investimento nas obras, tentamos que essas obras sejam duradouras. Este investimento t\u00e9rmico que estamos a fazer, por exemplo, tem as melhores pr\u00e1ticas, os melhores elementos de constru\u00e7\u00e3o. Porque, muitas vezes, depois h\u00e1 um custo de manuten\u00e7\u00e3o muito grande. E, num patrim\u00f3nio t\u00e3o vasto, \u00e9 mesmo enorme. Portanto, temos que construir bem para que seja duradouro.<\/p>\n\n\n\n<p><strong>Recebem feedback por parte dos moradores? Como <\/strong><strong>\u00e9 <\/strong><strong>a participa\u00e7\u00e3o ativa deles neste processo? <\/strong><strong><\/strong><\/p>\n\n\n\n<p>\u00c9 muito grande. Em 2024, tivemos 80 mil interven\u00e7\u00f5es telef\u00f3nicas ou por e-mail de pessoas que nos procuraram. Fizemos mais de 8 mil visitas domicili\u00e1rias. Com as novas tecnologias, as pessoas mais facilmente reclamam, mais facilmente nos procuram. O que \u00e9 bom. Se diminuirmos o tempo de resposta junto de quem precisa, j\u00e1 ficamos muito satisfeitos.<\/p>\n\n\n\n<p><strong>Os apoios comunit\u00e1rios s\u00e3<\/strong><strong>o suficientes?<\/strong><strong><\/strong><\/p>\n\n\n\n<p>S\u00e3o uma grande ajuda, mas precisamos tamb\u00e9m que haja investimento nacional. Esta nova pol\u00edtica p\u00fablica de recuperar 59 mil casas vem demonstrar essa vontade do pr\u00f3prio Governo. O pa\u00eds tem esse d\u00e9fice e h\u00e1 uma lista de espera muito grande. A especula\u00e7\u00e3o imobili\u00e1ria cresceu de tal maneira que, hoje, \u00e9 muito dif\u00edcil dar resposta a quem precisa. N\u00e3o h\u00e1 uma bala de prata para resolver este problema, mas todos em conjunto temos que procurar solu\u00e7\u00f5es. A quest\u00e3o fiscal tamb\u00e9m \u00e9 muito importante. Temos muitos edif\u00edcios devolutos do Estado, outros que eram da Defesa, por exemplo. H\u00e1 tantos, que podem ser recuperados e criar condi\u00e7\u00f5es para termos uma habita\u00e7\u00e3o mais f\u00e1cil, menos onerosa e sobretudo mais c\u00e9lebre para quem realmente necessita de habita\u00e7\u00e3o.<\/p>\n","protected":false},"excerpt":{"rendered":"<p>Em tr\u00eas anos, j\u00e1 foram investidos mais de 150 milh\u00f5es de euros na reabilita\u00e7\u00e3o da habita\u00e7\u00e3o municipal.<\/p>\n","protected":false},"author":29,"featured_media":268,"comment_status":"closed","ping_status":"closed","sticky":false,"template":"","format":"standard","meta":{"footnotes":""},"categories":[10],"tags":[],"class_list":["post-256","post","type-post","status-publish","format-standard","has-post-thumbnail","hentry","category-cobertura"],"_links":{"self":[{"href":"https:\/\/bs.xl.pt\/uma-casa-um-futuro\/wp-json\/wp\/v2\/posts\/256","targetHints":{"allow":["GET"]}}],"collection":[{"href":"https:\/\/bs.xl.pt\/uma-casa-um-futuro\/wp-json\/wp\/v2\/posts"}],"about":[{"href":"https:\/\/bs.xl.pt\/uma-casa-um-futuro\/wp-json\/wp\/v2\/types\/post"}],"author":[{"embeddable":true,"href":"https:\/\/bs.xl.pt\/uma-casa-um-futuro\/wp-json\/wp\/v2\/users\/29"}],"replies":[{"embeddable":true,"href":"https:\/\/bs.xl.pt\/uma-casa-um-futuro\/wp-json\/wp\/v2\/comments?post=256"}],"version-history":[{"count":3,"href":"https:\/\/bs.xl.pt\/uma-casa-um-futuro\/wp-json\/wp\/v2\/posts\/256\/revisions"}],"predecessor-version":[{"id":271,"href":"https:\/\/bs.xl.pt\/uma-casa-um-futuro\/wp-json\/wp\/v2\/posts\/256\/revisions\/271"}],"wp:featuredmedia":[{"embeddable":true,"href":"https:\/\/bs.xl.pt\/uma-casa-um-futuro\/wp-json\/wp\/v2\/media\/268"}],"wp:attachment":[{"href":"https:\/\/bs.xl.pt\/uma-casa-um-futuro\/wp-json\/wp\/v2\/media?parent=256"}],"wp:term":[{"taxonomy":"category","embeddable":true,"href":"https:\/\/bs.xl.pt\/uma-casa-um-futuro\/wp-json\/wp\/v2\/categories?post=256"},{"taxonomy":"post_tag","embeddable":true,"href":"https:\/\/bs.xl.pt\/uma-casa-um-futuro\/wp-json\/wp\/v2\/tags?post=256"}],"curies":[{"name":"wp","href":"https:\/\/api.w.org\/{rel}","templated":true}]}}