{"id":1000,"date":"2023-11-17T15:12:57","date_gmt":"2023-11-17T15:12:57","guid":{"rendered":"https:\/\/bs.xl.pt\/vida-sustentavel\/?p=1000"},"modified":"2024-01-02T10:03:54","modified_gmt":"2024-01-02T10:03:54","slug":"acessibilidade-a-via-para-uma-sociedade-mais-justa","status":"publish","type":"post","link":"https:\/\/bs.xl.pt\/vida-sustentavel\/diversidade-e-inclusao\/acessibilidade-a-via-para-uma-sociedade-mais-justa\/","title":{"rendered":"Acessibilidade: a via para uma sociedade mais justa?"},"content":{"rendered":"\n<div class=\"wp-block-group\"><div class=\"wp-block-group__inner-container is-layout-constrained wp-block-group-is-layout-constrained\">\n<p>Quando definimos <strong>acessibilidade<\/strong>, referimo-nos usualmente \u00e0 facilidade no acesso e obten\u00e7\u00e3o de algo. No entanto, acessibilidade refere-se tamb\u00e9m a um conjunto de qualidades que determinam a facilidade de acesso a um servi\u00e7o ou a um conjunto de instala\u00e7\u00f5es por todas as pessoas, incluindo Pessoas com mobilidade condicionada ou com defici\u00eancia.<\/p>\n\n\n\n<p>Atualmente, as acessibilidades (ou a falta delas) s\u00e3o <strong>um dos principais fatores de exclus\u00e3o social das Pessoas com defici\u00eancia.<\/strong> Isto \u00e9, apesar de existirem j\u00e1 progressos feitos em edif\u00edcios, espa\u00e7os p\u00fablicos, na obten\u00e7\u00e3o de informa\u00e7\u00e3o e utiliza\u00e7\u00e3o de equipamentos, continuam a existir in\u00fameros desafios para as Pessoas com defici\u00eancia, desafios esses que as impedem de se movimentarem e\/ou utilizarem os espa\u00e7os em igualdade de circunst\u00e2ncias.<\/p>\n\n\n\n<p><strong>As dimens\u00f5es da Acessibilidade<\/strong><\/p>\n\n\n\n<p>Ser\u00e1 que quando falamos de acessibilidade nos referimos \u00e0 exist\u00eancia de uma rampa ou um elevador? A verdade \u00e9 que a acessibilidade vai muito para al\u00e9m da acessibilidade f\u00edsica que estamos habituados a observar. Existem <strong>sete dimens\u00f5es da acessibilidade<\/strong>, que cobrem diferentes vertentes da vida das Pessoas com defici\u00eancia:<\/p>\n\n\n\n<ul class=\"wp-block-list\">\n<li><strong>Acessibilidade atitudinal<\/strong>: Diz respeito ao comportamento das pessoas sem preconceitos, estere\u00f3tipos, estigmas e discrimina\u00e7\u00e3o em rela\u00e7\u00e3o \u00e0s pessoas com defici\u00eancia;<\/li>\n\n\n\n<li><strong>Acessibilidade arquitet\u00f3nica<\/strong>: \u00c9 a adequa\u00e7\u00e3o de espa\u00e7os e \u00e0 elimina\u00e7\u00e3o de obst\u00e1culos f\u00edsicas e ambientais dentro de habita\u00e7\u00f5es, espa\u00e7os p\u00fablicos e privados, edif\u00edcios e equipamentos urbanos;<\/li>\n\n\n\n<li><strong>Acessibilidade comunicacional<\/strong>: refere-se ao acesso \u00e0 comunica\u00e7\u00e3o interpessoal (como L\u00edngua Gestual Portuguesa), comunica\u00e7\u00e3o escrita em livros, apontamentos, jornais, revistas e comunica\u00e7\u00e3o virtual (como sites, redes sociais, etc.);<\/li>\n\n\n\n<li><strong>Acessibilidade instrumental<\/strong>: Diz respeito \u00e0 disponibiliza\u00e7\u00e3o de instrumentos, utens\u00edlios e ferramentas de estudo, trabalho, recrea\u00e7\u00e3o e lazer que possam ser utilizados pelas Pessoas com necessidades especificas;<\/li>\n\n\n\n<li><strong>Acessibilidade metodol\u00f3gica<\/strong>: refere-se \u00e0 supera\u00e7\u00e3o de barreiras nas metodologias de ensino, trabalho, recrea\u00e7\u00e3o e lazer, adaptando-as \u00e0s caracter\u00edsticas e potencialidades de todas as Pessoas;<\/li>\n\n\n\n<li><strong>Acessibilidade natural<\/strong>: \u00c9 a elimina\u00e7\u00e3o de barreiras da pr\u00f3pria natureza, como vegeta\u00e7\u00e3o irregular, cal\u00e7adas repletas de \u00e1rvores, etc., que dificultam a locomo\u00e7\u00e3o e a participa\u00e7\u00e3o de todas as Pessoas;<\/li>\n\n\n\n<li><strong>Acessibilidade program\u00e1tica<\/strong>: refere-se \u00e0s normas, leis e regimentos que respeitam e atendem as necessidades das pessoas com defici\u00eancia, e se necess\u00e1rio, utilizar adapta\u00e7\u00f5es razo\u00e1veis para incluir todas as Pessoas.<\/li>\n<\/ul>\n<\/div><\/div>\n\n\n\n<div class=\"wp-block-group\"><div class=\"wp-block-group__inner-container is-layout-constrained wp-block-group-is-layout-constrained\">\n<h2 class=\"wp-block-heading\"><strong>A falta de acessibilidades em todas as suas dimens\u00f5es, constitui uma forma de capacitismo.<\/strong><\/h2>\n\n\n\n<p>O <strong>capacitismo<\/strong> \u00e9 um conceito que descreve a discrimina\u00e7\u00e3o e o preconceito em rela\u00e7\u00e3o a Pessoas com defici\u00eancia. Podemos observar diferentes manifesta\u00e7\u00f5es do mesmo na Sociedade, desde excluir Pessoas com defici\u00eancia de oportunidades educacionais, de empregos, cuidados de sa\u00fade, participa\u00e7\u00e3o em atividades sociais e\/ou culturais. Por exemplo, num cen\u00e1rio pr\u00e1tico, um arquiteto que projete um espa\u00e7o sem ter em considera\u00e7\u00e3o as acessibilidades necess\u00e1rias, est\u00e1 a incorrer numa pr\u00e1tica de discrimina\u00e7\u00e3o decorrente do capacitismo.<\/p>\n<\/div><\/div>\n\n\n\n<div class=\"wp-block-group\"><div class=\"wp-block-group__inner-container is-layout-constrained wp-block-group-is-layout-constrained\">\n<h2 class=\"wp-block-heading\"><strong>E ser\u00e1 que um espa\u00e7o acess\u00edvel \u00e9 um espa\u00e7o inclusivo?<\/strong><\/h2>\n\n\n\n<p>Quando abordamos o conceito de inclus\u00e3o, ele vai al\u00e9m da acessibilidade pois significa reconhecer e valorizar a diversidade humana, respeitando as diferen\u00e7as e promovendo a igualdade de oportunidades para todas as Pessoas. Mas a verdade \u00e9 que um ambiente acess\u00edvel pode n\u00e3o ser inclusivo, se n\u00e3o se adaptar \u00e0s caracter\u00edsticas e potencialidades de cada pessoa. Al\u00e9m disso, quando n\u00e3o garantirmos os 3 pilares essenciais da acessibilidade <strong>&#8211; conforto, seguran\u00e7a e autonomia &#8211;<\/strong> deixamos de ter um ambiente verdadeiramente inclusivo. Por exemplo, um local pode ter recursos de acessibilidade f\u00edsica como elevadores, rampas, sinaliza\u00e7\u00e3o, mas n\u00e3o oferecer oportunidade de participa\u00e7\u00e3o, aprendizagem, trabalho ou lazer, ou n\u00e3o que permitiam a autonomia da Pessoa. Por isso \u00e9 importante envolver todas as Pessoas no processo de constru\u00e7\u00e3o de um ambiente acess\u00edvel e inclusivo, por forma a garantir que o mesmo atenda \u00e0s necessidades de todas as Pessoas.<\/p>\n\n\n\n<p>Desta forma, ao garantirmos um ambiente acess\u00edvel e inclusivo, beneficiamos n\u00e3o s\u00f3 as Pessoas com defici\u00eancia, como <strong>toda a Sociedade<\/strong>, atingindo assim a <strong>acessibilidade universal e uma sociedade inclusiva<\/strong>.<\/p>\n\n\n\n<p>Al\u00e9m disso \u00e9 importante refletir que a acessibilidade \u00e9 mais do que cumprir regulamenta\u00e7\u00f5es. Ela faz uma contribui\u00e7\u00e3o significativa para uma <strong>Sociedade mais justa<\/strong>, onde cada Pessoa pode participar plenamente na vida social, econ\u00f3mica e cultural do pa\u00eds. \u00c9 uma forma de nos lembrarmos que a inclus\u00e3o \u00e9 um direito fundamental e que devemos continuar a trabalhar para ultrapassar barreiras e preconceitos e que cada um de n\u00f3s pode ser um agente da mudan\u00e7a para um Portugal sem barreiras.<\/p>\n<\/div><\/div>\n","protected":false},"excerpt":{"rendered":"<p>A acessibilidade e a inclus\u00e3o s\u00e3o conceitos essenciais no que se refere a garantir os direitos e a participa\u00e7\u00e3o das Pessoas com defici\u00eancia na Sociedade. Mas ser\u00e1 que estes conceitos conseguem existir em separado?<\/p>\n","protected":false},"author":29,"featured_media":1003,"comment_status":"closed","ping_status":"open","sticky":false,"template":"","format":"standard","meta":{"footnotes":""},"categories":[5],"tags":[128,50],"class_list":["post-1000","post","type-post","status-publish","format-standard","has-post-thumbnail","hentry","category-diversidade-e-inclusao","tag-diversidade-e-inclusao","tag-grupo-ageas-portugal"],"_links":{"self":[{"href":"https:\/\/bs.xl.pt\/vida-sustentavel\/wp-json\/wp\/v2\/posts\/1000","targetHints":{"allow":["GET"]}}],"collection":[{"href":"https:\/\/bs.xl.pt\/vida-sustentavel\/wp-json\/wp\/v2\/posts"}],"about":[{"href":"https:\/\/bs.xl.pt\/vida-sustentavel\/wp-json\/wp\/v2\/types\/post"}],"author":[{"embeddable":true,"href":"https:\/\/bs.xl.pt\/vida-sustentavel\/wp-json\/wp\/v2\/users\/29"}],"replies":[{"embeddable":true,"href":"https:\/\/bs.xl.pt\/vida-sustentavel\/wp-json\/wp\/v2\/comments?post=1000"}],"version-history":[{"count":1,"href":"https:\/\/bs.xl.pt\/vida-sustentavel\/wp-json\/wp\/v2\/posts\/1000\/revisions"}],"predecessor-version":[{"id":1006,"href":"https:\/\/bs.xl.pt\/vida-sustentavel\/wp-json\/wp\/v2\/posts\/1000\/revisions\/1006"}],"wp:featuredmedia":[{"embeddable":true,"href":"https:\/\/bs.xl.pt\/vida-sustentavel\/wp-json\/wp\/v2\/media\/1003"}],"wp:attachment":[{"href":"https:\/\/bs.xl.pt\/vida-sustentavel\/wp-json\/wp\/v2\/media?parent=1000"}],"wp:term":[{"taxonomy":"category","embeddable":true,"href":"https:\/\/bs.xl.pt\/vida-sustentavel\/wp-json\/wp\/v2\/categories?post=1000"},{"taxonomy":"post_tag","embeddable":true,"href":"https:\/\/bs.xl.pt\/vida-sustentavel\/wp-json\/wp\/v2\/tags?post=1000"}],"curies":[{"name":"wp","href":"https:\/\/api.w.org\/{rel}","templated":true}]}}