{"id":161,"date":"2021-11-15T16:59:01","date_gmt":"2021-11-15T16:59:01","guid":{"rendered":"http:\/\/bs.xl.pt\/vida-sustentavel\/?p=161"},"modified":"2024-01-02T10:04:10","modified_gmt":"2024-01-02T10:04:10","slug":"steven-braekeveldt-ceo-do-grupo-ageas-portugal-fala-dos-desafios-que-a-sustentabilidade-coloca-a-sociedade","status":"publish","type":"post","link":"https:\/\/bs.xl.pt\/vida-sustentavel\/alteracoes-climaticas\/steven-braekeveldt-ceo-do-grupo-ageas-portugal-fala-dos-desafios-que-a-sustentabilidade-coloca-a-sociedade\/","title":{"rendered":"Steven Braekeveldt, CEO do Grupo Ageas Portugal, fala dos desafios que a sustentabilidade coloca \u00e0 sociedade"},"content":{"rendered":"\n<p>Mas para o solucionar \u00e9 necess\u00e1rio agir e a a\u00e7\u00e3o s\u00f3 \u00e9 poss\u00edvel de se desenvolver se as pessoas tiverem conhecimento do que est\u00e1 em causa. A mudan\u00e7a de mentalidades e de h\u00e1bitos de consumo \u00e9 talvez o processo mais complicado que a humanidade enfrenta.<\/p>\n\n\n<div class=\"uk-margin-medium\"><iframe src=\"https:\/\/players.brightcove.net\/6108484330001\/kAtzSWivK_default\/index.html?videoId=6282097587001\" allowfullscreen=\"\" allow=\"encrypted-media\" width=\"1280\" height=\"720\" data-uk-responsive loading=\"lazy\" title=\"\"><\/iframe><\/div>\n","protected":false},"excerpt":{"rendered":"<p>Neste v\u00eddeo gravado pelo BCSD Portugal no \u00e2mbito da sua confer\u00eancia anual, o CEO do Grupo Ageas Portugal, Steven Braekeveldt, fala de como a sustentabilidade \u00e9 um problema global, que todos temos de o solucionar de forma colaborativa.<\/p>\n","protected":false},"author":23,"featured_media":173,"comment_status":"closed","ping_status":"open","sticky":false,"template":"","format":"standard","meta":{"footnotes":""},"categories":[2],"tags":[56,50,47,53],"class_list":["post-161","post","type-post","status-publish","format-standard","has-post-thumbnail","hentry","category-alteracoes-climaticas","tag-bcsd-portugal","tag-grupo-ageas-portugal","tag-steven-braekeveldt","tag-sustentabilidade"],"_links":{"self":[{"href":"https:\/\/bs.xl.pt\/vida-sustentavel\/wp-json\/wp\/v2\/posts\/161","targetHints":{"allow":["GET"]}}],"collection":[{"href":"https:\/\/bs.xl.pt\/vida-sustentavel\/wp-json\/wp\/v2\/posts"}],"about":[{"href":"https:\/\/bs.xl.pt\/vida-sustentavel\/wp-json\/wp\/v2\/types\/post"}],"author":[{"embeddable":true,"href":"https:\/\/bs.xl.pt\/vida-sustentavel\/wp-json\/wp\/v2\/users\/23"}],"replies":[{"embeddable":true,"href":"https:\/\/bs.xl.pt\/vida-sustentavel\/wp-json\/wp\/v2\/comments?post=161"}],"version-history":[{"count":8,"href":"https:\/\/bs.xl.pt\/vida-sustentavel\/wp-json\/wp\/v2\/posts\/161\/revisions"}],"predecessor-version":[{"id":215,"href":"https:\/\/bs.xl.pt\/vida-sustentavel\/wp-json\/wp\/v2\/posts\/161\/revisions\/215"}],"wp:featuredmedia":[{"embeddable":true,"href":"https:\/\/bs.xl.pt\/vida-sustentavel\/wp-json\/wp\/v2\/media\/173"}],"wp:attachment":[{"href":"https:\/\/bs.xl.pt\/vida-sustentavel\/wp-json\/wp\/v2\/media?parent=161"}],"wp:term":[{"taxonomy":"category","embeddable":true,"href":"https:\/\/bs.xl.pt\/vida-sustentavel\/wp-json\/wp\/v2\/categories?post=161"},{"taxonomy":"post_tag","embeddable":true,"href":"https:\/\/bs.xl.pt\/vida-sustentavel\/wp-json\/wp\/v2\/tags?post=161"}],"curies":[{"name":"wp","href":"https:\/\/api.w.org\/{rel}","templated":true}]}}