{"id":898,"date":"2023-10-27T16:52:30","date_gmt":"2023-10-27T15:52:30","guid":{"rendered":"https:\/\/bs.xl.pt\/vida-sustentavel\/?p=898"},"modified":"2024-01-02T10:03:55","modified_gmt":"2024-01-02T10:03:55","slug":"a-saude-das-mulheres-um-potencial-a-alcancar","status":"publish","type":"post","link":"https:\/\/bs.xl.pt\/vida-sustentavel\/diversidade-e-inclusao\/a-saude-das-mulheres-um-potencial-a-alcancar\/","title":{"rendered":"A sa\u00fade das mulheres, um potencial a alcan\u00e7ar"},"content":{"rendered":"\n<p>A sa\u00fade \u00e9 um direito humano fundamental e uma condi\u00e7\u00e3o para o desenvolvimento sustent\u00e1vel. Mesmo com o progresso nas \u00faltimas d\u00e9cadas com novas descobertas cient\u00edficas e constante evolu\u00e7\u00e3o e otimiza\u00e7\u00e3o, existem ainda muitas disparidades e desafios que afetam a sa\u00fade e o bem-estar das mulheres em todo o mundo, provocados pelo contexto social, cultural, econ\u00f3mico ou pol\u00edtico, que at\u00e9 podem variar conforme as diferentes fases do ciclo de vida das mulheres.<\/p>\n\n\n\n<p>De forma a contribuir para o debate e conhecimento sobre a sa\u00fade das mulheres em Portugal, a M\u00e9dis realizou o estudo \u201cA Sa\u00fade das Mulheres, um potencial a alcan\u00e7ar\u201d, desenvolvido pela Return On Ideas e sob coordena\u00e7\u00e3o cient\u00edfica do Prof. Dr. Miguel Oliveira da Silva, que chegou \u00e0 conclus\u00e3o de que 53% das mulheres t\u00eam pelo menos uma doen\u00e7a diagnosticada e 21% vivem mesmo com mais de duas doen\u00e7as. Em compara\u00e7\u00e3o, os homens ficam-se pelos 50% e 11%, respetivamente. E quando abordamos a doen\u00e7a mental, a diferen\u00e7a entre os g\u00e9neros agrava-se: 16% das mulheres t\u00eam uma doen\u00e7a diagnosticada vs. 6% nos homens.<\/p>\n\n\n\n<p>Estes dados confirmam o contrassenso de que, apesar de maior esperan\u00e7a de vida e cuidado consigo mesmas, as mulheres t\u00eam pior sa\u00fade f\u00edsica e mental do que os homens. Incoer\u00eancia esta que foi observada em 2021, no estudo \u201cA sa\u00fade dos Portugueses &#8211; um BI em nome pr\u00f3prio\u201d, que faz tamb\u00e9m parte do <a href=\"http:\/\/www.saudes.pt\">Sa\u00fa<\/a><a href=\"http:\/\/www.saudes.pt\/\" data-type=\"URL\" data-id=\"http:\/\/www.saudes.pt\/\" target=\"_blank\" rel=\"noreferrer noopener\">des<\/a>, um projeto cujo objetivo \u00e9 contribuir para a produ\u00e7\u00e3o de conhecimento, a reflex\u00e3o e o debate p\u00fablico em torno da sa\u00fade.<\/p>\n\n\n\n<p>Este estudo tem dois objetivos: por um lado, perceber melhor as vari\u00e1veis objetivas e subjetivas que podem elucidar o diferencial de sa\u00fade entre os g\u00e9neros e, por outro, compreender o que pode estar a contribuir para t\u00e3o pouca ambi\u00e7\u00e3o quando se trata da sa\u00fade e bem-estar das mulheres, especialmente entre as pr\u00f3prias. A inten\u00e7\u00e3o n\u00e3o \u00e9 mapear a sa\u00fade das mulheres portuguesas at\u00e9 \u00e0 data, nem compreender quaisquer desafios espec\u00edficos de sa\u00fade, mas fornecer uma vis\u00e3o geral da sa\u00fade das mulheres ao longo da vida.<\/p>\n\n\n\n<p>O objetivo desta abordagem \u00e9 identificar as situa\u00e7\u00f5es em que as mulheres (por serem mulheres) tendem a sentir-se mais fragilizadas, compreender os fatores que mais influenciam essas fontes de desconforto e propor espa\u00e7os de atua\u00e7\u00e3o para melhorar o seu bem-estar.<\/p>\n\n\n\n<p>Al\u00e9m do d\u00e9fice em rela\u00e7\u00e3o \u00e0 doen\u00e7a, esta investiga\u00e7\u00e3o foca-se ainda em v\u00e1rios indicadores no que se refere \u00e0 dor, sa\u00fade e bem-estar, e em todos os casos, as mulheres encontram-se pior do que os homens. 31% de mulheres, vs. 19% de homens, acusam dor intensa, muito intensa ou insuport\u00e1vel. Em muitos casos, nota-se uma normaliza\u00e7\u00e3o e aceita\u00e7\u00e3o da dor, em que muitas queixas de dor parecem estar a ser ignoradas e\/ou indevidamente tratadas.<\/p>\n\n\n\n<p>No que toca \u00e0 avalia\u00e7\u00e3o do estado de sa\u00fade das mulheres, numa escala de 1 a 10, a sua classifica\u00e7\u00e3o obtida foi de 6.8, enquanto nos homens o valor situa-se nos 7.4. Ainda sobre esta tem\u00e1tica, 23% das mulheres consideram-se pouco saud\u00e1veis e na faixa et\u00e1ria dos 40+ esta percentagem sobe para os 25%, vs. 13% dos homens com a mesma idade.<\/p>\n\n\n\n<p>No bem-estar, o desequil\u00edbrio n\u00e3o se altera. Mais de metade das mulheres mostram um n\u00edvel de bem-estar baixo ou muito baixo (59% das mulheres vs. 50% dos homens) e 73% afirmam sentir ansiedade.<\/p>\n\n\n\n<h2 class=\"wp-block-heading\">As quatro bolsas de mal-estar e as for\u00e7as propulsoras da mudan\u00e7a<\/h2>\n\n\n\n<p>No estudo, foram identificadas quatro bolsas de mal-estar que afetam as mulheres: menstrua\u00e7\u00e3o, gravidez, menopausa e a rela\u00e7\u00e3o. Embora estas bolsas de mal-estar possam ser explicadas pela biologia, fisionomia e a pr\u00f3pria hist\u00f3ria, o estudo revela como a falta de informa\u00e7\u00e3o, de consci\u00eancia e, principalmente, a normaliza\u00e7\u00e3o do \u201cn\u00e3o estar bem\u201d pioram o problema e contribuem para a desigualdade na sa\u00fade e bem-estar que se verifica entre os g\u00e9neros. \u201cO facto de estarem sujeitas a um ciclo de vida mais acidentado (porque reprodutivo) do que os homens, n\u00e3o quer dizer que, necessariamente, as mulheres tenham de se acomodar ao desconforto e normaliza\u00e7\u00e3o do sofrimento, como se de uma fatalidade, de uma inevitabilidade se tratasse\u201d, afirma o respons\u00e1vel cient\u00edfico do estudo e professor catedr\u00e1tico de Medicina, Dr. Miguel Oliveira da Silva.<\/p>\n\n\n\n<p>Apesar de n\u00e3o existir ainda igualdade de g\u00e9nero na rela\u00e7\u00e3o e conhecimento da sa\u00fade e bem-estar de ambos os g\u00e9neros, de os d\u00e9fices face aos homens serem evidentes, e de a sa\u00fade e o bem-estar das mulheres ficar genericamente aqu\u00e9m do que \u00e9 poss\u00edvel e desej\u00e1vel, j\u00e1 se nota um despertar da consci\u00eancia e algumas for\u00e7as come\u00e7am a promover a mudan\u00e7a. O estudo defende que gra\u00e7as a um maior conhecimento e consciencializa\u00e7\u00e3o, as mulheres podem chegar a um novo paradigma na sua sa\u00fade e bem-estar, sendo este o principal ponto que se deve alterar. Via dados e conhecimento produzidos, quer-se provocar a discuss\u00e3o e acelerar a a\u00e7\u00e3o, e assim contribuir para alcan\u00e7ar o potencial de bem-estar ambicionado.<\/p>\n\n\n\n<p>Sabe mais sobre o estudo Sa\u00fades aqui: <a href=\"https:\/\/www.saudes.pt\/homepage\" target=\"_blank\" rel=\"noreferrer noopener\">https:\/\/www.saudes.pt\/<\/a><\/p>\n","protected":false},"excerpt":{"rendered":"<p>A sa\u00fade das mulheres \u00e9 um tema que merece aten\u00e7\u00e3o e reflex\u00e3o, especialmente num pa\u00eds onde apenas 12% das mulheres t\u00eam um alto n\u00edvel de sa\u00fade e bem-estar mental.<\/p>\n","protected":false},"author":29,"featured_media":949,"comment_status":"closed","ping_status":"open","sticky":false,"template":"","format":"standard","meta":{"footnotes":""},"categories":[5],"tags":[337,50,331,334],"class_list":["post-898","post","type-post","status-publish","format-standard","has-post-thumbnail","hentry","category-diversidade-e-inclusao","tag-direiro-humano","tag-grupo-ageas-portugal","tag-mulheres","tag-saude-das-mulheres"],"_links":{"self":[{"href":"https:\/\/bs.xl.pt\/vida-sustentavel\/wp-json\/wp\/v2\/posts\/898","targetHints":{"allow":["GET"]}}],"collection":[{"href":"https:\/\/bs.xl.pt\/vida-sustentavel\/wp-json\/wp\/v2\/posts"}],"about":[{"href":"https:\/\/bs.xl.pt\/vida-sustentavel\/wp-json\/wp\/v2\/types\/post"}],"author":[{"embeddable":true,"href":"https:\/\/bs.xl.pt\/vida-sustentavel\/wp-json\/wp\/v2\/users\/29"}],"replies":[{"embeddable":true,"href":"https:\/\/bs.xl.pt\/vida-sustentavel\/wp-json\/wp\/v2\/comments?post=898"}],"version-history":[{"count":1,"href":"https:\/\/bs.xl.pt\/vida-sustentavel\/wp-json\/wp\/v2\/posts\/898\/revisions"}],"predecessor-version":[{"id":904,"href":"https:\/\/bs.xl.pt\/vida-sustentavel\/wp-json\/wp\/v2\/posts\/898\/revisions\/904"}],"wp:featuredmedia":[{"embeddable":true,"href":"https:\/\/bs.xl.pt\/vida-sustentavel\/wp-json\/wp\/v2\/media\/949"}],"wp:attachment":[{"href":"https:\/\/bs.xl.pt\/vida-sustentavel\/wp-json\/wp\/v2\/media?parent=898"}],"wp:term":[{"taxonomy":"category","embeddable":true,"href":"https:\/\/bs.xl.pt\/vida-sustentavel\/wp-json\/wp\/v2\/categories?post=898"},{"taxonomy":"post_tag","embeddable":true,"href":"https:\/\/bs.xl.pt\/vida-sustentavel\/wp-json\/wp\/v2\/tags?post=898"}],"curies":[{"name":"wp","href":"https:\/\/api.w.org\/{rel}","templated":true}]}}